{"id":625956,"date":"2025-12-27T22:18:13","date_gmt":"2025-12-27T22:18:13","guid":{"rendered":"https:\/\/www.europesays.com\/fr\/625956\/"},"modified":"2025-12-27T22:18:13","modified_gmt":"2025-12-27T22:18:13","slug":"boum-du-31-by-le-makeda-31-12-2025-marseille-2","status":"publish","type":"post","link":"https:\/\/www.europesays.com\/fr\/625956\/","title":{"rendered":"Boum du 31 by Le Makeda &#8211; 31\/12\/2025 &#8211; Marseille"},"content":{"rendered":"<p>Cette ann\u00e9e, le Makeda vous ouvre ses portes pour une nuit d\u2019exception ! Pr\u00e9parez-vous \u00e0 c\u00e9l\u00e9brer le passage en 2026 comme il se doit, dans une ambiance chaleureuse et festive !<\/p>\n<p>&#13;<\/p>\n<p><strong>DJ Asli, Deejay AP et DJ Boine,<\/strong> vous feront voyager des ann\u00e9es 1980 \u00e0 2026 avec une s\u00e9lection entre classiques intemporels, p\u00e9pites oubli\u00e9es et rythmes plus r\u00e9cents. Pour briller de mille feux sur le dancefloor, glissez-vous dans le dress code Chic et Fun et choisissez votre d\u00e9cennie, des ann\u00e9es 80 \u00e0 2020. Couleurs, glamour, modernit\u00e9, venez avec votre meilleure tenue et plongez dans une ambiance scintillante faite de paillettes, de rideaux de fils et d\u2019une d\u00e9coration lumineuse !<\/p>\n<p>&#13;<\/p>\n<p>Pour bien commencer la soir\u00e9e, toute arriv\u00e9e avant minuit vous offre un cocktail ainsi qu\u2019un ticket de tombola pour tenter de d\u00e9crocher le pr\u00e9cieux Ticket d\u2019or ! Un photomaton sp\u00e9cialement brand\u00e9 sera l\u00e0 pour capturer vos looks flamboyants de cette soir\u00e9e inoubliable !<\/p>\n<p>&#13;<\/p>\n<p data-start=\"3841\" data-end=\"3906\">103 rue Ferrari, Marseille<br data-start=\"3870\" data-end=\"3873\"\/>\u00a0Pr\u00e9vente 30 \u20ac \/ Sur place 38 \u20ac<\/p>\n<p>&#13;<\/p>\n<p data-start=\"3841\" data-end=\"3906\"><a href=\"https:\/\/shotgun.live\/fr\/events\/la-boum-du-31-makeda\" target=\"_blank\" rel=\"noopener\">R\u00e9server<\/a><\/p>\n<p>&#13;<br \/>\nO\u00f9 passer la soir\u00e9e du R\u00e9veillon \u00e0 Marseille ? Notre s\u00e9lection&#8230;&#13;<\/p>\n","protected":false},"excerpt":{"rendered":"Cette ann\u00e9e, le Makeda vous ouvre ses portes pour une nuit d\u2019exception ! Pr\u00e9parez-vous \u00e0 c\u00e9l\u00e9brer le passage&hellip;\n","protected":false},"author":2,"featured_media":620731,"comment_status":"","ping_status":"","sticky":false,"template":"","format":"standard","meta":{"footnotes":""},"categories":[2814],"tags":[1111,11,1777,674,1011,27,884,12,882,25],"class_list":{"0":"post-625956","1":"post","2":"type-post","3":"status-publish","4":"format-standard","5":"has-post-thumbnail","7":"category-marseille","8":"tag-actu","9":"tag-actualites","10":"tag-eu","11":"tag-europe","12":"tag-fr","13":"tag-france","14":"tag-marseille","15":"tag-news","16":"tag-provence-alpes-cote-dazur","17":"tag-republique-francaise"},"share_on_mastodon":{"url":"https:\/\/pubeurope.com\/@fr\/115793854750387809","error":""},"_links":{"self":[{"href":"https:\/\/www.europesays.com\/fr\/wp-json\/wp\/v2\/posts\/625956","targetHints":{"allow":["GET"]}}],"collection":[{"href":"https:\/\/www.europesays.com\/fr\/wp-json\/wp\/v2\/posts"}],"about":[{"href":"https:\/\/www.europesays.com\/fr\/wp-json\/wp\/v2\/types\/post"}],"author":[{"embeddable":true,"href":"https:\/\/www.europesays.com\/fr\/wp-json\/wp\/v2\/users\/2"}],"replies":[{"embeddable":true,"href":"https:\/\/www.europesays.com\/fr\/wp-json\/wp\/v2\/comments?post=625956"}],"version-history":[{"count":0,"href":"https:\/\/www.europesays.com\/fr\/wp-json\/wp\/v2\/posts\/625956\/revisions"}],"wp:featuredmedia":[{"embeddable":true,"href":"https:\/\/www.europesays.com\/fr\/wp-json\/wp\/v2\/media\/620731"}],"wp:attachment":[{"href":"https:\/\/www.europesays.com\/fr\/wp-json\/wp\/v2\/media?parent=625956"}],"wp:term":[{"taxonomy":"category","embeddable":true,"href":"https:\/\/www.europesays.com\/fr\/wp-json\/wp\/v2\/categories?post=625956"},{"taxonomy":"post_tag","embeddable":true,"href":"https:\/\/www.europesays.com\/fr\/wp-json\/wp\/v2\/tags?post=625956"}],"curies":[{"name":"wp","href":"https:\/\/api.w.org\/{rel}","templated":true}]}}