{"id":625957,"date":"2025-12-27T22:19:19","date_gmt":"2025-12-27T22:19:19","guid":{"rendered":"https:\/\/www.europesays.com\/fr\/625957\/"},"modified":"2025-12-27T22:19:19","modified_gmt":"2025-12-27T22:19:19","slug":"mercato-om-marseille-avance-sur-une-doublure-de-greenwood","status":"publish","type":"post","link":"https:\/\/www.europesays.com\/fr\/625957\/","title":{"rendered":"Mercato OM : Marseille avance sur une doublure de Greenwood"},"content":{"rendered":"<p>Greenwood, un cadre sans r\u00e9elle rotation<\/p>\n<p><a class=\"transfer-icon\" href=\"https:\/\/www.lephoceen.fr\/infos-om\/mercato\/mercato-om-explication-des-feux-verts-pour-les-depeches-mercato-203957\" data-icon=\"nonofficial2\" target=\"_blank\" rel=\"noopener\"><img decoding=\"async\" style=\"display:inline-flex\" src=\"https:\/\/www.europesays.com\/fr\/wp-content\/uploads\/2025\/05\/nonofficiel2.png\"\/><\/a>Depuis son arriv\u00e9e \u00e0 l\u2019\u00e9t\u00e9 2024, <strong>Mason Greenwood<\/strong> s\u2019est impos\u00e9 comme l\u2019un des \u00e9l\u00e9ments offensifs majeurs de l\u2019<strong>Olympique de Marseille<\/strong>. \u00c0 24 ans, l\u2019ailier anglais encha\u00eene les performances et assume une part importante de l\u2019animation offensive sur le c\u00f4t\u00e9 droit. Avec quinze buts et quatre passes d\u00e9cisives cette saison, son influence est constante, mais elle pose aussi la question de sa gestion sur la dur\u00e9e.<\/p>\n<p>Dans l\u2019effectif actuel, aucune solution ne permet de le remplacer poste pour poste. <strong>Timothy Weah<\/strong>, recrut\u00e9 pour 17 M\u20ac bonus compris, est principalement utilis\u00e9 dans un r\u00f4le d\u00e9fensif \u00e0 droite ou ponctuellement plus haut \u00e0 gauche. De son c\u00f4t\u00e9, <strong>Hamed Junior Traore<\/strong> n\u2019a disput\u00e9 que 86 minutes cette saison, frein\u00e9 par des p\u00e9pins physiques, ce qui limite fortement sa capacit\u00e9 \u00e0 assurer une rotation cr\u00e9dible.<\/p>\n<p>Marseille anticipe pour s\u00e9curiser son couloir droit<\/p>\n<p>Face \u00e0 ce constat, le club marseillais souhaite \u00e9viter de d\u00e9pendre d\u2019un seul joueur sur un secteur devenu cl\u00e9 dans le projet de <strong>Roberto De Zerbi<\/strong>. En interne, l\u2019id\u00e9e est claire : Greenwood ne peut pas encha\u00eener tous les matches sans solution de repli fiable, et l\u2019OM pr\u00e9f\u00e8re anticiper plut\u00f4t que subir une \u00e9ventuelle usure.<\/p>\n<p>Andr\u00e9 Luiz, une piste suivie au Portugal<\/p>\n<p>Selon Goal, les recruteurs olympiens ont \u00e9largi leur champ de prospection jusqu\u2019\u00e0 la <strong>Liga Portugal<\/strong>. Le nom d\u2019<strong>Andre Luiz<\/strong> ressort avec insistance. L\u2019ailier br\u00e9silien de <strong>Rio Ave<\/strong> affiche cinq buts et six passes d\u00e9cisives en seize rencontres, des statistiques qui ont attir\u00e9 l\u2019attention des d\u00e9cideurs marseillais.<\/p>\n<p>Le profil du joueur est appr\u00e9ci\u00e9 pour sa capacit\u00e9 \u00e0 provoquer balle au pied, \u00e0 porter le ballon et \u00e0 casser les lignes par ses courses. Un style diff\u00e9rent de Greenwood, mais jug\u00e9 compl\u00e9mentaire. Des observateurs de l\u2019OM se seraient r\u00e9cemment d\u00e9plac\u00e9s pour suivre ses prestations, avec l\u2019aval de De Zerbi.<\/p>\n<p>Un dossier sous surveillance europ\u00e9enne<\/p>\n<p>La piste n\u2019est toutefois pas exclusive. Le <strong>Bayer Leverkusen<\/strong> surveille \u00e9galement Andre Luiz et pourrait se positionner, ce qui complique potentiellement le dossier. Autre param\u00e8tre important : le joueur appartient au groupe d\u2019<strong>Evangelos Marinakis<\/strong>, propri\u00e9taire de Nottingham Forest et de Rio Ave.<\/p>\n<p>Arriv\u00e9 au Portugal en janvier 2025 pour 2,2 M\u20ac, le Br\u00e9silien est sous contrat jusqu\u2019en juin 2029. \u00c9valu\u00e9 \u00e0 4 M\u20ac par Transfermarkt, son prix r\u00e9el reste difficile \u00e0 estimer, d\u2019autant qu\u2019une vente rapide ne semble pas prioritaire c\u00f4t\u00e9 portugais. Pour l\u2019OM, le dossier est lanc\u00e9, mais la concurrence pourrait peser lourd dans la balance.<\/p>\n<p>Notre r\u00f4le, c\u2019est de vous faciliter la vie : on rassemble un max d\u2019infos sur l\u2019OM au m\u00eame endroit, m\u00eame quand les sources se contredisent. Oui, \u00e7a arrive, mais c\u2019est le jeu du mercato et de l\u2019info en continu.<br \/>\nCe qu\u2019on veut, c\u2019est que vous ne manquiez rien sur notre club de c\u0153ur. Et comme aimer l\u2019OM, c\u2019est aussi aimer le foot, on vous relaye chaque jour l\u2019essentiel de ce sport qui nous fait vibrer.<\/p>\n","protected":false},"excerpt":{"rendered":"Greenwood, un cadre sans r\u00e9elle rotation Depuis son arriv\u00e9e \u00e0 l\u2019\u00e9t\u00e9 2024, Mason Greenwood s\u2019est impos\u00e9 comme l\u2019un&hellip;\n","protected":false},"author":2,"featured_media":113003,"comment_status":"","ping_status":"","sticky":false,"template":"","format":"standard","meta":{"footnotes":""},"categories":[2814],"tags":[1111,11,1777,674,1011,27,884,12,882,25],"class_list":{"0":"post-625957","1":"post","2":"type-post","3":"status-publish","4":"format-standard","5":"has-post-thumbnail","7":"category-marseille","8":"tag-actu","9":"tag-actualites","10":"tag-eu","11":"tag-europe","12":"tag-fr","13":"tag-france","14":"tag-marseille","15":"tag-news","16":"tag-provence-alpes-cote-dazur","17":"tag-republique-francaise"},"share_on_mastodon":{"url":"https:\/\/pubeurope.com\/@fr\/115793858906419107","error":""},"_links":{"self":[{"href":"https:\/\/www.europesays.com\/fr\/wp-json\/wp\/v2\/posts\/625957","targetHints":{"allow":["GET"]}}],"collection":[{"href":"https:\/\/www.europesays.com\/fr\/wp-json\/wp\/v2\/posts"}],"about":[{"href":"https:\/\/www.europesays.com\/fr\/wp-json\/wp\/v2\/types\/post"}],"author":[{"embeddable":true,"href":"https:\/\/www.europesays.com\/fr\/wp-json\/wp\/v2\/users\/2"}],"replies":[{"embeddable":true,"href":"https:\/\/www.europesays.com\/fr\/wp-json\/wp\/v2\/comments?post=625957"}],"version-history":[{"count":0,"href":"https:\/\/www.europesays.com\/fr\/wp-json\/wp\/v2\/posts\/625957\/revisions"}],"wp:featuredmedia":[{"embeddable":true,"href":"https:\/\/www.europesays.com\/fr\/wp-json\/wp\/v2\/media\/113003"}],"wp:attachment":[{"href":"https:\/\/www.europesays.com\/fr\/wp-json\/wp\/v2\/media?parent=625957"}],"wp:term":[{"taxonomy":"category","embeddable":true,"href":"https:\/\/www.europesays.com\/fr\/wp-json\/wp\/v2\/categories?post=625957"},{"taxonomy":"post_tag","embeddable":true,"href":"https:\/\/www.europesays.com\/fr\/wp-json\/wp\/v2\/tags?post=625957"}],"curies":[{"name":"wp","href":"https:\/\/api.w.org\/{rel}","templated":true}]}}