{"id":625958,"date":"2025-12-27T22:20:14","date_gmt":"2025-12-27T22:20:14","guid":{"rendered":"https:\/\/www.europesays.com\/fr\/625958\/"},"modified":"2025-12-27T22:20:14","modified_gmt":"2025-12-27T22:20:14","slug":"deux-personnes-filmees-accrochees-a-larriere-dun-bus-qui-roule-sur-la-m6","status":"publish","type":"post","link":"https:\/\/www.europesays.com\/fr\/625958\/","title":{"rendered":"deux personnes film\u00e9es accroch\u00e9es \u00e0 l\u2019arri\u00e8re d\u2019un bus qui roule sur la M6"},"content":{"rendered":"<p>C\u2019est une sc\u00e8ne surr\u00e9aliste &#8211; et surtout extr\u00eamement dangereuse &#8211; \u00e0 laquelle ont assist\u00e9 certains automobilistes, vraisemblablement ce vendredi 26\u00a0d\u00e9cembre, sur l\u2019axe m\u00e9tropolitain M6 (anciennement autoroute A6) en direction de Porte de Lyon, \u00e0 hauteur de Dardilly.\u00a0Deux jeunes ont en effet \u00e9t\u00e9 aper\u00e7us, et m\u00eame film\u00e9s, accroch\u00e9s \u00e0 l\u2019arri\u00e8re d\u2019un bus du r\u00e9seau TCL en train de rouler. La limitation est \u00e0 70\u00a0km\/h sur cette route.<\/p>\n<p>La vid\u00e9o a \u00e9t\u00e9 prise ce vendredi 26 d\u00e9cembre peu avant 19 heures. Elle permet de distinguer nettement les panneaux attestant des lieux, ainsi que les inscriptions sur l\u2019\u00e9cran \u00e0 l\u2019int\u00e9rieur du v\u00e9hicule des transports en commun lyonnais, \u00e0 mesure que la voiture depuis laquelle la sc\u00e8ne est film\u00e9e effectue son d\u00e9passement.<\/p>\n<p>La sc\u00e8ne a \u00e9t\u00e9 relay\u00e9e par le compte \u00ab\u00a0Cpasdeslol\u00a0\u00bb sur X, se pr\u00e9sentant comme un m\u00e9dia ind\u00e9pendant sp\u00e9cialis\u00e9 dans les faits divers insolites. Joint ce samedi, l\u2019administrateur du compte a garanti au Progr\u00e8s avoir re\u00e7u les images directement de la personne ayant film\u00e9, et confirm\u00e9 que ces images dataient de vendredi 26\u00a0d\u00e9cembre.<\/p>\n<p>Nous avons r\u00e9ussi \u00e0 joindre l&rsquo;auteur de la vid\u00e9o, ce dernier confirme la date et le lieu de la sc\u00e8ne. \u00ab\u00a0Je sortais du travail, j&rsquo;allais en direction de Tarare. Mon \u0153il a \u00e9t\u00e9 attir\u00e9 par l&rsquo;arri\u00e8re du bus.\u00a0J&rsquo;ai vu les deux hommes, j&rsquo;ai pris mon t\u00e9l\u00e9phone pour les enregistrer. J&rsquo;ai h\u00e9sit\u00e9 \u00e0 arr\u00eater ou faire des signes pour arr\u00eater le bus, mais \u00e7a aurait \u00e9t\u00e9 trop dangereux. Il y avait beaucoup d&rsquo;automobilistes.\u00a0\u00bb\u00a0<\/p>\n<p>Le fait de filmer au volant tout en conduisant est aussi interdit que la fraude au ticket de bus. Ce comportement est aussi dangereux. \u00ab\u00a0L&rsquo;utilisation d\u2019un t\u00e9l\u00e9phone portable tenu en main est sanctionn\u00e9e par une amende forfaitaire de 135 \u20ac et un retrait de 3 points du permis de conduire \u00bb, pr\u00e9cise la loi.<\/p>\n<p>  Un adolescent d\u00e9c\u00e9d\u00e9 en 2021<\/p>\n<p>Contact\u00e9 ce samedi soir, le r\u00e9seau TCL n\u2019\u00e9tait pas en mesure de fournir d\u2019explications.\u00a0Pas d\u2019information, non plus, concernant l\u2019\u00e9tat de sant\u00e9 de ces deux passagers tr\u00e8s particuliers.<\/p>\n<p>Sollicit\u00e9e \u00e9galement par Le Progr\u00e8s, la Police nationale n\u2019a pas communiqu\u00e9 d\u2019informations sur une \u00e9ventuelle enqu\u00eate en cours concernant ces faits.<\/p>\n<p>La pr\u00e9fecture de son c\u00f4t\u00e9 a repris les images de la sc\u00e8ne. \u00ab\u00a0Ce comportement irresponsable peut vous co\u00fbter la vie. Ne soyez pas inconscient, n\u2019imitez pas ces deux individus\u00a0\u00bb, peut-on lire dans un post sur X.<\/p>\n","protected":false},"excerpt":{"rendered":"C\u2019est une sc\u00e8ne surr\u00e9aliste &#8211; et surtout extr\u00eamement dangereuse &#8211; \u00e0 laquelle ont assist\u00e9 certains automobilistes, vraisemblablement ce&hellip;\n","protected":false},"author":2,"featured_media":625959,"comment_status":"","ping_status":"","sticky":false,"template":"","format":"standard","meta":{"footnotes":""},"categories":[1889],"tags":[1111,11,2430,29359,2757,3153,1777,674,274,107,1011,27,2428,2756,12,25,2429],"class_list":{"0":"post-625958","1":"post","2":"type-post","3":"status-publish","4":"format-standard","5":"has-post-thumbnail","7":"category-lyon","8":"tag-actu","9":"tag-actualites","10":"tag-auvergne-rhone-alpes","11":"tag-dardilly","12":"tag-edition-lyon-villeurbanne","13":"tag-edition-ouest-lyonnais","14":"tag-eu","15":"tag-europe","16":"tag-faits-divers-justice","17":"tag-fil-info","18":"tag-fr","19":"tag-france","20":"tag-lyon","21":"tag-lyon-bassin","22":"tag-news","23":"tag-republique-francaise","24":"tag-rhone"},"share_on_mastodon":{"url":"https:\/\/pubeurope.com\/@fr\/115793863481868098","error":""},"_links":{"self":[{"href":"https:\/\/www.europesays.com\/fr\/wp-json\/wp\/v2\/posts\/625958","targetHints":{"allow":["GET"]}}],"collection":[{"href":"https:\/\/www.europesays.com\/fr\/wp-json\/wp\/v2\/posts"}],"about":[{"href":"https:\/\/www.europesays.com\/fr\/wp-json\/wp\/v2\/types\/post"}],"author":[{"embeddable":true,"href":"https:\/\/www.europesays.com\/fr\/wp-json\/wp\/v2\/users\/2"}],"replies":[{"embeddable":true,"href":"https:\/\/www.europesays.com\/fr\/wp-json\/wp\/v2\/comments?post=625958"}],"version-history":[{"count":0,"href":"https:\/\/www.europesays.com\/fr\/wp-json\/wp\/v2\/posts\/625958\/revisions"}],"wp:featuredmedia":[{"embeddable":true,"href":"https:\/\/www.europesays.com\/fr\/wp-json\/wp\/v2\/media\/625959"}],"wp:attachment":[{"href":"https:\/\/www.europesays.com\/fr\/wp-json\/wp\/v2\/media?parent=625958"}],"wp:term":[{"taxonomy":"category","embeddable":true,"href":"https:\/\/www.europesays.com\/fr\/wp-json\/wp\/v2\/categories?post=625958"},{"taxonomy":"post_tag","embeddable":true,"href":"https:\/\/www.europesays.com\/fr\/wp-json\/wp\/v2\/tags?post=625958"}],"curies":[{"name":"wp","href":"https:\/\/api.w.org\/{rel}","templated":true}]}}