{"id":625963,"date":"2025-12-27T22:25:21","date_gmt":"2025-12-27T22:25:21","guid":{"rendered":"https:\/\/www.europesays.com\/fr\/625963\/"},"modified":"2025-12-27T22:25:21","modified_gmt":"2025-12-27T22:25:21","slug":"agression-au-couteau-dans-le-metro-a-paris-la-garde-a-vue-du-suspect-a-ete-levee-pour-raison-psychiatrique","status":"publish","type":"post","link":"https:\/\/www.europesays.com\/fr\/625963\/","title":{"rendered":"Agression au couteau dans le m\u00e9tro \u00e0 Paris : la garde \u00e0 vue du suspect a \u00e9t\u00e9 lev\u00e9e pour raison psychiatrique"},"content":{"rendered":"<p>Il avait sem\u00e9 la panique dans <a href=\"https:\/\/www.femmeactuelle.fr\/actu\/news-actu\/c-est-quoi-ce-bug-de-l-an-2038-qui-pourrait-paralyser-une-grande-partie-des-lignes-de-metro-de-la-ratp-2202093\" target=\"_blank\" rel=\"noopener\">l\u2019une des lignes du m\u00e9tro \u00e0 Paris<\/a>. Souvenez-vous : vendredi 26 d\u00e9cembre, on apprenait dans les colonnes du Parisien qu\u2019<strong>un homme \u00e2g\u00e9 de 25 ans<\/strong> avait \u00e9t\u00e9 interpell\u00e9 chez lui, \u00e0 Sarcelles, en banlieue parisienne, apr\u00e8s <a href=\"https:\/\/www.femmeactuelle.fr\/actu\/news-actu\/il-y-avait-quand-meme-beaucoup-de-sang-trois-femmes-poignardees-dans-le-metro-a-paris-lagresseur-a-ete-interpelle-2202673\" target=\"_blank\" rel=\"noopener\"><strong>avoir attaqu\u00e9 au couteau trois femmes<\/strong><\/a>, dont une enceinte, dans la ligne 3 du m\u00e9tropolitain. Si le suspect s\u2019\u00e9tait enfui apr\u00e8s avoir commis ses actes, qui n\u2019ont bless\u00e9 que tr\u00e8s l\u00e9g\u00e8rement les trois victimes, il avait finalement \u00e9t\u00e9 rep\u00e9r\u00e9 gr\u00e2ce aux cam\u00e9ras de surveillance et g\u00e9olocalis\u00e9 par son t\u00e9l\u00e9phone. Les enqu\u00eateurs, remont\u00e9s jusqu\u2019\u00e0 lui, l\u2019avaient depuis mis en garde \u00e0 vue. Ce samedi 27 d\u00e9cembre, Le Parisien r\u00e9v\u00e8le que <a href=\"https:\/\/www.femmeactuelle.fr\/actu\/news-actu\/attaque-a-la-gare-de-lyon-lhomme-mis-en-examen-libere-de-sa-garde-a-vue-pour-raison-psychiatrique-2170257\" target=\"_blank\" rel=\"noopener\">celle-ci vient d\u2019<strong>\u00eatre lev\u00e9e<\/strong><\/a><strong> pour raison psychiatrique<\/strong>. L\u2019homme a \u00e9t\u00e9 conduit \u00e0 <a href=\"https:\/\/www.femmeactuelle.fr\/actu\/news-actu\/incendie-meurtrier-a-paris-sortie-de-garde-a-vue-la-suspecte-a-ete-admise-en-infirmerie-psychiatrique-2074680\" target=\"_blank\" rel=\"noopener\">l\u2019infirmerie psychiatrique<\/a>.<\/p>\n<p>Cette annonce fait \u00e9cho au profil du suspect : n\u00e9 au Mali en 2000, il n&rsquo;\u00e9tait pas un terroriste d\u2019apr\u00e8s les enqu\u00eateurs, qui avaient \u00e9cart\u00e9 cette piste au regard des premiers \u00e9l\u00e9ments de leur investigation. Pour eux, ce dossier rel\u00e8verait plut\u00f4t de <strong>l\u2019\u0153uvre d\u2019un d\u00e9s\u00e9quilibr\u00e9 ou d\u2019une personne fragile psychologiquement<\/strong>. Connu de la justice fran\u00e7aise, le minist\u00e8re de l\u2019Int\u00e9rieur ayant r\u00e9v\u00e9l\u00e9 qu\u2019il avait d\u00e9j\u00e0 \u00e9t\u00e9 \u00e9crou\u00e9 en janvier 2024 pour vol aggrav\u00e9 et agression sexuelle apr\u00e8s avoir \u00e9t\u00e9 condamn\u00e9 p\u00e9nalement, il a aussi \u00e9t\u00e9 mentionn\u00e9 dans une affaire de \u00ab\u00a0destruction de biens sous l\u2019emprise de stup\u00e9fiants\u00a0\u00bb. Il s\u2019\u00e9tait depuis vu notifier une obligation de quitter le territoire fran\u00e7ais (OQTF), qui l\u2019avait amen\u00e9 en <a href=\"https:\/\/www.femmeactuelle.fr\/actu\/dossiers-d-actualite\/36785-enfants-enfermes-en-france-en-dix-ans-un-documentaire-alarmant-denonce-la-violation-des-droits-de-lenfant-2170542\" target=\"_blank\" rel=\"noopener\">centre de r\u00e9tention administrative (CRA)<\/a> apr\u00e8s sa lib\u00e9ration en juillet dernier. Mais le Mali ne lui ayant pas d\u00e9livr\u00e9 un laissez-passer dans le d\u00e9lai l\u00e9gal mis en place, son expulsion n\u2019a pas eu lieu. Le suspect avait alors \u00e9t\u00e9 lib\u00e9r\u00e9 avec assignation \u00e0 r\u00e9sidence. Il a depuis vendredi \u00e9t\u00e9 <strong>mis en examen<\/strong>. Affaire \u00e0 suivre.<\/p>\n<p>\u00ab\u00a0C\u2019\u00e9tait une bonne entaille\u00a0\u00bb, une t\u00e9moin raconte<\/p>\n<p>Op\u00e9rant sur la ligne 3 du m\u00e9tro de Paris, c\u2019est \u00e0 trois stations diff\u00e9rentes que le suspect a poignard\u00e9 trois femmes au cours de son parcours, entre 16h15 et 16h45. Tant\u00f4t \u00e0 Arts-et-M\u00e9tiers, R\u00e9publique ou \u00e0 Op\u00e9ra, le criminel a sorti un couteau pour attaquer trois femmes au dos et \u00e0 la cuisse pour deux d&rsquo;entre elles. L\u00e9g\u00e8res, leurs blessures ont tout de m\u00eame provoqu\u00e9 une vive \u00e9motion aupr\u00e8s des t\u00e9moins pr\u00e9sents avec les victimes. La derni\u00e8re victime notamment \u00ab\u00a0a \u00e9t\u00e9 bless\u00e9e au niveau de la cuisse, il y avait quand m\u00eame beaucoup de sang, <strong>c\u2019\u00e9tait une bonne entaille<\/strong>\u00ab\u00a0, t\u00e9moignait par exemple une femme pr\u00e9sente \u00e0 la station R\u00e9publique au moment de l\u2019attaque, cit\u00e9e par nos confr\u00e8res.<\/p>\n<p>Sources :<\/p>\n<ul>\n<li>Agressions dans le m\u00e9tro\u00a0: la garde \u00e0 vue du suspect, accus\u00e9 d\u2019avoir poignard\u00e9 trois femmes, lev\u00e9e pour raison psychiatrique &#8211; <a href=\"https:\/\/www.leparisien.fr\/paris-75\/la-garde-a-vue-de-lhomme-accuse-davoir-poignarde-trois-femmes-dans-le-metro-parisien-levee-pour-raison-psychiatrique-27-12-2025-ORIP5A3RBBHBBP756ISCAW3QFQ.php\" rel=\"nofollow noopener\" target=\"_blank\">Le Parisien<\/a>, le 27 d\u00e9cembre 2025.<\/li>\n<\/ul>\n","protected":false},"excerpt":{"rendered":"Il avait sem\u00e9 la panique dans l\u2019une des lignes du m\u00e9tro \u00e0 Paris. Souvenez-vous : vendredi 26 d\u00e9cembre,&hellip;\n","protected":false},"author":2,"featured_media":625964,"comment_status":"","ping_status":"","sticky":false,"template":"","format":"standard","meta":{"footnotes":""},"categories":[1888],"tags":[1111,1928,11,1927,834,1777,674,1011,27,16077,12,1926,626,1925,25,797],"class_list":{"0":"post-625963","1":"post","2":"type-post","3":"status-publish","4":"format-standard","5":"has-post-thumbnail","7":"category-paris","8":"tag-actu","9":"tag-actu-paris","10":"tag-actualites","11":"tag-actualites-paris","12":"tag-attaque","13":"tag-eu","14":"tag-europe","15":"tag-fr","16":"tag-france","17":"tag-mu00e9tro","18":"tag-news","19":"tag-news-paris","20":"tag-paris","21":"tag-paris-news","22":"tag-republique-francaise","23":"tag-violences-faites-aux-femmes"},"share_on_mastodon":{"url":"https:\/\/pubeurope.com\/@fr\/115793882209996663","error":""},"_links":{"self":[{"href":"https:\/\/www.europesays.com\/fr\/wp-json\/wp\/v2\/posts\/625963","targetHints":{"allow":["GET"]}}],"collection":[{"href":"https:\/\/www.europesays.com\/fr\/wp-json\/wp\/v2\/posts"}],"about":[{"href":"https:\/\/www.europesays.com\/fr\/wp-json\/wp\/v2\/types\/post"}],"author":[{"embeddable":true,"href":"https:\/\/www.europesays.com\/fr\/wp-json\/wp\/v2\/users\/2"}],"replies":[{"embeddable":true,"href":"https:\/\/www.europesays.com\/fr\/wp-json\/wp\/v2\/comments?post=625963"}],"version-history":[{"count":0,"href":"https:\/\/www.europesays.com\/fr\/wp-json\/wp\/v2\/posts\/625963\/revisions"}],"wp:featuredmedia":[{"embeddable":true,"href":"https:\/\/www.europesays.com\/fr\/wp-json\/wp\/v2\/media\/625964"}],"wp:attachment":[{"href":"https:\/\/www.europesays.com\/fr\/wp-json\/wp\/v2\/media?parent=625963"}],"wp:term":[{"taxonomy":"category","embeddable":true,"href":"https:\/\/www.europesays.com\/fr\/wp-json\/wp\/v2\/categories?post=625963"},{"taxonomy":"post_tag","embeddable":true,"href":"https:\/\/www.europesays.com\/fr\/wp-json\/wp\/v2\/tags?post=625963"}],"curies":[{"name":"wp","href":"https:\/\/api.w.org\/{rel}","templated":true}]}}