{"id":625968,"date":"2025-12-27T22:29:22","date_gmt":"2025-12-27T22:29:22","guid":{"rendered":"https:\/\/www.europesays.com\/fr\/625968\/"},"modified":"2025-12-27T22:29:22","modified_gmt":"2025-12-27T22:29:22","slug":"emmanuel-macron-la-russie-est-determinee-a-prolonger-la-guerre-en-ukraine","status":"publish","type":"post","link":"https:\/\/www.europesays.com\/fr\/625968\/","title":{"rendered":"Emmanuel Macron\u00a0: \u00ab\u00a0La Russie est d\u00e9termin\u00e9e \u00e0 prolonger la guerre\u00a0\u00bb en Ukraine"},"content":{"rendered":"<p>Emmanuel Macron a condamn\u00e9 ce samedi 27\u00a0d\u00e9cembre 2025 <a href=\"https:\/\/rennes.maville.com\/actu\/actudet_-ukraine-poutine-ne-veut-pas-mettre-fin-a-la-guerre-denonce-zelensky-apres-une-nouvelle-attaque-russe-d-envergure-_54135-7125820_actu.Htm\" target=\"_blank\" rel=\"noopener\">les nouvelles frappes russes sur la ville de Kiev et sa r\u00e9gion<\/a>, qui illustrent, selon lui, le \u00a0contraste\u00a0 entre \u00a0la disposition de l\u2019Ukraine \u00e0 b\u00e2tir une paix durable et la d\u00e9termination de la Russie \u00e0 prolonger la guerre qu\u2019elle a d\u00e9clench\u00e9e\u00a0, selon son entourage.<\/p>\n<p>La ville de Kiev vis\u00e9e par des drones et des missiles<\/p>\n<p>Dans la nuit de vendredi \u00e0 samedi, Kiev a \u00e9t\u00e9 vis\u00e9e par plus de 519\u00a0drones et 40\u00a0missiles, dont respectivement 474 et 29\u00a0ont \u00e9t\u00e9 abattus, selon l\u2019arm\u00e9e de l\u2019air ukrainienne. Ces attaques, qui visaient des infrastructures \u00e9nerg\u00e9tiques, ont fait deux morts et une quarantaine de bless\u00e9s \u00e0 Kiev et dans sa r\u00e9gion, ont indiqu\u00e9 les autorit\u00e9s locales.<\/p>\n<p>Le minist\u00e8re russe de la D\u00e9fense a de son c\u00f4t\u00e9 indiqu\u00e9 que plus de 230\u00a0drones ukrainiens ont \u00e9t\u00e9 abattus au cours de la journ\u00e9e au-dessus de la Russie.<\/p>\n<p><strong>Lire aussi<\/strong>\u00a0: <a href=\"https:\/\/rennes.maville.com\/actu\/actudet_-carte.-guerre-en-ukraine-frappes-russes-meurtrieres-a-kiev-zelensky-au-canada-corruption...-le-point-du-jour-_54135-7126077_actu.Htm\" target=\"_blank\" rel=\"noopener\">CARTE. Guerre en Ukraine\u00a0: frappes russes meurtri\u00e8res \u00e0 Kiev, Zelensky au Canada, corruption\u2026 Le point du jour<\/a><\/p>\n<p>\u00a0Le Pr\u00e9sident de la R\u00e9publique a exprim\u00e9 la condamnation par la France de la nouvelle vague de frappes russes intervenue dans la nuit en Ukraine. Il a soulign\u00e9 que cette vague de frappes illustrait \u00e0 nouveau le contraste entre la disposition de l\u2019Ukraine \u00e0 b\u00e2tir une paix et durable et la d\u00e9termination de la Russie \u00e0 prolonger la guerre qu\u2019elle a d\u00e9clench\u00e9e il y a pr\u00e8s de 4\u00a0ans, y compris en continuant de s\u2019attaquer aux civils\u00a0, a indiqu\u00e9 une source de l\u2019entourage d\u2019Emmanuel Macron \u00e0 l\u2019AFP.<\/p>\n<p>Une rencontre entre Zelensky et Trump en Floride<\/p>\n<p>Le pr\u00e9sident fran\u00e7ais s\u2019est exprim\u00e9 lors d\u2019un appel t\u00e9l\u00e9phonique entre des dirigeants europ\u00e9ens et le pr\u00e9sident ukrainien Volodymyr Zelensky, qui se trouve \u00e0 Halifax, au Canada, \u00e0 la veille d\u2019<a href=\"https:\/\/rennes.maville.com\/actu\/actudet_-guerre-en-ukraine.-que-peut-on-esperer-de-la-nouvelle-rencontre-entre-trump-et-zelensky-_54135-7126079_actu.Htm\" target=\"_blank\" rel=\"noopener\">une rencontre avec le pr\u00e9sident am\u00e9ricain Donald Trump, dimanche, en Floride<\/a>.<\/p>\n<p>Emmanuel Macron a soulign\u00e9 \u00a0la n\u00e9cessit\u00e9 de continuer \u00e0 \u0153uvrer dans ces jours-ci pour la paix, en insistant sur le besoin d\u2019un cessez-le-feu adoss\u00e9 \u00e0 des garanties de s\u00e9curit\u00e9 robustes et durables pour l\u2019Ukraine\u00a0, qui \u00a0seront centrales pour tout r\u00e8glement\u00a0, selon la m\u00eame source.<\/p>\n<p>\u00a0La France est d\u00e9termin\u00e9e \u00e0 travailler \u00e9troitement avec les \u00c9tats-Unis sur ce sujet en s\u2019appuyant sur le travail r\u00e9alis\u00e9 dans le cadre de la Coalition des Volontaires qu\u2019elle co-pr\u00e9side avec le Royaume-Uni et qui associe 35\u00a0pays\u00a0, poursuit l\u2019entourage du pr\u00e9sident fran\u00e7ais.<\/p>\n<p>\u00a0Le pr\u00e9sident de la R\u00e9publique a rappel\u00e9 que les Europ\u00e9ens devaient \u00eatre pleinement associ\u00e9s aux discussions sur les sujets les concernant\u00a0, a-t-on ajout\u00e9.<\/p>\n<p>\u00a0<\/p>\n","protected":false},"excerpt":{"rendered":"Emmanuel Macron a condamn\u00e9 ce samedi 27\u00a0d\u00e9cembre 2025 les nouvelles frappes russes sur la ville de Kiev et&hellip;\n","protected":false},"author":2,"featured_media":625969,"comment_status":"","ping_status":"","sticky":false,"template":"","format":"standard","meta":{"footnotes":""},"categories":[1591],"tags":[11,73522,11513,1887,1146,11514,2047,12,9741,1885,1886,132,220],"class_list":{"0":"post-625968","1":"post","2":"type-post","3":"status-publish","4":"format-standard","5":"has-post-thumbnail","7":"category-russie","8":"tag-actualites","9":"tag-determinee","10":"tag-emmanuel","11":"tag-federation-de-russie","12":"tag-guerre","13":"tag-macron","14":"tag-mans","15":"tag-news","16":"tag-prolonger","17":"tag-russia","18":"tag-russian-federation","19":"tag-russie","20":"tag-ukraine"},"share_on_mastodon":{"url":"https:\/\/pubeurope.com\/@fr\/115793898241034953","error":""},"_links":{"self":[{"href":"https:\/\/www.europesays.com\/fr\/wp-json\/wp\/v2\/posts\/625968","targetHints":{"allow":["GET"]}}],"collection":[{"href":"https:\/\/www.europesays.com\/fr\/wp-json\/wp\/v2\/posts"}],"about":[{"href":"https:\/\/www.europesays.com\/fr\/wp-json\/wp\/v2\/types\/post"}],"author":[{"embeddable":true,"href":"https:\/\/www.europesays.com\/fr\/wp-json\/wp\/v2\/users\/2"}],"replies":[{"embeddable":true,"href":"https:\/\/www.europesays.com\/fr\/wp-json\/wp\/v2\/comments?post=625968"}],"version-history":[{"count":0,"href":"https:\/\/www.europesays.com\/fr\/wp-json\/wp\/v2\/posts\/625968\/revisions"}],"wp:featuredmedia":[{"embeddable":true,"href":"https:\/\/www.europesays.com\/fr\/wp-json\/wp\/v2\/media\/625969"}],"wp:attachment":[{"href":"https:\/\/www.europesays.com\/fr\/wp-json\/wp\/v2\/media?parent=625968"}],"wp:term":[{"taxonomy":"category","embeddable":true,"href":"https:\/\/www.europesays.com\/fr\/wp-json\/wp\/v2\/categories?post=625968"},{"taxonomy":"post_tag","embeddable":true,"href":"https:\/\/www.europesays.com\/fr\/wp-json\/wp\/v2\/tags?post=625968"}],"curies":[{"name":"wp","href":"https:\/\/api.w.org\/{rel}","templated":true}]}}