{"id":625970,"date":"2025-12-27T22:30:21","date_gmt":"2025-12-27T22:30:21","guid":{"rendered":"https:\/\/www.europesays.com\/fr\/625970\/"},"modified":"2025-12-27T22:30:21","modified_gmt":"2025-12-27T22:30:21","slug":"ukraine-quest-ce-que-lagence-anticorruption-qui-a-revele-plusieurs-scandales-ces-derniers-mois","status":"publish","type":"post","link":"https:\/\/www.europesays.com\/fr\/625970\/","title":{"rendered":"Ukraine : qu&rsquo;est-ce que l&rsquo;Agence anticorruption, qui a r\u00e9v\u00e9l\u00e9 plusieurs scandales ces derniers mois ?"},"content":{"rendered":"<ul class=\"jsx-862013697 ArticleChapo__List\">\n<li class=\"jsx-862013697 ArticleChapo__List_Item flex\">L&rsquo;Agence anticorruption ukrainienne (NABU) a accus\u00e9 ce samedi plusieurs d\u00e9put\u00e9s d&rsquo;avoir touch\u00e9 des pots-de-vin.<\/li>\n<li class=\"jsx-862013697 ArticleChapo__List_Item flex\">Le mois dernier, elle r\u00e9v\u00e9lait d\u00e9j\u00e0 un scandale retentissant, soup\u00e7onnant un proche ami de Volodymyr Zelensky d&rsquo;\u00eatre impliqu\u00e9 dans un d\u00e9tournement colossal.<\/li>\n<\/ul>\n<p><a href=\"https:\/\/www.tf1info.fr\/actualite\/invasion-de-l-ukraine-par-la-russie-une-guerre-qui-dure-12951\/\" rel=\"noopener\" class=\"jsx-484472199 Link jsx-1428418400 jsx-554215408\" target=\"_blank\"><\/p>\n<p style=\"font-weight:400\" class=\"jsx-1837267516\">Suivez la couverture compl\u00e8te<\/p>\n<p style=\"font-weight:800\" class=\"jsx-1837267516\">Ukraine : 4\u1d49 ann\u00e9e de guerre<\/p>\n<p><\/a><\/p>\n<p data-module=\"article-paragraph\" class=\"jsx-157965717 Paragraph\">En une ann\u00e9e seulement, les secousses se sont encha\u00een\u00e9es : chute du chef de cabinet de Volodymyr Zelensky, mise en cause de d\u00e9put\u00e9s, limogeage de ministres\u2026 L&rsquo;Agence anticorruption ukrainienne (NABU), une structure ind\u00e9pendante, est \u00e0 l&rsquo;origine de plusieurs scandales r\u00e9v\u00e9l\u00e9s ces derniers mois dans une Ukraine toujours en guerre.<\/p>\n<p data-module=\"article-paragraph\" class=\"jsx-157965717 Paragraph\">Cette agence a accus\u00e9 ce samedi 27 d\u00e9cembre plusieurs d\u00e9put\u00e9s d&rsquo;avoir <a href=\"https:\/\/www.tf1info.fr\/international\/ukraine-des-deputes-dans-le-viseur-de-l-agence-anticorruption-qui-tente-de-perquisitionner-des-bureaux-gouvernementaux-2415207.html\" target=\"_blank\" rel=\"noopener\">per\u00e7u des pots-de-vin en \u00e9change (nouvelle fen\u00eatre)<\/a> de leur vote au Parlement et a tent\u00e9 de perquisitionner dans des bureaux gouvernementaux \u00e0 Kiev. Un nouveau scandale r\u00e9v\u00e9l\u00e9 juste avant le d\u00e9part du pr\u00e9sident Volodymyr Zelensky, pour une rencontre avec son <a href=\"https:\/\/www.tf1info.fr\/international\/en-direct-guerre-en-ukraine-zelensky-dit-avoir-eu-une-tres-bonne-conversation-avec-les-emissaires-americains-witkoff-et-kushner-2414940.html\" target=\"_blank\" rel=\"noopener\">homologue am\u00e9ricain Donald Trump en Floride (nouvelle fen\u00eatre)<\/a> dimanche, au sujet d&rsquo;un plan de cessez-le-feu.\u00a0<\/p>\n<p data-module=\"article-paragraph\" class=\"jsx-157965717 Paragraph Paragraph__End\">En novembre, la pr\u00e9sidence ukrainienne avait d\u00e9j\u00e0 \u00e9t\u00e9 \u00e9branl\u00e9e par <a href=\"https:\/\/www.tf1info.fr\/international\/operation-midas-que-sait-on-du-vaste-scandale-de-corruption-qui-secoue-l-ukraine-2406245.html\" target=\"_blank\" rel=\"noopener\">un vaste scandale de corruption (nouvelle fen\u00eatre)<\/a> : le d\u00e9tournement pr\u00e9sum\u00e9 de pr\u00e8s de 100 millions de dollars dans le secteur \u00e9nerg\u00e9tique impliquant un proche ami de Volodymyr Zelensky. L&rsquo;affaire avait pouss\u00e9 \u00e0 la d\u00e9mission deux ministres et le puissant <a href=\"https:\/\/www.tf1info.fr\/international\/ukraine-des-perquisitions-anticorruption-menees-au-domicile-du-bras-droit-de-volodymyr-zelensky-2409520.html\" target=\"_blank\" rel=\"noopener\">chef de l&rsquo;administration pr\u00e9sidentielle Andri\u00ef Iermak (nouvelle fen\u00eatre)<\/a>, \u00e9galement cit\u00e9 dans ce dossier retentissant, d\u00e9voil\u00e9 par cette agence n\u00e9e il y a une d\u00e9cennie seulement.\u00a0<\/p>\n<p>Une structure cr\u00e9\u00e9e dans le sillage de la \u00ab\u00a0r\u00e9volution du Ma\u00efdan\u00a0\u00bb<\/p>\n<p data-module=\"article-paragraph\" class=\"jsx-157965717 Paragraph\">La gen\u00e8se de cette structure ind\u00e9pendante du pouvoir ex\u00e9cutif remonte \u00e0 2014. \u00c0 l&rsquo;\u00e9poque, la Russie s&rsquo;oppose \u00e0 la signature par l&rsquo;Ukraine d&rsquo;un accord d&rsquo;association avec l&rsquo;UE et contraint son pr\u00e9sident d&rsquo;alors, Viktor Ianoukovitch, \u00e0 y renoncer. Les Ukrainiens sortent dans la rue lors de la \u00ab\u00a0r\u00e9volution du Ma\u00efdan\u00a0\u00bb, qui provoque la chute du pouvoir en place fin f\u00e9vrier 2014, remplac\u00e9 par un gouvernement pro-europ\u00e9en. L&rsquo;accord d&rsquo;association avec Bruxelles est finalement act\u00e9 en mars.\u00a0<\/p>\n<p data-module=\"article-paragraph\" class=\"jsx-157965717 Paragraph Paragraph__End\">Pour autant, l&rsquo;Ukraine souffre <a href=\"https:\/\/www.tf1info.fr\/international\/en-direct-guerre-en-ukraine-russie-donald-trump-deploie-des-sous-marins-nucleaires-la-russie-poursuit-ses-operations-les-informations-samedi-3-juin-2025-2386572.html\" target=\"_blank\" rel=\"noopener\">d&rsquo;une corruption end\u00e9mique (nouvelle fen\u00eatre)<\/a>, comme nombre d&rsquo;autres anciennes r\u00e9publiques sovi\u00e9tiques. Cette ann\u00e9e-l\u00e0, elle \u00e9tait class\u00e9e \u00e0 la 142\u1d49\u00a0place sur 180 de l&rsquo;Indice de perception de la corruption de l&rsquo;ONG Transparency International. La Rada, le Parlement ukrainien, vote alors en octobre 2014 une loi sur une Agence anticorruption, ind\u00e9pendante du Parquet g\u00e9n\u00e9ral, et la structure est cr\u00e9\u00e9e par d\u00e9cret en avril 2015. Cette ind\u00e9pendance est cruciale : c&rsquo;est une condition pos\u00e9e par le Fonds mon\u00e9taire international (FMI) et la Commission europ\u00e9enne pour le rapprochement avec l&rsquo;UE.<\/p>\n<p>Pr\u00e8s de 700 enqu\u00eates en moins d&rsquo;un an<\/p>\n<p data-module=\"article-paragraph\" class=\"jsx-157965717 Paragraph\">Plusieurs dispositions assurent cette ind\u00e9pendance de la NABU. Son directeur est s\u00e9lectionn\u00e9 apr\u00e8s appel \u00e0 candidatures par une commission comprenant des repr\u00e9sentants d&rsquo;organisations internationales, avant d&rsquo;\u00eatre ensuite officiellement nomm\u00e9 par le gouvernement. En outre, un conseil de surveillance issu de la soci\u00e9t\u00e9 civile est \u00e9lu chaque ann\u00e9e par un vote sur internet.<\/p>\n<p data-module=\"article-paragraph\" class=\"jsx-157965717 Paragraph Paragraph__End\">Le champ de comp\u00e9tence de l&rsquo;Agence inclut tous les responsables de premier plan de l&rsquo;\u00c9tat ukrainien, des officiers de haut rang de l&rsquo;arm\u00e9e aux juges en passant par les d\u00e9put\u00e9s, ministres, \u00e9lus r\u00e9gionaux, dirigeants de la Banque centrale et jusqu&rsquo;au pr\u00e9sident apr\u00e8s la fin de son mandat.\u00a0<\/p>\n<p><a href=\"https:\/\/www.tf1info.fr\/international\/verif-scandale-de-corruption-le-principal-opposant-de-volodymyr-zelensky-est-il-en-prison-2407243.html\" rel=\"noopener\" class=\"jsx-3308031228 Link flex\" target=\"_blank\"><img decoding=\"async\" src=\"https:\/\/www.europesays.com\/fr\/wp-content\/uploads\/2025\/12\/verif-volodymyr-zelensky-president-ukraine-1ac720-0@1x.jpeg\" alt=\"Volodymyr Zelensky lors d'une conf\u00e9rence de presse \u00e0 Washington, le 26 septembre 2024 &#10;\" loading=\"lazy\" importance=\"low\" fetchpriority=\"low\" class=\"\" aria-hidden=\"true\"\/><\/p>\n<p class=\"jsx-3657663356 ReadMoreArticle__Title\">Lire aussi<\/p>\n<p class=\"jsx-3657663356\">V\u00c9RIF&rsquo; &#8211; Scandale de corruption en Ukraine : le principal opposant de Volodymyr Zelensky est-il en prison\u202f?<\/p>\n<p><\/a><\/p>\n<p data-module=\"article-paragraph\" class=\"jsx-157965717 Paragraph Paragraph__End\">Dot\u00e9 d&rsquo;un pouvoir d&rsquo;enqu\u00eate, le NABU est doubl\u00e9 d&rsquo;un Parquet sp\u00e9cialis\u00e9 anticorruption (SAP) qui instruit les dossiers. Selon <a href=\"https:\/\/nabu.gov.ua\/\" target=\"_blank\" rel=\"nofollow noopener\">son site (nouvelle fen\u00eatre)<\/a>, il a ouvert 679 enqu\u00eates sur 11 mois en 2025. Au total, 123 inculpations concernant 279 personnes ont \u00e9t\u00e9 prononc\u00e9es sur la m\u00eame p\u00e9riode, ainsi que 81 condamnations concernant 103 personnes. De mani\u00e8re g\u00e9n\u00e9rale, l&rsquo;Ukraine est remont\u00e9e en 105\u1d49\u00a0position dans le dernier classement pour 2024 de l&rsquo;indice de perception de la corruption, o\u00f9 la Russie figure \u00e0 la 154\u1d49\u00a0place.\u00a0<\/p>\n<p>Zelensky a tent\u00e9 de remettre en cause son ind\u00e9pendance\u2026 avant de reculer<\/p>\n<p data-module=\"article-paragraph\" class=\"jsx-157965717 Paragraph\">La NABU et le SAP se sont aussi retrouv\u00e9s au c\u0153ur de l&rsquo;actualit\u00e9 cette ann\u00e9e apr\u00e8s une tentative des autorit\u00e9s de revenir sur leur fonctionnement. En juillet dernier, le vote d&rsquo;une loi qui pr\u00e9voyait de les placer <a href=\"https:\/\/www.tf1info.fr\/international\/l-ukraine-adopte-une-loi-qui-fragilise-la-lutte-contre-la-corruption-l-ue-profondement-inquiete-2384396.html\" target=\"_blank\" rel=\"noopener\">sous la tutelle du procureur g\u00e9n\u00e9ral (nouvelle fen\u00eatre)<\/a>, lui-m\u00eame nomm\u00e9 par le chef de l&rsquo;\u00c9tat, avait jet\u00e9 une ombre sur la pr\u00e9sidence Zelensky.\u00a0<\/p>\n<p data-module=\"article-paragraph\" class=\"jsx-157965717 Paragraph\">Tr\u00e8s mal re\u00e7ue par la soci\u00e9t\u00e9 civile, cette tentative avait provoqu\u00e9 les <a href=\"https:\/\/www.tf1info.fr\/international\/ukraine-manifestations-apres-le-vote-d-une-loi-fragilisant-la-lutte-contre-la-corruption-2384672.html\" target=\"_blank\" rel=\"noopener\">premi\u00e8res manifestations d&rsquo;ampleur en Ukraine (nouvelle fen\u00eatre)<\/a> depuis le d\u00e9but de l&rsquo;invasion russe en 2022. Le pr\u00e9sident ukrainien a \u00e9galement fait face \u00e0 une lev\u00e9e de boucliers chez les alli\u00e9s occidentaux de Kiev. Il a finalement fait marche arri\u00e8re et promulgu\u00e9 en ao\u00fbt une nouvelle loi r\u00e9tablissant l&rsquo;ind\u00e9pendance de ces structures.<\/p>\n<p data-module=\"article-paragraph\" class=\"jsx-157965717 Paragraph Paragraph__End\">Ce choix n&rsquo;a pas pour autant calm\u00e9 toutes les inqui\u00e9tudes, aliment\u00e9es par plusieurs incidents : un des enqu\u00eateurs du NABU a \u00e9t\u00e9 arr\u00eat\u00e9 dans une affaire de collaboration pr\u00e9sum\u00e9e avec la Russie, d&rsquo;autres membres de l&rsquo;Agence ont \u00e9t\u00e9 appr\u00e9hend\u00e9s ou ont vu leur domicile perquisitionn\u00e9\u2026 Plus largement, les militants anticorruption se plaignent de faire l&rsquo;objet de pressions politiques et d&rsquo;un harc\u00e8lement judiciaire visant \u00e0 entraver leur travail.\u00a0<\/p>\n<p>M.L. avec AFP<\/p>\n","protected":false},"excerpt":{"rendered":"L&rsquo;Agence anticorruption ukrainienne (NABU) a accus\u00e9 ce samedi plusieurs d\u00e9put\u00e9s d&rsquo;avoir touch\u00e9 des pots-de-vin. Le mois dernier, elle&hellip;\n","protected":false},"author":2,"featured_media":625971,"comment_status":"","ping_status":"","sticky":false,"template":"","format":"standard","meta":{"footnotes":""},"categories":[1590],"tags":[1111,11,1921,1777,674,1922,303,12,8200,2543,132,220,1917,133,1920],"class_list":{"0":"post-625970","1":"post","2":"type-post","3":"status-publish","4":"format-standard","5":"has-post-thumbnail","7":"category-ukraine","8":"tag-actu","9":"tag-actualites","10":"tag-article-video","11":"tag-eu","12":"tag-europe","13":"tag-info","14":"tag-justice","15":"tag-news","16":"tag-politique-et-crise-dun-pays-etranger","17":"tag-relations-internationales","18":"tag-russie","19":"tag-ukraine","20":"tag-ukraine-4-annee-de-guerre","21":"tag-video","22":"tag-video-international"},"share_on_mastodon":{"url":"https:\/\/pubeurope.com\/@fr\/115793902942076325","error":""},"_links":{"self":[{"href":"https:\/\/www.europesays.com\/fr\/wp-json\/wp\/v2\/posts\/625970","targetHints":{"allow":["GET"]}}],"collection":[{"href":"https:\/\/www.europesays.com\/fr\/wp-json\/wp\/v2\/posts"}],"about":[{"href":"https:\/\/www.europesays.com\/fr\/wp-json\/wp\/v2\/types\/post"}],"author":[{"embeddable":true,"href":"https:\/\/www.europesays.com\/fr\/wp-json\/wp\/v2\/users\/2"}],"replies":[{"embeddable":true,"href":"https:\/\/www.europesays.com\/fr\/wp-json\/wp\/v2\/comments?post=625970"}],"version-history":[{"count":0,"href":"https:\/\/www.europesays.com\/fr\/wp-json\/wp\/v2\/posts\/625970\/revisions"}],"wp:featuredmedia":[{"embeddable":true,"href":"https:\/\/www.europesays.com\/fr\/wp-json\/wp\/v2\/media\/625971"}],"wp:attachment":[{"href":"https:\/\/www.europesays.com\/fr\/wp-json\/wp\/v2\/media?parent=625970"}],"wp:term":[{"taxonomy":"category","embeddable":true,"href":"https:\/\/www.europesays.com\/fr\/wp-json\/wp\/v2\/categories?post=625970"},{"taxonomy":"post_tag","embeddable":true,"href":"https:\/\/www.europesays.com\/fr\/wp-json\/wp\/v2\/tags?post=625970"}],"curies":[{"name":"wp","href":"https:\/\/api.w.org\/{rel}","templated":true}]}}