{"id":625972,"date":"2025-12-27T22:31:22","date_gmt":"2025-12-27T22:31:22","guid":{"rendered":"https:\/\/www.europesays.com\/fr\/625972\/"},"modified":"2025-12-27T22:31:22","modified_gmt":"2025-12-27T22:31:22","slug":"un-celebre-realisateur-americain-va-faire-sa-demande-de-nationalite-francaise-pour-sevader-des-etats-unis","status":"publish","type":"post","link":"https:\/\/www.europesays.com\/fr\/625972\/","title":{"rendered":"Un c\u00e9l\u00e8bre r\u00e9alisateur am\u00e9ricain va faire sa demande de nationalit\u00e9 fran\u00e7aise pour \u00ab\u00a0s&rsquo;\u00e9vader des \u00c9tats-Unis\u00a0\u00bb"},"content":{"rendered":"<p>Van Gogh, Picasso ou encore Munch \u00e9taient inspir\u00e9s par les paysages de la France. Parmi nos artistes contemporains, certains manient l&rsquo;image en mouvement avec autant de passion que ceux qui les influencent. Et au sein des cin\u00e9astes <a href=\"https:\/\/www.voici.fr\/celebrites\/monica-bellucci-separee-de-tim-burton-la-raison-de-leur-rupture-devoilee-812181\" target=\"_blank\" rel=\"noopener\">qui plongent leur public dans un univers d\u00e9cal\u00e9<\/a>, les Fran\u00e7ais ont une aisance \u00e0 choisir Jim Jarmusch.<\/p>\n<p>Et <strong>ils le font d&rsquo;ailleurs comprendre au r\u00e9alisateur am\u00e9ricain <\/strong>de 72 ans. En novembre 2024, il \u00e9tait l&rsquo;invit\u00e9 d&rsquo;honneur du dernier festival Paris Photo et ses films font r\u00e9guli\u00e8rement partie de <a href=\"https:\/\/www.voici.fr\/celebrites\/tu-te-prends-pour-qui-kev-adams-tacle-lattitude-hautaine-dun-acteur-francais-au-festival-de-cannes-808452\" target=\"_blank\" rel=\"noopener\">la s\u00e9lection officielle du festival de Cannes<\/a>. Il y a d\u00e9croch\u00e9 une cam\u00e9ra d&rsquo;or pour Stranger than paradise en 1984, une palme d&rsquo;or du court m\u00e9trage avec Coffee and Cigarettes en 1993 et un grand prix du festival en 2005 avec Broken flowers.<\/p>\n<p>Pourquoi Jim Jarmusch veut-il changer de pays ?<\/p>\n<p>Si Jim Jarmusch a une longue carri\u00e8re, elle m\u00fbrit au rythme des m\u0153urs contemporaines. C&rsquo;est ce que semble confirmer <a href=\"https:\/\/www.voici.fr\/mode\/pourquoi-julia-roberts-et-amanda-seyfried-ont-elles-porte-exactement-le-meme-look-a-la-mostra-de-venise-810683\" target=\"_blank\" rel=\"noopener\">son Lion d&rsquo;or \u00e0 Venise<\/a>, remport\u00e9 en septembre dernier. Et il semble que ses escapades en France inspirent son travail, puisqu&rsquo;il a annonc\u00e9, vendredi 26 d\u00e9cembre au micro de France Inter, avoir fait une demande pour obtenir la nationalit\u00e9 fran\u00e7aise.<\/p>\n<p><strong>\u00ab\u00a0Je vais effectivement faire une demande. C&rsquo;est en cours\u00a0\u00bb<\/strong>, a-t-il assur\u00e9. Un pays choisi vraisemblablement par conviction, puisqu&rsquo;il souhaite \u00ab\u00a0s&rsquo;\u00e9vader des \u00c9tats-Unis\u00a0\u00bb. \u00ab\u00a0La France, Paris, la culture fran\u00e7aise sont tr\u00e8s profond\u00e9ment en moi. Je serais tr\u00e8s honor\u00e9, je crois, d&rsquo;avoir un passeport fran\u00e7ais\u00a0\u00bb, a affirm\u00e9 le septuag\u00e9naire, et d&rsquo;ajouter vouloir tourner<a href=\"https:\/\/www.voici.fr\/celebrites\/good-morning-vietnam-france-5-le-film-avec-robin-williams-est-il-inspire-dune-histoire-vraie-764387\" target=\"_blank\" rel=\"noopener\"> tous ses prochains films<\/a> en France.<\/p>\n<p>Jim Jarmusch sous le charme de Paris<\/p>\n<p>Le producteur fran\u00e7ais Charles Gillibert, aux commandes des coulisses parisiennes du film Father, Mother, Sister Brother, <strong>a confirm\u00e9 le <\/strong><strong>\u00ab\u00a0lien tr\u00e8s fort avec la France\u00a0\u00bb <\/strong><strong>qu&rsquo;entretient Jim Jarmusch<\/strong>. \u00ab\u00a0Il est li\u00e9 \u00e0 beaucoup d&rsquo;artistes et de techniciens parisiens, c&rsquo;est une ville qu&rsquo;il conna\u00eet extr\u00eamement bien. Il avait vraiment le d\u00e9sir de tourner \u00e0 Paris\u00a0\u00bb, a-t-il expliqu\u00e9 aupr\u00e8s du CNC en ao\u00fbt dernier, alors qu&rsquo;il \u00e9voquait le tournage de la partie parisienne du film divis\u00e9 en trois s\u00e9quences.<\/p>\n<p>Father, Mother, Sister Brother \u00e9voque les petits secrets qu&rsquo;il existe <a href=\"https:\/\/www.voici.fr\/celebrites\/brooklyn-beckham-a-passe-noel-loin-de-sa-famille-pour-la-premiere-fois-les-images-de-l-evenement-devoilees-par-sa-femme-nicola-817018\" target=\"_blank\" rel=\"noopener\">au sein de la sph\u00e8re familiale<\/a>. \u00ab\u00a0Les parents ne sont pas toujours tr\u00e8s francs avec leurs enfants\u00a0\u00bb, s&rsquo;est justifi\u00e9 le cin\u00e9aste au micro de France Inter. Les trois chapitres qui structurent le film repr\u00e9sentent une famille diff\u00e9rente.<strong> Au casting ? <\/strong><a href=\"https:\/\/www.voici.fr\/bios-people\/adam-driver\" data-link-people=\"81b724f1-3d8a-4100-b0fd-092bb51a2165\" target=\"_blank\" rel=\"noopener\"><strong>Adam Driver<\/strong><\/a><strong>, <\/strong><a href=\"https:\/\/www.voici.fr\/bios-people\/charlotte-rampling\" data-link-people=\"683d30df-6c70-4c82-8688-2443deeec4c9\" target=\"_blank\" rel=\"noopener\"><strong>Charlotte Rampling<\/strong><\/a><strong>, Cate Blanchett, Tom Waits, Indya Moore&#8230;<\/strong> Tout pour s\u00e9duire les habitu\u00e9s des salles obscures !<\/p>\n","protected":false},"excerpt":{"rendered":"Van Gogh, Picasso ou encore Munch \u00e9taient inspir\u00e9s par les paysages de la France. Parmi nos artistes contemporains,&hellip;\n","protected":false},"author":2,"featured_media":625973,"comment_status":"","ping_status":"","sticky":false,"template":"","format":"standard","meta":{"footnotes":""},"categories":[1589],"tags":[11,18938,7196,73,1866,27,73523,46264,12,316,1864,1865,1863,308],"class_list":{"0":"post-625972","1":"post","2":"type-post","3":"status-publish","4":"format-standard","5":"has-post-thumbnail","7":"category-etats-unis","8":"tag-actualites","9":"tag-cate-blanchett","10":"tag-cinu00e9ma","11":"tag-etats-unis","12":"tag-etats-unis-damerique","13":"tag-france","14":"tag-jim-jarmusch","15":"tag-nationalitu00e9","16":"tag-news","17":"tag-politique","18":"tag-united-states","19":"tag-united-states-of-america","20":"tag-us","21":"tag-usa"},"share_on_mastodon":{"url":"https:\/\/pubeurope.com\/@fr\/115793905890318084","error":""},"_links":{"self":[{"href":"https:\/\/www.europesays.com\/fr\/wp-json\/wp\/v2\/posts\/625972","targetHints":{"allow":["GET"]}}],"collection":[{"href":"https:\/\/www.europesays.com\/fr\/wp-json\/wp\/v2\/posts"}],"about":[{"href":"https:\/\/www.europesays.com\/fr\/wp-json\/wp\/v2\/types\/post"}],"author":[{"embeddable":true,"href":"https:\/\/www.europesays.com\/fr\/wp-json\/wp\/v2\/users\/2"}],"replies":[{"embeddable":true,"href":"https:\/\/www.europesays.com\/fr\/wp-json\/wp\/v2\/comments?post=625972"}],"version-history":[{"count":0,"href":"https:\/\/www.europesays.com\/fr\/wp-json\/wp\/v2\/posts\/625972\/revisions"}],"wp:featuredmedia":[{"embeddable":true,"href":"https:\/\/www.europesays.com\/fr\/wp-json\/wp\/v2\/media\/625973"}],"wp:attachment":[{"href":"https:\/\/www.europesays.com\/fr\/wp-json\/wp\/v2\/media?parent=625972"}],"wp:term":[{"taxonomy":"category","embeddable":true,"href":"https:\/\/www.europesays.com\/fr\/wp-json\/wp\/v2\/categories?post=625972"},{"taxonomy":"post_tag","embeddable":true,"href":"https:\/\/www.europesays.com\/fr\/wp-json\/wp\/v2\/tags?post=625972"}],"curies":[{"name":"wp","href":"https:\/\/api.w.org\/{rel}","templated":true}]}}