{"id":625974,"date":"2025-12-27T22:32:13","date_gmt":"2025-12-27T22:32:13","guid":{"rendered":"https:\/\/www.europesays.com\/fr\/625974\/"},"modified":"2025-12-27T22:32:13","modified_gmt":"2025-12-27T22:32:13","slug":"le-royaume-uni-condamne-lattentat-terroriste-a-homs","status":"publish","type":"post","link":"https:\/\/www.europesays.com\/fr\/625974\/","title":{"rendered":"Le Royaume\u2011Uni condamne l\u2019attentat terroriste \u00e0 Homs"},"content":{"rendered":"<p><strong>Londres, (SANA) \u2013 <\/strong>Le <a href=\"https:\/\/sana.sy\/fr\/tag\/royaume%e2%80%91uni\/\" data-type=\"post_tag\" data-id=\"15277\" target=\"_blank\" rel=\"noopener\">Royaume\u2011Uni<\/a> a fermement condamn\u00e9 l\u2019<a href=\"https:\/\/sana.sy\/fr\/tag\/attentat-terroriste\/\" data-type=\"post_tag\" data-id=\"15021\" target=\"_blank\" rel=\"noopener\">attentat terroriste<\/a> qui a vis\u00e9 hier une mosqu\u00e9e dans la ville de <a href=\"https:\/\/sana.sy\/fr\/tag\/homs\/\" data-type=\"post_tag\" data-id=\"13265\" target=\"_blank\" rel=\"noopener\">Homs<\/a>, r\u00e9affirmant son engagement \u00e0 soutenir le peuple syrien pour construire un avenir stable.<\/p>\n<p>L\u2019envoy\u00e9e sp\u00e9ciale britannique pour la Syrie, <a href=\"https:\/\/sana.sy\/fr\/tag\/ann-snow\/\" data-type=\"post_tag\" data-id=\"15278\" target=\"_blank\" rel=\"noopener\">Ann Snow<\/a>, a d\u00e9clar\u00e9 aujourd\u2019hui dans un tweet sur la plateforme (X) : \u00ab Le Royaume\u2011Uni condamne fermement l\u2019attentat terroriste qui a vis\u00e9 les fid\u00e8les dans la mosqu\u00e9e de l\u2019Imam Ali Ibn Abi Talib \u00e0 Homs. Il s\u2019agit d\u2019une tentative brutale de saper la paix et la stabilit\u00e9. Nous nous tenons aux c\u00f4t\u00e9s du peuple syrien dans ses efforts pour b\u00e2tir un avenir s\u00fbr et stable \u00bb.<\/p>\n<p>Hier, un attentat terroriste a frapp\u00e9 la mosqu\u00e9e de l\u2019Imam Ali Ibn Abi Talib dans le quartier Wadi Al\u2011Dhahab \u00e0 Homs, faisant 8 morts et plus de 18 bless\u00e9s. Ce crime a suscit\u00e9 de nombreuses condamnations et de d\u00e9nonciations aux niveaux arabe, r\u00e9gional et international.<\/p>\n<p>A.Ch.<\/p>\n","protected":false},"excerpt":{"rendered":"Londres, (SANA) \u2013 Le Royaume\u2011Uni a fermement condamn\u00e9 l\u2019attentat terroriste qui a vis\u00e9 hier une mosqu\u00e9e dans la&hellip;\n","protected":false},"author":2,"featured_media":625975,"comment_status":"","ping_status":"","sticky":false,"template":"","format":"standard","meta":{"footnotes":""},"categories":[1588],"tags":[11,1777,674,12,473,1853,1851,1850,1852],"class_list":{"0":"post-625974","1":"post","2":"type-post","3":"status-publish","4":"format-standard","5":"has-post-thumbnail","7":"category-royaume-uni","8":"tag-actualites","9":"tag-eu","10":"tag-europe","11":"tag-news","12":"tag-royaume-uni","13":"tag-royaume-uni-de-grande-bretagne-et-dirlande-du-nord","14":"tag-uk","15":"tag-united-kingdom","16":"tag-united-kingdom-of-great-britain-and-northern-ireland"},"share_on_mastodon":{"url":"https:\/\/pubeurope.com\/@fr\/115793909878901594","error":""},"_links":{"self":[{"href":"https:\/\/www.europesays.com\/fr\/wp-json\/wp\/v2\/posts\/625974","targetHints":{"allow":["GET"]}}],"collection":[{"href":"https:\/\/www.europesays.com\/fr\/wp-json\/wp\/v2\/posts"}],"about":[{"href":"https:\/\/www.europesays.com\/fr\/wp-json\/wp\/v2\/types\/post"}],"author":[{"embeddable":true,"href":"https:\/\/www.europesays.com\/fr\/wp-json\/wp\/v2\/users\/2"}],"replies":[{"embeddable":true,"href":"https:\/\/www.europesays.com\/fr\/wp-json\/wp\/v2\/comments?post=625974"}],"version-history":[{"count":0,"href":"https:\/\/www.europesays.com\/fr\/wp-json\/wp\/v2\/posts\/625974\/revisions"}],"wp:featuredmedia":[{"embeddable":true,"href":"https:\/\/www.europesays.com\/fr\/wp-json\/wp\/v2\/media\/625975"}],"wp:attachment":[{"href":"https:\/\/www.europesays.com\/fr\/wp-json\/wp\/v2\/media?parent=625974"}],"wp:term":[{"taxonomy":"category","embeddable":true,"href":"https:\/\/www.europesays.com\/fr\/wp-json\/wp\/v2\/categories?post=625974"},{"taxonomy":"post_tag","embeddable":true,"href":"https:\/\/www.europesays.com\/fr\/wp-json\/wp\/v2\/tags?post=625974"}],"curies":[{"name":"wp","href":"https:\/\/api.w.org\/{rel}","templated":true}]}}