{"id":625988,"date":"2025-12-27T22:42:16","date_gmt":"2025-12-27T22:42:16","guid":{"rendered":"https:\/\/www.europesays.com\/fr\/625988\/"},"modified":"2025-12-27T22:42:16","modified_gmt":"2025-12-27T22:42:16","slug":"lou-retour-reussi-pour-guillard","status":"publish","type":"post","link":"https:\/\/www.europesays.com\/fr\/625988\/","title":{"rendered":"LOU: Retour r\u00e9ussi pour Guillard"},"content":{"rendered":"<p><strong>Absent depuis quasiment deux<br \/>\nmois, Micka\u00ebl Guillard a retrouv\u00e9 le terrain ce samedi \u00e0 Castres.<br \/>\nSi Lyon s\u2019est inclin\u00e9, le deuxi\u00e8me-ligne international a appr\u00e9ci\u00e9<br \/>\nd\u2019enfin reprendre la comp\u00e9tition.<\/strong><\/p>\n<p><strong>L\u2019heure \u00e9tait enfin venue pour Micka\u00ebl<br \/>\nGuillard.<\/strong> Victime d\u2019une luxation acromio-claviculaire \u00e0<br \/>\nune \u00e9paule lors de la d\u00e9faite du XV de France face \u00e0 l\u2019Afrique du<br \/>\nSud le 8 novembre dernier, le deuxi\u00e8me-ligne du LOU a repris la<br \/>\ncomp\u00e9tition ce samedi \u00e0 l\u2019occasion du d\u00e9placement du club rhodanien<br \/>\n\u00e0 Castres. <strong>Le natif de Trappes a remplac\u00e9 F\u00e9lix Lambey pour<br \/>\nla derni\u00e8re demi-heure de la rencontre finalement perdue par les<br \/>\nLyonnais au Stade Pierre-Fabre<\/strong>. S\u2019il a tout donn\u00e9 pour<br \/>\nessayer de changer le cours de la rencontre, n\u2019h\u00e9sitant pas \u00e0<br \/>\nattaquer la ligne pour faire avancer son \u00e9quipe, Micka\u00ebl Guillard<br \/>\ntire du positif de ce retour \u00e0 la comp\u00e9tition.<\/p>\n<p>\u00ab <strong>Franchement, je suis tr\u00e8s content d\u2019avoir<br \/>\nrejou\u00e9<\/strong>, a-t-il confi\u00e9 dans des propos recueillis par le<br \/>\nquotidien L\u2019Equipe. Je suis comme un enfant qu\u2019on a puni<br \/>\npendant sept semaines \u00e0 regarder les copains jouer dehors et qui<br \/>\npeut d\u00e9sormais ressortir avec eux. \u00bb Alors que le LOU pointe \u00e0 la<br \/>\n12eme place du classement du Top 14, Micka\u00ebl Guillard ne veut pas<br \/>\nperdre espoir dans la course aux billets pour la phase finale du<br \/>\nchampionnat. \u00ab <strong>M\u00eame si on nous dit que c\u2019est presque<br \/>\nimpossible, on va se jeter corps et \u00e2me dans la bataille<\/strong>,<br \/>\na-t-il affirm\u00e9 lors de cet entretien. Il reste treize matchs. Oui,<br \/>\non a du retard. Mais on peut encore r\u00e9aliser de belles choses.<br \/>\n\u00bb<\/p>\n<p>Guillard, objectif Bleus<br \/>\n?<\/p>\n<p>S\u2019il sera pleinement concentr\u00e9 sur son club dans les semaines \u00e0<br \/>\nvenir pour combler les onze points qui s\u00e9parent le LOU des places<br \/>\nqualificatives pour la phase finale du Top 14 apr\u00e8s cette d\u00e9faite \u00e0<br \/>\nCastres, <strong>la donne pourrait assez vite changer<\/strong>. En<br \/>\neffet, Fabien Galthi\u00e9 pourrait profiter de son retour \u00e0 la<br \/>\ncomp\u00e9tition pour le convoquer \u00e0 nouveau avec le XV de France en vue<br \/>\ndu prochain Tournoi des 6 Nations. <strong>Il pourrait alors<br \/>\nreprendre une progression au niveau international entam\u00e9e en<br \/>\njuillet 2024 lors de sa premi\u00e8re s\u00e9lection<\/strong>, alternant<br \/>\nentre la deuxi\u00e8me et la troisi\u00e8me ligne au gr\u00e9 des besoins et des<br \/>\nexp\u00e9rimentations d\u00e9cid\u00e9e par le patron des Bleus.<\/p>\n","protected":false},"excerpt":{"rendered":"Absent depuis quasiment deux mois, Micka\u00ebl Guillard a retrouv\u00e9 le terrain ce samedi \u00e0 Castres. Si Lyon s\u2019est&hellip;\n","protected":false},"author":2,"featured_media":625989,"comment_status":"","ping_status":"","sticky":false,"template":"","format":"standard","meta":{"footnotes":""},"categories":[1416],"tags":[1011,27,49773,2428,479,1468,57681,60,478],"class_list":{"0":"post-625988","1":"post","2":"type-post","3":"status-publish","4":"format-standard","5":"has-post-thumbnail","7":"category-rugby","8":"tag-fr","9":"tag-france","10":"tag-guillard","11":"tag-lyon","12":"tag-rugby","13":"tag-rugby-football","14":"tag-sport365-fr","15":"tag-sports","16":"tag-top-14"},"share_on_mastodon":{"url":"https:\/\/pubeurope.com\/@fr\/115793949085487062","error":""},"_links":{"self":[{"href":"https:\/\/www.europesays.com\/fr\/wp-json\/wp\/v2\/posts\/625988","targetHints":{"allow":["GET"]}}],"collection":[{"href":"https:\/\/www.europesays.com\/fr\/wp-json\/wp\/v2\/posts"}],"about":[{"href":"https:\/\/www.europesays.com\/fr\/wp-json\/wp\/v2\/types\/post"}],"author":[{"embeddable":true,"href":"https:\/\/www.europesays.com\/fr\/wp-json\/wp\/v2\/users\/2"}],"replies":[{"embeddable":true,"href":"https:\/\/www.europesays.com\/fr\/wp-json\/wp\/v2\/comments?post=625988"}],"version-history":[{"count":0,"href":"https:\/\/www.europesays.com\/fr\/wp-json\/wp\/v2\/posts\/625988\/revisions"}],"wp:featuredmedia":[{"embeddable":true,"href":"https:\/\/www.europesays.com\/fr\/wp-json\/wp\/v2\/media\/625989"}],"wp:attachment":[{"href":"https:\/\/www.europesays.com\/fr\/wp-json\/wp\/v2\/media?parent=625988"}],"wp:term":[{"taxonomy":"category","embeddable":true,"href":"https:\/\/www.europesays.com\/fr\/wp-json\/wp\/v2\/categories?post=625988"},{"taxonomy":"post_tag","embeddable":true,"href":"https:\/\/www.europesays.com\/fr\/wp-json\/wp\/v2\/tags?post=625988"}],"curies":[{"name":"wp","href":"https:\/\/api.w.org\/{rel}","templated":true}]}}