{"id":625995,"date":"2025-12-27T22:49:14","date_gmt":"2025-12-27T22:49:14","guid":{"rendered":"https:\/\/www.europesays.com\/fr\/625995\/"},"modified":"2025-12-27T22:49:14","modified_gmt":"2025-12-27T22:49:14","slug":"lea-salame-celle-qui-la-faite-devenir-une-star-sort-de-lombre-cest-moi-qui-connait-le-mieux-lea","status":"publish","type":"post","link":"https:\/\/www.europesays.com\/fr\/625995\/","title":{"rendered":"L\u00e9a Salam\u00e9 : celle qui l\u2019a faite devenir une star sort de l\u2019ombre, \u201cC\u2019est moi qui conna\u00eet le mieux L\u00e9a !\u201d"},"content":{"rendered":"<p>Depuis plusieurs mois, <strong>L\u00e9a Salam\u00e9<\/strong> encha\u00eene les<br \/>\n<strong>d\u00e9fis<\/strong>. Arriv\u00e9e aux <a href=\"https:\/\/www.closermag.fr\/people\/cest-degueulasse-ce-coup-tres-bas-quanne-sophie-lapix-ne-pourra-pas-digerer-3556842\" target=\"_blank\" rel=\"noopener\"><br \/>\ncommandes du 20 Heures de France 2 en remplacement d\u2019Anne-Sophie<br \/>\nLapix<\/a>, la journaliste continue \u00e9galement d\u2019animer son<br \/>\n<strong>talk-show<\/strong> hebdomadaire Quelle \u00c9poque !<br \/>\nchaque samedi soir. Son <strong>exposition<\/strong> m\u00e9diatique<br \/>\nconfirme son statut de figure <strong>incontournable<\/strong> du<br \/>\npaysage audiovisuel fran\u00e7ais. Mais derri\u00e8re cette<br \/>\n<strong>r\u00e9ussite<\/strong>, une femme a jou\u00e9 un <strong>r\u00f4le<br \/>\nd\u00e9cisif<\/strong>. Et L\u00e9a Salam\u00e9 ne manque jamais de le<br \/>\nrappeler.<\/p>\n<p>Ce 24 novembre 2025 sur le plateau de Quelle \u00c9poque !,<br \/>\nla journaliste a accueilli <strong>Laurence Bloch, ancienne<br \/>\ndirectrice de France Inter.<\/strong> Un moment charg\u00e9<br \/>\nd\u2019<strong>\u00e9motion<\/strong> pour L\u00e9a Salam\u00e9 qui a publiquement<br \/>\nreconnu combien cette personnalit\u00e9 des m\u00e9dias avait<br \/>\n<strong>chang\u00e9<\/strong> le cours de sa carri\u00e8re. Elle a rappel\u00e9<br \/>\nque, sans la <strong>confiance<\/strong> de cette dirigeante<br \/>\n\u201c<strong>de l\u2019ombre<\/strong>\u201d, elle n\u2019aurait sans doute<br \/>\n<strong>jamais occup\u00e9\u00a0une telle place<br \/>\naujourd\u2019hui.<\/strong><\/p>\n<p>\u201cL\u2019une des femmes les plus puissantes des<br \/>\nm\u00e9dias\u201d\u00a0: L\u00e9a Salam\u00e9 fait son \u00e9loge<\/p>\n<p><a href=\"https:\/\/www.closermag.fr\/people\/vous-avez-un-petit-probleme-avec-ca-lea-salame-percee-a-jour-par-la-directrice-de-france-inter-3265299\" target=\"_blank\" rel=\"noopener\"><br \/>\nL\u00e9a Salam\u00e9 a tenu \u00e0 pr\u00e9senter son fid\u00e8le mentor Laurence Bloch<\/a><br \/>\navec beaucoup de <strong>respect<\/strong>. Elle \u00e9voquait que le<br \/>\ngrand public conna\u00eet peut-\u00eatre peu son visage mais a forc\u00e9ment<br \/>\n<strong>crois\u00e9 son nom<\/strong>. \u2018\u2018Vous \u00eates une<br \/>\n<strong>femme de l\u2019ombre<\/strong> mais vous avez \u00e9t\u00e9 et vous \u00eates<br \/>\n<strong>toujours l\u2019une des femmes les plus puissantes des<br \/>\nm\u00e9dias.\u2019\u2019<\/strong> Elle a rappel\u00e9 le <strong>r\u00f4le<\/strong><br \/>\nessentiel de Laurence Bloch dans le <strong>succ\u00e8s<\/strong> de<br \/>\nFrance Inter et dans son propre <strong>parcours<\/strong>.<br \/>\nC\u2019est elle qui l\u2019a fait <strong>venir<\/strong> sur la<br \/>\n<strong>station<\/strong> il y a une dizaine d\u2019ann\u00e9es. Un<br \/>\n<strong>pari<\/strong> d\u00e9cisif pour sa carri\u00e8re. La journaliste a<br \/>\ninsist\u00e9 : \u2018\u2018Je suis <strong>tr\u00e8s<\/strong><br \/>\n<strong>heureuse<\/strong> de vous recevoir, il faut<br \/>\nquand m\u00eame que je dise aux gens que je<strong>\u00a0vous dois<br \/>\n\u00e9norm\u00e9ment.<\/strong> Puisque <strong>vous m\u2019avez donn\u00e9 ma chance il<br \/>\ny a dix ans maintenant, sur France Inter,<\/strong> et que<br \/>\n<strong>sans vous je ne serais pas l\u00e0.\u00a0\u00bb<\/strong><\/p>\n<p>Face \u00e0 ces <strong>remerciements<\/strong>, Laurence Bloch a<br \/>\nr\u00e9pondu avec une <strong>franchise<\/strong> touchante. Elle a<br \/>\nexpliqu\u00e9 conna\u00eetre L\u00e9a Salam\u00e9 presque \u201c<strong>comme sa propre<br \/>\nenfant<\/strong>\u201d. Symbole d\u2019un lien <strong>professionnel et<br \/>\nhumain tr\u00e8s fort.<\/strong> L\u2019ancienne directrice, dipl\u00f4m\u00e9e de<br \/>\n<strong>Sciences Po<\/strong> et pass\u00e9e par plusieurs<br \/>\ngrandes <strong>universit\u00e9s<\/strong> avant d\u2019int\u00e9grer Radio<br \/>\nFrance, a rappel\u00e9 son <strong>ambition<\/strong> \u00e0 son arriv\u00e9e.<br \/>\n<strong>Moderniser<\/strong> l\u2019antenne, <strong>f\u00e9miniser<\/strong><br \/>\nles voix et donner leur place \u00e0 de <strong>nouveaux<br \/>\ntalents<\/strong>. Mission accomplie : France Inter a<br \/>\n<strong>grimp\u00e9 en audience.<\/strong> Et plusieurs<br \/>\n<strong>femmes<\/strong> dont <strong>L\u00e9a Salam\u00e9<\/strong> y ont<br \/>\ntrouv\u00e9 un <strong>tremplin<\/strong> exceptionnel.<\/p>\n<p>\u201cC\u2019est moi qui connais le mieux L\u00e9a<br \/>\n!\u201d<\/p>\n<p>Pour Laurence Bloch, la <strong>r\u00e9ussite de L\u00e9a Salam\u00e9 n\u2019a rien<br \/>\nd\u2019un hasard.<\/strong> Elle parle d\u2019une journaliste<br \/>\n<strong>passionn\u00e9e, brillante et acharn\u00e9e<\/strong> au travail. Et<br \/>\nelle admet la consid\u00e9rer presque comme un <strong>membre de sa<br \/>\nfamille<\/strong> professionnelle ayant suivi chacune des<br \/>\n<strong>\u00e9tapes<\/strong> de son <strong>\u00e9volution<\/strong>. De ses<br \/>\npremiers pas \u00e0 France Inter jusqu\u2019\u00e0 <a href=\"https:\/\/www.closermag.fr\/people\/je-tortille-pas-du-cl-lea-salame-sans-aucun-filtre-sur-son-arrivee-au-20h-de-france-2-3566541\" target=\"_blank\" rel=\"noopener\"><br \/>\nl\u2019arriv\u00e9e remarqu\u00e9e de L\u00e9a Salam\u00e9 au 20 Heures de France 2<\/a>.<br \/>\n\u00ab\u00a0C\u2019est moi qui <strong>connais le mieux L\u00e9a, je la connais<br \/>\ncomme ma fille\u00a0<\/strong>!\u00a0\u00bb avait alors affirm\u00e9 Laurence<br \/>\nBloch.<\/p>\n<p>Aujourd\u2019hui, alors qu\u2019elle combine <strong>talk-show et grand<br \/>\nJT<\/strong>, L\u00e9a Salam\u00e9 continue de reconna\u00eetre publiquement ce<br \/>\n<strong>soutien<\/strong> initial. Cette <strong>complicit\u00e9<\/strong><br \/>\nrare entre une <strong>dirigeante<\/strong> de m\u00e9dias et une<br \/>\n<strong>journaliste<\/strong> rappelle combien certaines rencontres<br \/>\n<strong>changent une vie et une carri\u00e8re<\/strong>. Une chose est<br \/>\ns\u00fbre. Si L\u00e9a Salam\u00e9 s\u2019impose d\u00e9sormais comme l\u2019une des<br \/>\n<strong>figures phares de l\u2019audiovisuel fran\u00e7ais<\/strong>, c\u2019est<br \/>\naussi gr\u00e2ce \u00e0 cette <strong>femme de l\u2019ombre<\/strong> qui, un jour,<br \/>\na pari\u00e9 sur elle.<\/p>\n","protected":false},"excerpt":{"rendered":"Depuis plusieurs mois, L\u00e9a Salam\u00e9 encha\u00eene les d\u00e9fis. Arriv\u00e9e aux commandes du 20 Heures de France 2 en&hellip;\n","protected":false},"author":2,"featured_media":625996,"comment_status":"","ping_status":"","sticky":false,"template":"","format":"standard","meta":{"footnotes":""},"categories":[1359],"tags":[21303,58,59,1011,27,70426,973,65861],"class_list":{"0":"post-625995","1":"post","2":"type-post","3":"status-publish","4":"format-standard","5":"has-post-thumbnail","7":"category-people","8":"tag-buzz_nonli","9":"tag-divertissement","10":"tag-entertainment","11":"tag-fr","12":"tag-france","13":"tag-marfeel_news","14":"tag-people","15":"tag-trend"},"share_on_mastodon":{"url":"https:\/\/pubeurope.com\/@fr\/115793976667382991","error":""},"_links":{"self":[{"href":"https:\/\/www.europesays.com\/fr\/wp-json\/wp\/v2\/posts\/625995","targetHints":{"allow":["GET"]}}],"collection":[{"href":"https:\/\/www.europesays.com\/fr\/wp-json\/wp\/v2\/posts"}],"about":[{"href":"https:\/\/www.europesays.com\/fr\/wp-json\/wp\/v2\/types\/post"}],"author":[{"embeddable":true,"href":"https:\/\/www.europesays.com\/fr\/wp-json\/wp\/v2\/users\/2"}],"replies":[{"embeddable":true,"href":"https:\/\/www.europesays.com\/fr\/wp-json\/wp\/v2\/comments?post=625995"}],"version-history":[{"count":0,"href":"https:\/\/www.europesays.com\/fr\/wp-json\/wp\/v2\/posts\/625995\/revisions"}],"wp:featuredmedia":[{"embeddable":true,"href":"https:\/\/www.europesays.com\/fr\/wp-json\/wp\/v2\/media\/625996"}],"wp:attachment":[{"href":"https:\/\/www.europesays.com\/fr\/wp-json\/wp\/v2\/media?parent=625995"}],"wp:term":[{"taxonomy":"category","embeddable":true,"href":"https:\/\/www.europesays.com\/fr\/wp-json\/wp\/v2\/categories?post=625995"},{"taxonomy":"post_tag","embeddable":true,"href":"https:\/\/www.europesays.com\/fr\/wp-json\/wp\/v2\/tags?post=625995"}],"curies":[{"name":"wp","href":"https:\/\/api.w.org\/{rel}","templated":true}]}}