{"id":625997,"date":"2025-12-27T22:50:23","date_gmt":"2025-12-27T22:50:23","guid":{"rendered":"https:\/\/www.europesays.com\/fr\/625997\/"},"modified":"2025-12-27T22:50:23","modified_gmt":"2025-12-27T22:50:23","slug":"lantibes-photo-club-sauve-par-cinq-de-ses-membres","status":"publish","type":"post","link":"https:\/\/www.europesays.com\/fr\/625997\/","title":{"rendered":"l\u2019Antibes Photo club sauv\u00e9 par cinq de ses membres"},"content":{"rendered":"<p class=\"fs-5 \">L\u2019Antibes Photo Club ne pouvait pas dispara\u00eetre ainsi. L\u2019APC, connu comme le loup blanc dans la cit\u00e9 des remparts, a pourtant fr\u00f4l\u00e9 la fermeture, \u00e0 la suite de la dissolution de son bureau et du d\u00e9part de son pr\u00e9sident, David Gadiou. Heureusement, cinq membres passionn\u00e9s ont d\u00e9cid\u00e9 de relever le d\u00e9fi et de le sauver, anim\u00e9s par l\u2019amour de l\u2019image et du partage.<\/p>\n<p class=\"fs-5 \">Le club des cinq est compos\u00e9 d\u2019\u00c9lisabeth, Christian, Denis, Jacky et d\u2019Esther, la pr\u00e9sidente. Ils se sont lanc\u00e9s dans une aventure qu\u2019ils esp\u00e8rent p\u00e9renne et remplies d\u2019\u00e9changes, de photos, de sorties avec les adh\u00e9rents pr\u00e9sents et futurs. \u00ab Je ne me voyais pas abandonner le club, glisse Esther. Durant l\u2019assembl\u00e9e g\u00e9n\u00e9rale, il fallait se d\u00e9cider rapidement, pour reprendre les r\u00eanes apr\u00e8s le d\u00e9part de l\u2019\u00e9quipe pr\u00e9c\u00e9dente. Apr\u00e8s la d\u00e9cision, j\u2019ai jet\u00e9 une bouteille \u00e0 la mer sur les r\u00e9seaux sociaux, pour sauver le club. Il fallait le faire, pour que cette entit\u00e9 bien connue dans la ville poursuive ses activit\u00e9s. \u00bb<\/p>\n<p>        <img src=\"https:\/\/www.europesays.com\/fr\/wp-content\/uploads\/2025\/12\/fc1ad1d_upload-from-url-1-abwdpzn17ssp-data-art-16571322.jpg\"   loading=\"lazy\" decoding=\"async\" alt=\"\u00c0 travers son exposition \u00ab Pass\u00e9\/Pr\u00e9sent\u00a0: mes improbables photos \u00bb, le photographe antibois Claude Juan fusionne les \u00e9poques pour faire dialoguer m\u00e9moire et modernit\u00e9, offrant un voyage po\u00e9tique entre les g\u00e9n\u00e9rations d\u2019Antibes Juan-les-Pins.\" class=\"img-fluid position-absolute w-100 object-fit-cover rounded-2\" width=\"600\" height=\"400\"\/><\/p>\n<p>                                                                                \u00ab Ouvrir la porte \u00e0 de nouveaux talents \u00bb<\/p>\n<p class=\"fs-5 \">Unis par la conviction que la photographie est un art qui se vit et se transmet, les b\u00e9n\u00e9voles ont d\u00e9j\u00e0 des projets en t\u00eate. Outre leur participation \u00e0 des \u00e9v\u00e9nements de la vie antiboise, comme Les Floralies, les Fotofolies, Octobre Rose ou encore des projets autour de l\u2019architecture, l\u2019APC va proposer de nouveaux rendez-vous. \u00ab On veut souligner le soutien \u00e9troit de la mairie, qui permet de faire rayonner la photographie aupr\u00e8s du grand public. Pour 2026, la t\u00e2che s\u2019annonce exigeante mais stimulante. Nous souhaitons donner un nouvel \u00e9lan au club, renforcer sa visibilit\u00e9 et inviter les membres \u00e0 s\u2019investir pleinement. L\u2019objectif est clair : faire du club un espace vivant, o\u00f9 chacun peut partager sa passion, d\u00e9velopper son potentiel photographique et ouvrir la porte \u00e0 de nouveaux talents. On veut donner confiance aux adh\u00e9rents [ils sont une quarantaine] et donner une valeur ajout\u00e9e \u00e0 leur travail. \u00bb<\/p>\n<p>                                                                                R\u00e9unions les 2e et 4e lundis du mois \u00e0 Saint-Claude<\/p>\n<p class=\"fs-5 \">D\u00e8s 12-13 ans, tout le monde est bienvenu au club de photo, quel que soit le niveau. \u00ab On propose deux r\u00e9unions par mois [2e et 4e lundis du mois] \u00e0 la Maison des associations de Saint-Claude, quatre expositions par an et de nombreuses sorties \u00bb souligne Esther. Qui poursuit : \u00ab On voudrait intervenir dans les \u00e9coles, les Ehpad de la ville, pour faire conna\u00eetre la photographie. Et organiser des ateliers sur la technique, conna\u00eetre son bo\u00eetier, la pause longue, le contre-jour, etc. La premi\u00e8re r\u00e9union de l\u2019ann\u00e9e se tiendra le 12 janvier \u00e0 19 h, \u00e0 la Maison des associations. \u00bb Au-del\u00e0 des images, c\u2019est une aventure humaine qui se poursuit. L\u2019Antibes Photo club va \u00e9crire une nouvelle page, en restant fid\u00e8le \u00e0 son esprit : f\u00e9d\u00e9rer, transmettre et mettre en lumi\u00e8re la richesse des regards.<\/p>\n","protected":false},"excerpt":{"rendered":"L\u2019Antibes Photo Club ne pouvait pas dispara\u00eetre ainsi. L\u2019APC, connu comme le loup blanc dans la cit\u00e9 des&hellip;\n","protected":false},"author":2,"featured_media":625998,"comment_status":"","ping_status":"","sticky":false,"template":"","format":"standard","meta":{"footnotes":""},"categories":[1358],"tags":[1348,1384,1385,1386,58,59,1011,27],"class_list":{"0":"post-625997","1":"post","2":"type-post","3":"status-publish","4":"format-standard","5":"has-post-thumbnail","7":"category-arts-et-design","8":"tag-arts","9":"tag-arts-and-design","10":"tag-arts-et-design","11":"tag-design","12":"tag-divertissement","13":"tag-entertainment","14":"tag-fr","15":"tag-france"},"share_on_mastodon":{"url":"https:\/\/pubeurope.com\/@fr\/115793981466601392","error":""},"_links":{"self":[{"href":"https:\/\/www.europesays.com\/fr\/wp-json\/wp\/v2\/posts\/625997","targetHints":{"allow":["GET"]}}],"collection":[{"href":"https:\/\/www.europesays.com\/fr\/wp-json\/wp\/v2\/posts"}],"about":[{"href":"https:\/\/www.europesays.com\/fr\/wp-json\/wp\/v2\/types\/post"}],"author":[{"embeddable":true,"href":"https:\/\/www.europesays.com\/fr\/wp-json\/wp\/v2\/users\/2"}],"replies":[{"embeddable":true,"href":"https:\/\/www.europesays.com\/fr\/wp-json\/wp\/v2\/comments?post=625997"}],"version-history":[{"count":0,"href":"https:\/\/www.europesays.com\/fr\/wp-json\/wp\/v2\/posts\/625997\/revisions"}],"wp:featuredmedia":[{"embeddable":true,"href":"https:\/\/www.europesays.com\/fr\/wp-json\/wp\/v2\/media\/625998"}],"wp:attachment":[{"href":"https:\/\/www.europesays.com\/fr\/wp-json\/wp\/v2\/media?parent=625997"}],"wp:term":[{"taxonomy":"category","embeddable":true,"href":"https:\/\/www.europesays.com\/fr\/wp-json\/wp\/v2\/categories?post=625997"},{"taxonomy":"post_tag","embeddable":true,"href":"https:\/\/www.europesays.com\/fr\/wp-json\/wp\/v2\/tags?post=625997"}],"curies":[{"name":"wp","href":"https:\/\/api.w.org\/{rel}","templated":true}]}}