{"id":625999,"date":"2025-12-27T22:52:18","date_gmt":"2025-12-27T22:52:18","guid":{"rendered":"https:\/\/www.europesays.com\/fr\/625999\/"},"modified":"2025-12-27T22:52:18","modified_gmt":"2025-12-27T22:52:18","slug":"tu-etais-trop-bouffee-par-le-stress-michael-goldman-star-academy-et-les-professeurs-severes-avec-melissa-apres-son-evaluation-ratee-sur-le-prime","status":"publish","type":"post","link":"https:\/\/www.europesays.com\/fr\/625999\/","title":{"rendered":"\u00ab\u00a0Tu \u00e9tais trop bouff\u00e9e par le stress\u00a0\u00bb : Michael Goldman (Star Academy) et les professeurs s\u00e9v\u00e8res avec M\u00e9lissa apr\u00e8s son \u00e9valuation rat\u00e9e sur le prime"},"content":{"rendered":"<p>\u00c9valu\u00e9e sur le prime de la Star Academy ce samedi 27 d\u00e9cembre sur TF1, M\u00e9lissa n&rsquo;a pas convaincu Michael Goldman et les professeurs. D\u00e9couvrez leur avis.<\/p>\n<p>Pour le dernier prime de l&rsquo;ann\u00e9e, les huit \u00e9l\u00e8ves toujours en lice dans la <a href=\"https:\/\/www.programme-tv.net\/news\/tv\/388521-star-academy-2025-date-de-diffusion-professeurs-casting-toutes-les-infos-sur-la-nouvelle-saison\/\" data-api-deeplink=\"teleloisirs:\/\/news\/388521\" target=\"_blank\" rel=\"noopener\">Star Academy 2025<\/a> vont devoir convaincre les professeurs pour \u00e9chapper \u00e0 la nomination. Lors du <a href=\"https:\/\/www.programme-tv.net\/news\/tv\/394591-star-academy-decouvrez-les-chansons-que-chaque-eleve-devra-interpreter-aux-evaluations-du-prochain-prime\/\" data-api-deeplink=\"teleloisirs:\/\/news\/394591\" target=\"_blank\" rel=\"noopener\">prime des \u00e9valuations<\/a> ce samedi 27 d\u00e9cembre sur TF1, L\u00e9a, Anouk, Victor, Ambre, Sarah, Th\u00e9o P, L\u00e9a et Bastiaan seront jug\u00e9s par Michael Goldman, Sofia Morgavi et Marl\u00e8ne Schaff en chant, Jonathan Jenvrin en danse et Papy en th\u00e9\u00e2tre. Et les notes seront calcul\u00e9es en direct. Mais avant \u00e7a, <a href=\"https:\/\/www.programme-tv.net\/news\/tv\/394760-star-academy-qui-est-l-eleve-immunise-pour-le-prime-du-samedi-27-decembre\/\" data-api-deeplink=\"teleloisirs:\/\/news\/394760\" target=\"_blank\" rel=\"noopener\">L\u00e9a qui est immunis\u00e9 ce soir<\/a> a pr\u00e9sent\u00e9 sa carte blanche. La jeune femme de 22 ans a tout donn\u00e9 sur Burlesque de <a href=\"https:\/\/www.programme-tv.net\/biographie\/37316-aguilera-christina\/\" data-link-people=\"8e8b6e13-e4ec-4d09-80e3-07d2c4cb6b69\" target=\"_blank\" rel=\"noopener\">Christina Aguilera<\/a>, un tableau qu&rsquo;elle a elle-m\u00eame imagin\u00e9.<\/p>\n<p>Bastiaan a \u00e9t\u00e9 le premier \u00e9l\u00e8ve \u00e0 monter sur la sc\u00e8ne du studio 217 pour les \u00e9valuations de la Star Academy. Sa performance sur L&rsquo;enfer de Stromae lui a valu un 15,2 de la part du directeur et des professeures de chant et expression sc\u00e9nique. Sarah a suivi avec une reprise de Proud Mary de <a href=\"https:\/\/www.programme-tv.net\/biographie\/2866-turner-tina\/\" data-link-people=\"94283d4b-7874-4d54-9629-44c0a0820316\" target=\"_blank\" rel=\"noopener\">Tina Turner<\/a> et a \u00e9t\u00e9 r\u00e9compens\u00e9e avec la note de 15,7. Victor a encha\u00een\u00e9 avec All I Ask d&rsquo;Adele et a impressionn\u00e9 le corps professoral. R\u00e9sultat ? La note de 16,2. C&rsquo;est ensuite M\u00e9lissa qui a chant\u00e9 Les mots bleus de Christophe (version <a href=\"https:\/\/www.programme-tv.net\/biographie\/191793-jordana-camelia\/\" data-link-people=\"1e1395ca-d809-44de-b64b-1c7ac1731098\" target=\"_blank\" rel=\"noopener\">Cam\u00e9lia Jordana<\/a>). Malheureusement, elle n&rsquo;a pas autant brill\u00e9 que ses camarades. Les professeurs n&rsquo;ont pas \u00e9t\u00e9 tendres avec la candidate apr\u00e8s sa performance. \u00ab\u00a0Ce qu&rsquo;il m&rsquo;a manqu\u00e9, c&rsquo;est une articulation, une diction plus pr\u00e9cise. Il y a beaucoup de ports de voix par en dessous, et \u00e7a enl\u00e8ve de la sinc\u00e9rit\u00e9 au texte et \u00e0 ce que tu peux nous transmettre\u00a0\u00bb, a d\u00e9clar\u00e9 Sofia Morgavi. \u00ab\u00a0C&rsquo;est un moment d\u00e9sagr\u00e9able pour tout le monde\u00a0\u00bb, a avou\u00e9 Marl\u00e8ne Schaff avant de donner son avis : \u00ab\u00a0Je pense que l&rsquo;\u00e9tape suivante pour toi, c&rsquo;est d&rsquo;oser aussi aller plus dans la confiance en ta voix. L\u00e0 t&rsquo;avais des opportunit\u00e9s de dingue de faire un arrangement vocal.\u00a0\u00bb<\/p>\n<p>                        Michael Goldman (Star Academy) d\u00e9\u00e7u de l&rsquo;\u00e9valuation de M\u00e9lissa sur le prime<\/p>\n<p>Michael Goldman a aussi partag\u00e9 sa d\u00e9ception concernant son \u00e9valuation. \u00ab\u00a0C&rsquo;est rest\u00e9, \u00e0 mes yeux et \u00e0 mes oreilles, encore un peu mignonnet. J&rsquo;ai peur que le stress ait pris un peu trop de place et que tu n&rsquo;aies pas vraiment v\u00e9cu la chanson et que tu \u00e9tais un peu trop bouff\u00e9e par le stress\u00a0\u00bb, a confi\u00e9 le directeur avant de conclure : \u00ab\u00a0C&rsquo;est une bonne prestation, mais pas une excellente prestation.\u00a0\u00bb M\u00e9lissa a obtenu la moins bonne note de la soir\u00e9e pour le moment : 13,8.<\/p>\n","protected":false},"excerpt":{"rendered":"\u00c9valu\u00e9e sur le prime de la Star Academy ce samedi 27 d\u00e9cembre sur TF1, M\u00e9lissa n&rsquo;a pas convaincu&hellip;\n","protected":false},"author":2,"featured_media":626000,"comment_status":"","ping_status":"","sticky":false,"template":"","format":"standard","meta":{"footnotes":""},"categories":[1356],"tags":[244,58,59,1011,27,64696,64698,64694,64695,18440,18439,73524,73525,5095,64699,64697,67813,68033,252,199,2175,1364],"class_list":{"0":"post-625999","1":"post","2":"type-post","3":"status-publish","4":"format-standard","5":"has-post-thumbnail","7":"category-television","8":"tag-commentaire","9":"tag-divertissement","10":"tag-entertainment","11":"tag-fr","12":"tag-france","13":"tag-la-quotidienne-25112022-173000-tf1","14":"tag-la-quotidienne-su00e9rie-52118294","15":"tag-la-quotidienne-1100832954","16":"tag-la-quotidienne-1100860641","17":"tag-marlu00e8ne-schaff","18":"tag-michael-goldman","19":"tag-mu00e9lissa-star-academy-2025","20":"tag-sofia-morgavi","21":"tag-star-academy","22":"tag-star-academy-le-prime-9790195","23":"tag-star-academy-1100807804","24":"tag-star-academy-1101059444","25":"tag-star-academy-1101324617","26":"tag-television","27":"tag-tf1","28":"tag-tl-story","29":"tag-tv"},"share_on_mastodon":{"url":"","error":"Validation failed: Text character limit of 500 exceeded"},"_links":{"self":[{"href":"https:\/\/www.europesays.com\/fr\/wp-json\/wp\/v2\/posts\/625999","targetHints":{"allow":["GET"]}}],"collection":[{"href":"https:\/\/www.europesays.com\/fr\/wp-json\/wp\/v2\/posts"}],"about":[{"href":"https:\/\/www.europesays.com\/fr\/wp-json\/wp\/v2\/types\/post"}],"author":[{"embeddable":true,"href":"https:\/\/www.europesays.com\/fr\/wp-json\/wp\/v2\/users\/2"}],"replies":[{"embeddable":true,"href":"https:\/\/www.europesays.com\/fr\/wp-json\/wp\/v2\/comments?post=625999"}],"version-history":[{"count":0,"href":"https:\/\/www.europesays.com\/fr\/wp-json\/wp\/v2\/posts\/625999\/revisions"}],"wp:featuredmedia":[{"embeddable":true,"href":"https:\/\/www.europesays.com\/fr\/wp-json\/wp\/v2\/media\/626000"}],"wp:attachment":[{"href":"https:\/\/www.europesays.com\/fr\/wp-json\/wp\/v2\/media?parent=625999"}],"wp:term":[{"taxonomy":"category","embeddable":true,"href":"https:\/\/www.europesays.com\/fr\/wp-json\/wp\/v2\/categories?post=625999"},{"taxonomy":"post_tag","embeddable":true,"href":"https:\/\/www.europesays.com\/fr\/wp-json\/wp\/v2\/tags?post=625999"}],"curies":[{"name":"wp","href":"https:\/\/api.w.org\/{rel}","templated":true}]}}