{"id":626019,"date":"2025-12-27T23:03:23","date_gmt":"2025-12-27T23:03:23","guid":{"rendered":"https:\/\/www.europesays.com\/fr\/626019\/"},"modified":"2025-12-27T23:03:23","modified_gmt":"2025-12-27T23:03:23","slug":"artisanat-a-26-ans-le-stephanois-stanis-wagner-produit-les-meilleures-galettes-de-la-loire","status":"publish","type":"post","link":"https:\/\/www.europesays.com\/fr\/626019\/","title":{"rendered":"Artisanat. \u00c0 26 ans, le St\u00e9phanois Stanis Wagner produit les meilleures galettes de la Loire"},"content":{"rendered":"<p>Les f\u00eates de fin d\u2019ann\u00e9e sur le point de passer, il s\u2019agit d\u00e9j\u00e0 de penser aux galettes. Et si l\u2019on souhaite alors d\u00e9guster la meilleure du d\u00e9partement, c\u2019est \u00e0 La Pause boulange qu\u2019il faudra se rendre, \u00e0 Carnot. Stanis Wagner, jeune salari\u00e9 de la boulangerie-p\u00e2tisserie qui jouxte la Cit\u00e9 du design, a en effet remport\u00e9 ce concours fin novembre.<\/p>\n<p>Face \u00e0 17 autres candidats, <a href=\"https:\/\/www.leprogres.fr\/economie\/2025\/11\/29\/concours-departemental-de-la-galette-des-rois-mettre-en-avant-le-savoir-faire-des-artisans\" target=\"_blank\" rel=\"noopener\">il a remport\u00e9 les suffrages du jury<\/a> et s\u2019est qualifi\u00e9 pour la finale r\u00e9gionale d\u2019octobre 2026. \u00ab\u00a0Je me suis inscrit \u00e0 ce concours parce que j\u2019aime me challenger\u00a0\u00bb,&#8230;<\/p>\n","protected":false},"excerpt":{"rendered":"Les f\u00eates de fin d\u2019ann\u00e9e sur le point de passer, il s\u2019agit d\u00e9j\u00e0 de penser aux galettes. Et&hellip;\n","protected":false},"author":2,"featured_media":626020,"comment_status":"","ping_status":"","sticky":false,"template":"","format":"standard","meta":{"footnotes":""},"categories":[9653],"tags":[1111,11,2430,4406,33,7539,1777,674,1011,27,3367,6016,12,25,4001,7538],"class_list":{"0":"post-626019","1":"post","2":"type-post","3":"status-publish","4":"format-standard","5":"has-post-thumbnail","7":"category-saint-etienne","8":"tag-actu","9":"tag-actualites","10":"tag-auvergne-rhone-alpes","11":"tag-commerce-et-services","12":"tag-economie","13":"tag-edition-loire-sud","14":"tag-eu","15":"tag-europe","16":"tag-fr","17":"tag-france","18":"tag-loire","19":"tag-magazine-cuisine-et-vins","20":"tag-news","21":"tag-republique-francaise","22":"tag-saint-etienne","23":"tag-saint-etienne-ville"},"share_on_mastodon":{"url":"https:\/\/pubeurope.com\/@fr\/115794031732944220","error":""},"_links":{"self":[{"href":"https:\/\/www.europesays.com\/fr\/wp-json\/wp\/v2\/posts\/626019","targetHints":{"allow":["GET"]}}],"collection":[{"href":"https:\/\/www.europesays.com\/fr\/wp-json\/wp\/v2\/posts"}],"about":[{"href":"https:\/\/www.europesays.com\/fr\/wp-json\/wp\/v2\/types\/post"}],"author":[{"embeddable":true,"href":"https:\/\/www.europesays.com\/fr\/wp-json\/wp\/v2\/users\/2"}],"replies":[{"embeddable":true,"href":"https:\/\/www.europesays.com\/fr\/wp-json\/wp\/v2\/comments?post=626019"}],"version-history":[{"count":0,"href":"https:\/\/www.europesays.com\/fr\/wp-json\/wp\/v2\/posts\/626019\/revisions"}],"wp:featuredmedia":[{"embeddable":true,"href":"https:\/\/www.europesays.com\/fr\/wp-json\/wp\/v2\/media\/626020"}],"wp:attachment":[{"href":"https:\/\/www.europesays.com\/fr\/wp-json\/wp\/v2\/media?parent=626019"}],"wp:term":[{"taxonomy":"category","embeddable":true,"href":"https:\/\/www.europesays.com\/fr\/wp-json\/wp\/v2\/categories?post=626019"},{"taxonomy":"post_tag","embeddable":true,"href":"https:\/\/www.europesays.com\/fr\/wp-json\/wp\/v2\/tags?post=626019"}],"curies":[{"name":"wp","href":"https:\/\/api.w.org\/{rel}","templated":true}]}}