{"id":626021,"date":"2025-12-27T23:04:27","date_gmt":"2025-12-27T23:04:27","guid":{"rendered":"https:\/\/www.europesays.com\/fr\/626021\/"},"modified":"2025-12-27T23:04:27","modified_gmt":"2025-12-27T23:04:27","slug":"le-bus-caillasse-parvient-a-repartir","status":"publish","type":"post","link":"https:\/\/www.europesays.com\/fr\/626021\/","title":{"rendered":"le bus caillass\u00e9 parvient \u00e0 repartir"},"content":{"rendered":"<p>C\u2019est un guet-apens qui a \u00e9t\u00e9 mis en place, ce samedi apr\u00e8s-midi, dans le quartier de Montreynaud, \u00e0 Saint-\u00c9tienne. Des poubelles mises en travers de la chauss\u00e9e ont oblig\u00e9 un bus de la Stas \u00e0 ralentir. Il a alors subi de nombreux jets de pierres. Une vitre du v\u00e9hicule a \u00e9t\u00e9 cass\u00e9e. Le chauffeur de bus a r\u00e9ussi \u00e0 se d\u00e9gager et repartir.<\/p>\n<p>Alert\u00e9s les policiers ont investi le quartier, plusieurs \u00e9quipages se sont rendus sur place pour des contr\u00f4les d\u2019identit\u00e9 et des v\u00e9rifications dans les immeubles. La pr\u00e9sidente de Saint-\u00c9tienne M\u00e9tropole, Sylvie Fayolle, a r\u00e9agi \u00e0 cette agression dans un communiqu\u00e9 de presse.<\/p>\n<p>\u00ab \u200aJe condamne avec la plus grande fermet\u00e9 l\u2019attaque l\u00e2che dont a \u00e9t\u00e9 victime un de nos chauffeurs de la Stas \u00bb, \u00e9crit-elle, pr\u00e9cisant \u00eatre \u00e0 leurs c\u00f4t\u00e9s pour \u00ab \u200arenforcer la s\u00e9curit\u00e9 dans les transports m\u00e9tropolitains \u00bb.<\/p>\n<p>Dans ce m\u00eame communiqu\u00e9, elle annonce qu\u2019elle nommera \u00ab\u200ad\u00e8s le d\u00e9but de l\u2019ann\u00e9e un conseiller d\u00e9l\u00e9gu\u00e9 \u00e0 la s\u00e9curit\u00e9 au transport aupr\u00e8s du vice-pr\u00e9sident.\u200a\u00bb<\/p>\n","protected":false},"excerpt":{"rendered":"C\u2019est un guet-apens qui a \u00e9t\u00e9 mis en place, ce samedi apr\u00e8s-midi, dans le quartier de Montreynaud, \u00e0&hellip;\n","protected":false},"author":2,"featured_media":626022,"comment_status":"","ping_status":"","sticky":false,"template":"","format":"standard","meta":{"footnotes":""},"categories":[9653],"tags":[1111,11,2430,271,272,7539,1777,674,274,107,1011,27,3367,12,25,4001,7538],"class_list":{"0":"post-626021","1":"post","2":"type-post","3":"status-publish","4":"format-standard","5":"has-post-thumbnail","7":"category-saint-etienne","8":"tag-actu","9":"tag-actualites","10":"tag-auvergne-rhone-alpes","11":"tag-crime","12":"tag-delit-et-contravention","13":"tag-edition-loire-sud","14":"tag-eu","15":"tag-europe","16":"tag-faits-divers-justice","17":"tag-fil-info","18":"tag-fr","19":"tag-france","20":"tag-loire","21":"tag-news","22":"tag-republique-francaise","23":"tag-saint-etienne","24":"tag-saint-etienne-ville"},"share_on_mastodon":{"url":"https:\/\/pubeurope.com\/@fr\/115794035557652250","error":""},"_links":{"self":[{"href":"https:\/\/www.europesays.com\/fr\/wp-json\/wp\/v2\/posts\/626021","targetHints":{"allow":["GET"]}}],"collection":[{"href":"https:\/\/www.europesays.com\/fr\/wp-json\/wp\/v2\/posts"}],"about":[{"href":"https:\/\/www.europesays.com\/fr\/wp-json\/wp\/v2\/types\/post"}],"author":[{"embeddable":true,"href":"https:\/\/www.europesays.com\/fr\/wp-json\/wp\/v2\/users\/2"}],"replies":[{"embeddable":true,"href":"https:\/\/www.europesays.com\/fr\/wp-json\/wp\/v2\/comments?post=626021"}],"version-history":[{"count":0,"href":"https:\/\/www.europesays.com\/fr\/wp-json\/wp\/v2\/posts\/626021\/revisions"}],"wp:featuredmedia":[{"embeddable":true,"href":"https:\/\/www.europesays.com\/fr\/wp-json\/wp\/v2\/media\/626022"}],"wp:attachment":[{"href":"https:\/\/www.europesays.com\/fr\/wp-json\/wp\/v2\/media?parent=626021"}],"wp:term":[{"taxonomy":"category","embeddable":true,"href":"https:\/\/www.europesays.com\/fr\/wp-json\/wp\/v2\/categories?post=626021"},{"taxonomy":"post_tag","embeddable":true,"href":"https:\/\/www.europesays.com\/fr\/wp-json\/wp\/v2\/tags?post=626021"}],"curies":[{"name":"wp","href":"https:\/\/api.w.org\/{rel}","templated":true}]}}