{"id":626023,"date":"2025-12-27T23:08:29","date_gmt":"2025-12-27T23:08:29","guid":{"rendered":"https:\/\/www.europesays.com\/fr\/626023\/"},"modified":"2025-12-27T23:08:29","modified_gmt":"2025-12-27T23:08:29","slug":"nancy-1925-une-experience-de-la-vie-moderne-6","status":"publish","type":"post","link":"https:\/\/www.europesays.com\/fr\/626023\/","title":{"rendered":"Nancy 1925. Une exp\u00e9rience de la vie moderne"},"content":{"rendered":"<p>Cent ans apr\u00e8s l\u2019Exposition internationale des arts d\u00e9coratifs et industriels modernes de Paris en 1925, l\u2019exposition\u00a0<strong>Nancy 1925. Une exp\u00e9rience de la vie moderne<\/strong>\u00a0se propose de resituer la gen\u00e8se et les d\u00e9veloppements de l\u2019Art d\u00e9co \u00e0 Nancy, en retra\u00e7ant une histoire du go\u00fbt dans les arts d\u00e9coratifs de 1900 \u00e0 la fin des ann\u00e9es 1930.<\/p>\n<p>L\u2019exposition\u00a0<strong>Nancy 1925. Une exp\u00e9rience de la vie moderne<\/strong>, fruit de la collaboration du mus\u00e9e des Beaux-Arts de Nancy, du mus\u00e9e de l\u2019\u00c9cole de Nancy et du Mus\u00e9e lorrain, retrace l\u2019histoire des arts industriels lorrains. Elle met \u00e0 l\u2019honneur les collections municipales, dont des fonds in\u00e9dits, ainsi que de nombreux pr\u00eats provenant de collections particuli\u00e8res. Des pi\u00e8ces de mobilier, verre, c\u00e9ramique, vitrail, sculpture, peinture, orf\u00e8vrerie, photographie, cin\u00e9ma, documentation visuelle et sonore, aux c\u00f4t\u00e9s d\u2019objets et de t\u00e9moignages du quotidien, invitent les visiteurs \u00e0 red\u00e9couvrir la vie nanc\u00e9ienne d\u2019une \u00e9poque assez largement m\u00e9connue aujourd\u2019hui.C\u2019est tout un pan de l\u2019histoire artistique, sociale et culturelle de Nancy dans la premi\u00e8re moiti\u00e9 du XXe si\u00e8cle qui est r\u00e9v\u00e9l\u00e9 \u00e0 travers ce parcours sensible.<strong>Labellis\u00e9e d\u2019int\u00e9r\u00eat national par le minist\u00e8re de la Culture, cette exposition pluridisciplinaire, entre beaux-arts, arts d\u00e9coratifs, histoire et soci\u00e9t\u00e9, redessine la physionomie de la cr\u00e9ation \u00e0 Nancy dans les ann\u00e9es 1920 et 1930.<\/strong><\/p>\n<p>\u00a0<\/p>\n<p><strong>Tarifs : <\/strong><\/p>\n<ul>&#13;<\/p>\n<li><strong>Tarif normal<\/strong>\u00a0: 10\u20ac &#8211; 7,5\u20ac<\/li>\n<p>&#13;<\/p>\n<li><strong>Tarif r\u00e9duit<\/strong>\u00a0: 7\u20ac &#8211; 5\u20ac<\/li>\n<p>&#13;\n<\/ul>\n<p>Ouvert tous les jours de 10h \u00e0 18h, sauf le mardi. Fermeture les 1er janvier et 25 d\u00e9cembre.<\/p>\n","protected":false},"excerpt":{"rendered":"Cent ans apr\u00e8s l\u2019Exposition internationale des arts d\u00e9coratifs et industriels modernes de Paris en 1925, l\u2019exposition\u00a0Nancy 1925. Une&hellip;\n","protected":false},"author":2,"featured_media":615831,"comment_status":"","ping_status":"","sticky":false,"template":"","format":"standard","meta":{"footnotes":""},"categories":[9635],"tags":[1111,11,1777,674,1011,27,775,1702,12,25],"class_list":{"0":"post-626023","1":"post","2":"type-post","3":"status-publish","4":"format-standard","5":"has-post-thumbnail","7":"category-nancy","8":"tag-actu","9":"tag-actualites","10":"tag-eu","11":"tag-europe","12":"tag-fr","13":"tag-france","14":"tag-grand-est","15":"tag-nancy","16":"tag-news","17":"tag-republique-francaise"},"share_on_mastodon":{"url":"https:\/\/pubeurope.com\/@fr\/115794051244831295","error":""},"_links":{"self":[{"href":"https:\/\/www.europesays.com\/fr\/wp-json\/wp\/v2\/posts\/626023","targetHints":{"allow":["GET"]}}],"collection":[{"href":"https:\/\/www.europesays.com\/fr\/wp-json\/wp\/v2\/posts"}],"about":[{"href":"https:\/\/www.europesays.com\/fr\/wp-json\/wp\/v2\/types\/post"}],"author":[{"embeddable":true,"href":"https:\/\/www.europesays.com\/fr\/wp-json\/wp\/v2\/users\/2"}],"replies":[{"embeddable":true,"href":"https:\/\/www.europesays.com\/fr\/wp-json\/wp\/v2\/comments?post=626023"}],"version-history":[{"count":0,"href":"https:\/\/www.europesays.com\/fr\/wp-json\/wp\/v2\/posts\/626023\/revisions"}],"wp:featuredmedia":[{"embeddable":true,"href":"https:\/\/www.europesays.com\/fr\/wp-json\/wp\/v2\/media\/615831"}],"wp:attachment":[{"href":"https:\/\/www.europesays.com\/fr\/wp-json\/wp\/v2\/media?parent=626023"}],"wp:term":[{"taxonomy":"category","embeddable":true,"href":"https:\/\/www.europesays.com\/fr\/wp-json\/wp\/v2\/categories?post=626023"},{"taxonomy":"post_tag","embeddable":true,"href":"https:\/\/www.europesays.com\/fr\/wp-json\/wp\/v2\/tags?post=626023"}],"curies":[{"name":"wp","href":"https:\/\/api.w.org\/{rel}","templated":true}]}}