{"id":626026,"date":"2025-12-27T23:16:04","date_gmt":"2025-12-27T23:16:04","guid":{"rendered":"https:\/\/www.europesays.com\/fr\/626026\/"},"modified":"2025-12-27T23:16:04","modified_gmt":"2025-12-27T23:16:04","slug":"a-montpellier-les-deux-braqueurs-mis-en-deroute-par-leur-victime-et-coinces-par-la-bac","status":"publish","type":"post","link":"https:\/\/www.europesays.com\/fr\/626026\/","title":{"rendered":"A Montpellier, les deux \u00ab\u00a0braqueurs\u00a0\u00bb mis en d\u00e9route par leur victime et coinc\u00e9s par la BAC"},"content":{"rendered":"<p>                    Par<br \/>\n        <strong><br \/>\n            <a href=\"https:\/\/actu.fr\/auteur\/g-martin\" title=\"Consulter tous les articles de Gil Martin\" target=\"_blank\" rel=\"noopener\">Gil Martin<\/a><br \/>\n                    <\/strong><\/p>\n<p>        Publi\u00e9 le<\/p>\n<p>            26 d\u00e9c. 2025 \u00e0 10h17        <\/p>\n<p>Le mardi 23 d\u00e9cembre, vers 23h30, un couple revient d\u2019une s\u00e9ance au cin\u00e9ma en tramway. Ils s\u2019arr\u00eatent \u00e0 la station Albert 1er pour prendre une correspondance lorsque, arriv\u00e9s \u00e0 la station Saint Eloi, deux jeunes hommes (le plus \u00e2g\u00e9 a 28 ans, le plus jeune 21) montent \u00e0 leur tour dans le tram et viennent s\u2019assoir en face d\u2019eux.<\/p>\n<p>Tentative de diversion<\/p>\n<p class=\" wall-content\">Les deux jeunes d\u00e9visagent le couple auquel ils font face et ce petit man\u00e8ge dure jusqu\u2019\u00e0 la station Paul Val\u00e9ry o\u00f9 le couple descend\u2026 constatant avec d\u00e9plaisir que les deux jeunes leur ont emboit\u00e9 le pas. Au bout d\u2019un court moment, ces derniers finissent par interpeller le couple.<\/p>\n<p class=\" wall-content\">Pendant que le plus jeune fait diversion en demandant son chemin \u00e0 la femme en lui montrant l\u2019\u00e9cran de son portable, tout n visant son sac \u00e0 main, l\u2019autre essaie de frapper l\u2019homme, mais ce dernier se d\u00e9fend et repousse son agresseur, lui arrachant au passage sa cha\u00eene en or. Tr\u00e8s en col\u00e8re, il met les deux agresseurs \u00e0 distance qui s\u2019\u00e9loignent un peu.<\/p>\n<p>    <a href=\"https:\/\/www.google.com\/maps\/embed?pb=!1m18!1m12!1m3!1d2888.5612869820675!2d3.8713545256698123!3d43.615675421103845!2m3!1f0!2f0!3f0!3m2!1i1024!2i768!4f13.1!3m3!1m2!1s0x12b6af05b8bfffcb%3A0x2792430c1d9d4ec6!2sPlace%20Albert%201%20Saint-Charles!5e0!3m2!1sfr!2sfr!4v1766772724075!5m2!1sfr!2sfr\" title=\"Ouvrie le lien\" target=\"_blank\" rel=\"noopener\">Cliquez ici pour visualiser le contenu<\/a><\/p>\n<p>La BAC retrouve les agresseurs<\/p>\n<p class=\" wall-content\">Le couple en a profit\u00e9 pour appeler le 17 et une patrouille de la BAC est rapidement sur place. Le couple livre aux policiers une description tr\u00e8s pr\u00e9cise des deux individus qui sont rep\u00e9r\u00e9s par la BAC et interpell\u00e9s.<\/p>\n<p>Vid\u00e9os : en ce moment sur Actu<\/p>\n<p class=\" wall-content\">Le couple agress\u00e9 \u00e0 port\u00e9 plainte et les deux \u00ab\u00a0braqueurs\u00a0\u00bb, n\u00e9s respectivement en 1997 et 2004, sont plac\u00e9s en garde \u00e0 vue et seront pr\u00e9sent\u00e9 \u00e0 la justice pour tentative de vol en r\u00e9union.<\/p>\n<p class=\" wall-content\">Personnalisez votre actualit\u00e9 en ajoutant vos villes et m\u00e9dias en favori avec <a href=\"https:\/\/moncompte.actu.fr\" title=\"D\u00e9couvez Mon Actu\" rel=\"nofollow noopener\" data-trk=\"{&quot;cta&quot;:{&quot;action&quot;:&quot;https:\\\/\\\/moncompte.actu.fr&quot;,&quot;category&quot;:&quot;mon compte&quot;,&quot;from&quot;:&quot;article footer&quot;,&quot;name&quot;:&quot;Mon actu&quot;,&quot;type&quot;:&quot;cta&quot;}}\" target=\"_blank\">Mon Actu<\/a>.<\/p>\n","protected":false},"excerpt":{"rendered":"Par Gil Martin Publi\u00e9 le 26 d\u00e9c. 2025 \u00e0 10h17 Le mardi 23 d\u00e9cembre, vers 23h30, un couple&hellip;\n","protected":false},"author":2,"featured_media":626027,"comment_status":"","ping_status":"","sticky":false,"template":"","format":"standard","meta":{"footnotes":""},"categories":[9599],"tags":[1111,11,1777,674,118,1011,27,2208,12,2680,25],"class_list":{"0":"post-626026","1":"post","2":"type-post","3":"status-publish","4":"format-standard","5":"has-post-thumbnail","7":"category-montpellier","8":"tag-actu","9":"tag-actualites","10":"tag-eu","11":"tag-europe","12":"tag-faits-divers","13":"tag-fr","14":"tag-france","15":"tag-montpellier","16":"tag-news","17":"tag-occitanie","18":"tag-republique-francaise"},"share_on_mastodon":{"url":"https:\/\/pubeurope.com\/@fr\/115794082768438782","error":""},"_links":{"self":[{"href":"https:\/\/www.europesays.com\/fr\/wp-json\/wp\/v2\/posts\/626026","targetHints":{"allow":["GET"]}}],"collection":[{"href":"https:\/\/www.europesays.com\/fr\/wp-json\/wp\/v2\/posts"}],"about":[{"href":"https:\/\/www.europesays.com\/fr\/wp-json\/wp\/v2\/types\/post"}],"author":[{"embeddable":true,"href":"https:\/\/www.europesays.com\/fr\/wp-json\/wp\/v2\/users\/2"}],"replies":[{"embeddable":true,"href":"https:\/\/www.europesays.com\/fr\/wp-json\/wp\/v2\/comments?post=626026"}],"version-history":[{"count":0,"href":"https:\/\/www.europesays.com\/fr\/wp-json\/wp\/v2\/posts\/626026\/revisions"}],"wp:featuredmedia":[{"embeddable":true,"href":"https:\/\/www.europesays.com\/fr\/wp-json\/wp\/v2\/media\/626027"}],"wp:attachment":[{"href":"https:\/\/www.europesays.com\/fr\/wp-json\/wp\/v2\/media?parent=626026"}],"wp:term":[{"taxonomy":"category","embeddable":true,"href":"https:\/\/www.europesays.com\/fr\/wp-json\/wp\/v2\/categories?post=626026"},{"taxonomy":"post_tag","embeddable":true,"href":"https:\/\/www.europesays.com\/fr\/wp-json\/wp\/v2\/tags?post=626026"}],"curies":[{"name":"wp","href":"https:\/\/api.w.org\/{rel}","templated":true}]}}