{"id":626030,"date":"2025-12-27T23:20:22","date_gmt":"2025-12-27T23:20:22","guid":{"rendered":"https:\/\/www.europesays.com\/fr\/626030\/"},"modified":"2025-12-27T23:20:22","modified_gmt":"2025-12-27T23:20:22","slug":"elite-2-en-mal-de-constance-le-scabb-perd-le-cap-contre-rouen","status":"publish","type":"post","link":"https:\/\/www.europesays.com\/fr\/626030\/","title":{"rendered":"\u00c9lite 2. En mal de constance, le SCABB perd le cap contre Rouen"},"content":{"rendered":"<p> SCABB &#8211; Rouen 86-89 Le SCABB n\u2019a pas r\u00e9ussi son pari. Vainqueur de Quimper et Caen, il a \u00e9chou\u00e9 de justesse \u00e0 la maison contre Rouen. Dans un final \u00e0 couper le souffle, les deux formations se sont disput\u00e9 la victoire. Bruyas a trouv\u00e9 la mire de loin au corner pour \u00e9galiser (86-86) avant que Croft lui r\u00e9ponde (86-89) \u00e0 trois secondes de la fin. Cape aurait pu \u00eatre le h\u00e9ros du soir si son tir n\u2019avait pas fait gamelle\u2026 Dommage pour le SCABB mais tout s\u2019est jou\u00e9 avant.<\/p>\n<p>Comme il y a huit jours contre Quimper, le SCABB a pris les choses en main d\u2019entr\u00e9e. Un premier quart-temps o\u00f9 les hommes de Julien Cortey ont mis les barbel\u00e9s en d\u00e9fense pour vite se projeter dans le camp adverse. Dans le sillage de Moujib et Uduje, les locaux prenaient vite le large (15-4, 5e ). Dominateurs dans la raquette (18pts),&#8230;<\/p>\n","protected":false},"excerpt":{"rendered":"SCABB &#8211; Rouen 86-89 Le SCABB n\u2019a pas r\u00e9ussi son pari. Vainqueur de Quimper et Caen, il a&hellip;\n","protected":false},"author":2,"featured_media":626031,"comment_status":"","ping_status":"","sticky":false,"template":"","format":"standard","meta":{"footnotes":""},"categories":[9587],"tags":[1111,11,1791,7539,1777,674,1011,27,12,5161,25,9590,9669,9670,517],"class_list":{"0":"post-626030","1":"post","2":"type-post","3":"status-publish","4":"format-standard","5":"has-post-thumbnail","7":"category-rouen","8":"tag-actu","9":"tag-actualites","10":"tag-basket-ball","11":"tag-edition-loire-sud","12":"tag-eu","13":"tag-europe","14":"tag-fr","15":"tag-france","16":"tag-news","17":"tag-normandie","18":"tag-republique-francaise","19":"tag-rouen","20":"tag-saint-chamond","21":"tag-saint-chamond-ville","22":"tag-sport"},"share_on_mastodon":{"url":"https:\/\/pubeurope.com\/@fr\/115794098470166335","error":""},"_links":{"self":[{"href":"https:\/\/www.europesays.com\/fr\/wp-json\/wp\/v2\/posts\/626030","targetHints":{"allow":["GET"]}}],"collection":[{"href":"https:\/\/www.europesays.com\/fr\/wp-json\/wp\/v2\/posts"}],"about":[{"href":"https:\/\/www.europesays.com\/fr\/wp-json\/wp\/v2\/types\/post"}],"author":[{"embeddable":true,"href":"https:\/\/www.europesays.com\/fr\/wp-json\/wp\/v2\/users\/2"}],"replies":[{"embeddable":true,"href":"https:\/\/www.europesays.com\/fr\/wp-json\/wp\/v2\/comments?post=626030"}],"version-history":[{"count":0,"href":"https:\/\/www.europesays.com\/fr\/wp-json\/wp\/v2\/posts\/626030\/revisions"}],"wp:featuredmedia":[{"embeddable":true,"href":"https:\/\/www.europesays.com\/fr\/wp-json\/wp\/v2\/media\/626031"}],"wp:attachment":[{"href":"https:\/\/www.europesays.com\/fr\/wp-json\/wp\/v2\/media?parent=626030"}],"wp:term":[{"taxonomy":"category","embeddable":true,"href":"https:\/\/www.europesays.com\/fr\/wp-json\/wp\/v2\/categories?post=626030"},{"taxonomy":"post_tag","embeddable":true,"href":"https:\/\/www.europesays.com\/fr\/wp-json\/wp\/v2\/tags?post=626030"}],"curies":[{"name":"wp","href":"https:\/\/api.w.org\/{rel}","templated":true}]}}