{"id":626034,"date":"2025-12-27T23:27:19","date_gmt":"2025-12-27T23:27:19","guid":{"rendered":"https:\/\/www.europesays.com\/fr\/626034\/"},"modified":"2025-12-27T23:27:19","modified_gmt":"2025-12-27T23:27:19","slug":"pollution-de-lair-a-rennes-la-star-propose-un-pass-special-pour-le-28-decembre","status":"publish","type":"post","link":"https:\/\/www.europesays.com\/fr\/626034\/","title":{"rendered":"Pollution de l&rsquo;air \u00e0 Rennes\u00a0: la Star propose un pass sp\u00e9cial pour le 28\u00a0d\u00e9cembre"},"content":{"rendered":"<p>Ce week-end, du 27 au 28 d\u00e9cembre 2025, la qualit\u00e9 de l\u2019air \u00e0 Rennes se d\u00e9grade, avec un niveau \u00e9lev\u00e9 de particules fines, selon les pr\u00e9visions de l\u2019observatoire Air Breizh. La situation est particuli\u00e8rement pr\u00e9occupante dans la capitale bretonne, o\u00f9 les habitants sont invit\u00e9s \u00e0 redoubler de vigilance.<\/p>\n<p>Pass qualit\u00e9 de l\u2019air \u00e0 1,70 \u20ac<\/p>\n<p>Pour encourager l\u2019utilisation des transports en commun, la Star met en place, ce dimanche, son pass qualit\u00e9 de l\u2019air. Vendu \u00e0 1,70 \u20ac, il permet de circuler toute la journ\u00e9e sur l\u2019ensemble du r\u00e9seau (bus et m\u00e9tro), offrant ainsi une alternative aux d\u00e9placements en voiture.<\/p>\n","protected":false},"excerpt":{"rendered":"Ce week-end, du 27 au 28 d\u00e9cembre 2025, la qualit\u00e9 de l\u2019air \u00e0 Rennes se d\u00e9grade, avec un&hellip;\n","protected":false},"author":2,"featured_media":626035,"comment_status":"","ping_status":"","sticky":false,"template":"","format":"standard","meta":{"footnotes":""},"categories":[2821],"tags":[1111,11,829,1777,674,1011,27,12,1800,584,25],"class_list":{"0":"post-626034","1":"post","2":"type-post","3":"status-publish","4":"format-standard","5":"has-post-thumbnail","7":"category-rennes","8":"tag-actu","9":"tag-actualites","10":"tag-bretagne","11":"tag-eu","12":"tag-europe","13":"tag-fr","14":"tag-france","15":"tag-news","16":"tag-pollution","17":"tag-rennes","18":"tag-republique-francaise"},"share_on_mastodon":{"url":"https:\/\/pubeurope.com\/@fr\/115794126080192654","error":""},"_links":{"self":[{"href":"https:\/\/www.europesays.com\/fr\/wp-json\/wp\/v2\/posts\/626034","targetHints":{"allow":["GET"]}}],"collection":[{"href":"https:\/\/www.europesays.com\/fr\/wp-json\/wp\/v2\/posts"}],"about":[{"href":"https:\/\/www.europesays.com\/fr\/wp-json\/wp\/v2\/types\/post"}],"author":[{"embeddable":true,"href":"https:\/\/www.europesays.com\/fr\/wp-json\/wp\/v2\/users\/2"}],"replies":[{"embeddable":true,"href":"https:\/\/www.europesays.com\/fr\/wp-json\/wp\/v2\/comments?post=626034"}],"version-history":[{"count":0,"href":"https:\/\/www.europesays.com\/fr\/wp-json\/wp\/v2\/posts\/626034\/revisions"}],"wp:featuredmedia":[{"embeddable":true,"href":"https:\/\/www.europesays.com\/fr\/wp-json\/wp\/v2\/media\/626035"}],"wp:attachment":[{"href":"https:\/\/www.europesays.com\/fr\/wp-json\/wp\/v2\/media?parent=626034"}],"wp:term":[{"taxonomy":"category","embeddable":true,"href":"https:\/\/www.europesays.com\/fr\/wp-json\/wp\/v2\/categories?post=626034"},{"taxonomy":"post_tag","embeddable":true,"href":"https:\/\/www.europesays.com\/fr\/wp-json\/wp\/v2\/tags?post=626034"}],"curies":[{"name":"wp","href":"https:\/\/api.w.org\/{rel}","templated":true}]}}