{"id":626037,"date":"2025-12-27T23:29:51","date_gmt":"2025-12-27T23:29:51","guid":{"rendered":"https:\/\/www.europesays.com\/fr\/626037\/"},"modified":"2025-12-27T23:29:51","modified_gmt":"2025-12-27T23:29:51","slug":"balade-au-chateau-de-la-leonardsau-a-30-min-de-strasbourg","status":"publish","type":"post","link":"https:\/\/www.europesays.com\/fr\/626037\/","title":{"rendered":"balade au ch\u00e2teau de la L\u00e9onardsau, \u00e0 30 min de Strasbourg"},"content":{"rendered":"<p>    <img loading=\"lazy\" width=\"1800\" height=\"900\" src=\"https:\/\/www.europesays.com\/fr\/wp-content\/uploads\/2025\/11\/jeanne-callthepolice.jpg\" class=\"attachment-full size-full\" alt=\"\" id=\"imageLove\" decoding=\"async\"  \/><\/p>\n<p id=\"breadcrumbs\"><a href=\"https:\/\/pokaa.fr\/\" target=\"_blank\" rel=\"noopener\">Accueil<\/a> \/ <a href=\"https:\/\/pokaa.fr\/categories\/evasion-alsace-sortie-tourisme\/\" target=\"_blank\" rel=\"noopener\">\u00c9vasion &amp; nature<\/a> \/ Vue imprenable et patrimoine : balade au ch\u00e2teau de la L\u00e9onardsau, \u00e0 30 min de Strasbourg<\/p>\n<p>                    \u00c9vasion &amp; nature<\/p>\n<p><strong>Saviez-vous qu\u2019\u00e0 Obernai se cache un lieu surprenant ? Nich\u00e9 au pied du mont Sainte-Odile, \u00e0 30 minutes de Strasbourg, le ch\u00e2teau de la L\u00e9onardsau profite d\u2019une jeunesse retrouv\u00e9e apr\u00e8s 3 ans de r\u00e9novation. Si on n\u2019a pas eu le temps d\u2019y aller avant sa fermeture de saison, on y a quand m\u00eame fait une balade hivernale pour d\u00e9couvrir son architecture et profiter de son parc ouvert toute l\u2019ann\u00e9e, avant la r\u00e9ouverture pr\u00e9vue le 1er avril 2026.\u00a0<\/strong><\/p>\n<p><strong>Le domaine de la L\u00e9onardsau, c\u2019est 9 hectares de jardins accessibles toute l\u2019ann\u00e9e, et un ch\u00e2teau rempli d\u2019histoires, qui a \u00e9t\u00e9 r\u00e9nov\u00e9 durant les trois derni\u00e8res ann\u00e9es.<\/strong> Ancienne blanchisserie et manufacture d\u2019armes, le lieu est <strong>rachet\u00e9 en 1896 par le baron Albert Louis Eug\u00e8ne de Dietrich. <\/strong>Si le nom vous \u00e9voque l\u2019\u00e9lectrom\u00e9nager, c\u2019est normal : il appartient en effet \u00e0 cette famille bien connue.<\/p>\n<p><strong>Gr\u00e8s rose, boiseries, Art nouveau, panneaux de style Renaissance\u2026<\/strong> Au total : <strong>37 pi\u00e8ces<\/strong> aux influences diverses sont r\u00e9parties sur 4 \u00e9tages, dont le Baron a supervis\u00e9 les moindres d\u00e9tails, de la (re)construction \u00e0 la d\u00e9coration. <strong>Un tr\u00e9sor patrimonial,<\/strong> aujourd\u2019hui d\u00e9tenu par la Ville d\u2019Obernai, <strong>accessible \u00e0 nouveau \u00e0 partir du 1er avril \u2013 m\u00eame si le domaine est ouvert toute l\u2019ann\u00e9e pour se balader dans un \u00e9crin de verdure soign\u00e9.<\/strong><\/p>\n<p>                <img width=\"750\" height=\"500\" src=\"https:\/\/www.europesays.com\/fr\/wp-content\/uploads\/2025\/12\/domaine-chateau-leonardsau-obernai-9-750x500.jpg\" class=\"attachment-gallery size-gallery\" alt=\"Domaine Ch\u00e2teau Leonardsau Obernai (9)\" data-full-url=\"https:\/\/pokaa.fr\/wp-content\/uploads\/2025\/12\/18\/domaine-chateau-leonardsau-obernai-9.jpg\" decoding=\"async\" loading=\"lazy\"  \/>            <\/p>\n<p>                <img width=\"750\" height=\"500\" src=\"https:\/\/www.europesays.com\/fr\/wp-content\/uploads\/2025\/12\/domaine-chateau-leonardsau-obernai-8-750x500.jpg\" class=\"attachment-gallery size-gallery\" alt=\"Domaine Ch\u00e2teau Leonardsau Obernai (8)\" data-full-url=\"https:\/\/pokaa.fr\/wp-content\/uploads\/2025\/12\/18\/domaine-chateau-leonardsau-obernai-8.jpg\" decoding=\"async\" loading=\"lazy\"  \/>            <\/p>\n<p>                <img width=\"750\" height=\"500\" src=\"https:\/\/www.europesays.com\/fr\/wp-content\/uploads\/2025\/12\/domaine-chateau-leonardsau-obernai-39-750x500.jpg\" class=\"attachment-gallery size-gallery\" alt=\"Domaine Ch\u00e2teau Leonardsau Obernai (39)\" data-full-url=\"https:\/\/pokaa.fr\/wp-content\/uploads\/2025\/12\/18\/domaine-chateau-leonardsau-obernai-39.jpg\" decoding=\"async\" loading=\"lazy\"  \/>            <\/p>\n<p>                <img width=\"888\" height=\"500\" src=\"https:\/\/www.europesays.com\/fr\/wp-content\/uploads\/2025\/12\/domaine-chateau-leonardsau-obernai-5-888x500.jpg\" class=\"attachment-gallery size-gallery\" alt=\"Domaine Ch\u00e2teau Leonardsau Obernai (5)\" data-full-url=\"https:\/\/pokaa.fr\/wp-content\/uploads\/2025\/12\/18\/domaine-chateau-leonardsau-obernai-5.jpg\" decoding=\"async\" loading=\"lazy\"  \/>            <\/p>\n<p>                <img width=\"892\" height=\"500\" src=\"https:\/\/www.europesays.com\/fr\/wp-content\/uploads\/2025\/12\/domaine-chateau-leonardsau-obernai-7-892x500.jpg\" class=\"attachment-gallery size-gallery\" alt=\"Domaine Ch\u00e2teau Leonardsau Obernai (7)\" data-full-url=\"https:\/\/pokaa.fr\/wp-content\/uploads\/2025\/12\/18\/domaine-chateau-leonardsau-obernai-7.jpg\" decoding=\"async\" loading=\"lazy\"  \/>            <\/p>\n<p>                    \u00a9 Marie Goehner-David \/ Pokaa<\/p>\n<p>    <img width=\"800\" height=\"533\" src=\"https:\/\/www.europesays.com\/fr\/wp-content\/uploads\/2025\/12\/domaine-chateau-leonardsau-obernai-22-800x533.jpg\" class=\"attachment-image-size-L size-image-size-L\" alt=\"Domaine Ch\u00e2teau Leonardsau Obernai (22)\" decoding=\"async\" loading=\"lazy\"  \/>         \u00a9 Marie Goehner-David \/ Pokaa <\/p>\n<p>Une balade hivernale entre verdure, patrimoine et modernit\u00e9 <\/p>\n<p>Impatient(e)s, on n\u2019a pas r\u00e9sist\u00e9 : <strong>nous sommes all\u00e9(e)s d\u00e9couvrir le b\u00e2timent de l\u2019ext\u00e9rieur, et sa nouvelle extension contemporaine.<\/strong> En cuivre mat, elle reprend les lignes g\u00e9om\u00e9triques du toit d\u2019origine, de m\u00eame qu\u2019elle vise \u00e0 prot\u00e9ger les espaces int\u00e9rieurs prot\u00e9g\u00e9s, tout en favorisant la circulation entre les diff\u00e9rents espaces.<\/p>\n<p><strong>On se retrouve \u00e0 admirer le m\u00e9lange entre patrimoine et architecture contemporaine, <\/strong>mais aussi\u00a0les reflets du soleil sur le m\u00e9tal et les d\u00e9coupes de ce b\u00e2timent de caract\u00e8re, en se demandant ce qui s\u2019y cache.<\/p>\n<p>                <img width=\"750\" height=\"500\" src=\"https:\/\/www.europesays.com\/fr\/wp-content\/uploads\/2025\/12\/domaine-chateau-leonardsau-obernai-26-750x500.jpg\" class=\"attachment-gallery size-gallery\" alt=\"Domaine Ch\u00e2teau Leonardsau Obernai (26)\" data-full-url=\"https:\/\/pokaa.fr\/wp-content\/uploads\/2025\/12\/18\/domaine-chateau-leonardsau-obernai-26.jpg\" decoding=\"async\" loading=\"lazy\"  \/>            <\/p>\n<p>                <img width=\"750\" height=\"500\" src=\"https:\/\/www.europesays.com\/fr\/wp-content\/uploads\/2025\/12\/domaine-chateau-leonardsau-obernai-45-750x500.jpg\" class=\"attachment-gallery size-gallery\" alt=\"Domaine Ch\u00e2teau Leonardsau Obernai (45)\" data-full-url=\"https:\/\/pokaa.fr\/wp-content\/uploads\/2025\/12\/18\/domaine-chateau-leonardsau-obernai-45.jpg\" decoding=\"async\" loading=\"lazy\"  \/>            <\/p>\n<p>                <img width=\"750\" height=\"500\" src=\"https:\/\/www.europesays.com\/fr\/wp-content\/uploads\/2025\/12\/domaine-chateau-leonardsau-obernai-21-750x500.jpg\" class=\"attachment-gallery size-gallery\" alt=\"Domaine Ch\u00e2teau Leonardsau Obernai (21)\" data-full-url=\"https:\/\/pokaa.fr\/wp-content\/uploads\/2025\/12\/18\/domaine-chateau-leonardsau-obernai-21.jpg\" decoding=\"async\" loading=\"lazy\"  \/>            <\/p>\n<p>                <img width=\"750\" height=\"500\" src=\"https:\/\/www.europesays.com\/fr\/wp-content\/uploads\/2025\/12\/domaine-chateau-leonardsau-obernai-23-750x500.jpg\" class=\"attachment-gallery size-gallery\" alt=\"Domaine Ch\u00e2teau Leonardsau Obernai (23)\" data-full-url=\"https:\/\/pokaa.fr\/wp-content\/uploads\/2025\/12\/18\/domaine-chateau-leonardsau-obernai-23.jpg\" decoding=\"async\" loading=\"lazy\"  \/>            <\/p>\n<p>                <img width=\"750\" height=\"500\" src=\"https:\/\/www.europesays.com\/fr\/wp-content\/uploads\/2025\/12\/domaine-chateau-leonardsau-obernai-46-750x500.jpg\" class=\"attachment-gallery size-gallery\" alt=\"Domaine Ch\u00e2teau Leonardsau Obernai (46)\" data-full-url=\"https:\/\/pokaa.fr\/wp-content\/uploads\/2025\/12\/18\/domaine-chateau-leonardsau-obernai-46.jpg\" decoding=\"async\" loading=\"lazy\"  \/>            <\/p>\n<p>                    \u00a9 Marie Goehner-David \/ Pokaa<\/p>\n<p>    <img width=\"800\" height=\"534\" src=\"https:\/\/www.europesays.com\/fr\/wp-content\/uploads\/2025\/12\/domaine-chateau-leonardsau-obernai-31-800x534.jpg\" class=\"attachment-image-size-L size-image-size-L\" alt=\"Domaine Ch\u00e2teau Leonardsau Obernai (31)\" decoding=\"async\" loading=\"lazy\"  \/>         \u00a9 Marie Goehner-David \/ Pokaa <\/p>\n<p>                <img width=\"750\" height=\"500\" src=\"https:\/\/www.europesays.com\/fr\/wp-content\/uploads\/2025\/12\/domaine-chateau-leonardsau-obernai-37-750x500.jpg\" class=\"attachment-gallery size-gallery\" alt=\"Domaine Ch\u00e2teau Leonardsau Obernai (37)\" data-full-url=\"https:\/\/pokaa.fr\/wp-content\/uploads\/2025\/12\/18\/domaine-chateau-leonardsau-obernai-37.jpg\" decoding=\"async\" loading=\"lazy\"  \/>            <\/p>\n<p>                <img width=\"750\" height=\"500\" src=\"https:\/\/www.europesays.com\/fr\/wp-content\/uploads\/2025\/12\/domaine-chateau-leonardsau-obernai-38-750x500.jpg\" class=\"attachment-gallery size-gallery\" alt=\"Domaine Ch\u00e2teau Leonardsau Obernai (38)\" data-full-url=\"https:\/\/pokaa.fr\/wp-content\/uploads\/2025\/12\/18\/domaine-chateau-leonardsau-obernai-38.jpg\" decoding=\"async\" loading=\"lazy\"  \/>            <\/p>\n<p>                <img width=\"750\" height=\"500\" src=\"https:\/\/www.europesays.com\/fr\/wp-content\/uploads\/2025\/12\/domaine-chateau-leonardsau-obernai-36-750x500.jpg\" class=\"attachment-gallery size-gallery\" alt=\"Domaine Ch\u00e2teau Leonardsau Obernai (36)\" data-full-url=\"https:\/\/pokaa.fr\/wp-content\/uploads\/2025\/12\/18\/domaine-chateau-leonardsau-obernai-36.jpg\" decoding=\"async\" loading=\"lazy\"  \/>            <\/p>\n<p>                <img width=\"750\" height=\"500\" src=\"https:\/\/www.europesays.com\/fr\/wp-content\/uploads\/2025\/12\/domaine-chateau-leonardsau-obernai-35-750x500.jpg\" class=\"attachment-gallery size-gallery\" alt=\"Domaine Ch\u00e2teau Leonardsau Obernai (35)\" data-full-url=\"https:\/\/pokaa.fr\/wp-content\/uploads\/2025\/12\/18\/domaine-chateau-leonardsau-obernai-35.jpg\" decoding=\"async\" loading=\"lazy\"  \/>            <\/p>\n<p>                <img width=\"750\" height=\"500\" src=\"https:\/\/www.europesays.com\/fr\/wp-content\/uploads\/2025\/12\/domaine-chateau-leonardsau-obernai-27-750x500.jpg\" class=\"attachment-gallery size-gallery\" alt=\"Domaine Ch\u00e2teau Leonardsau Obernai (27)\" data-full-url=\"https:\/\/pokaa.fr\/wp-content\/uploads\/2025\/12\/18\/domaine-chateau-leonardsau-obernai-27.jpg\" decoding=\"async\" loading=\"lazy\"  \/>            <\/p>\n<p>                <img width=\"750\" height=\"500\" src=\"https:\/\/www.europesays.com\/fr\/wp-content\/uploads\/2025\/12\/domaine-chateau-leonardsau-obernai-25-750x500.jpg\" class=\"attachment-gallery size-gallery\" alt=\"Domaine Ch\u00e2teau Leonardsau Obernai (25)\" data-full-url=\"https:\/\/pokaa.fr\/wp-content\/uploads\/2025\/12\/18\/domaine-chateau-leonardsau-obernai-25.jpg\" decoding=\"async\" loading=\"lazy\"  \/>            <\/p>\n<p>                    \u00a9 Marie Goehner-David \/ Pokaa<\/p>\n<p>En attendant avril, on a profit\u00e9 d\u2019une balade dans le domaine, en allant du <strong>parc \u00e0 l\u2019anglaise au jardin baroque italien, en passant par le jardin fran\u00e7ais et le jardin japonais<\/strong>. Endormis pendant l\u2019hiver, ils s\u2019annoncent grandioses au printemps.<\/p>\n<p>Pour enrichir la balade, <strong>des panneaux sont dispos\u00e9s \u00e0 plusieurs endroits, relatant l\u2019histoire du domaine avec des photos d\u2019\u00e9poque\u00a0:<\/strong> de quoi se mettre l\u2019eau \u00e0 la bouche en attendant la suite.<\/p>\n<p>                <img width=\"750\" height=\"500\" src=\"https:\/\/www.europesays.com\/fr\/wp-content\/uploads\/2025\/12\/domaine-chateau-leonardsau-obernai-33-750x500.jpg\" class=\"attachment-gallery size-gallery\" alt=\"Domaine Ch\u00e2teau Leonardsau Obernai (33)\" data-full-url=\"https:\/\/pokaa.fr\/wp-content\/uploads\/2025\/12\/18\/domaine-chateau-leonardsau-obernai-33.jpg\" decoding=\"async\" loading=\"lazy\"  \/>            <\/p>\n<p>                <img width=\"750\" height=\"500\" src=\"https:\/\/www.europesays.com\/fr\/wp-content\/uploads\/2025\/12\/domaine-chateau-leonardsau-obernai-32-750x500.jpg\" class=\"attachment-gallery size-gallery\" alt=\"Domaine Ch\u00e2teau Leonardsau Obernai (32)\" data-full-url=\"https:\/\/pokaa.fr\/wp-content\/uploads\/2025\/12\/18\/domaine-chateau-leonardsau-obernai-32.jpg\" decoding=\"async\" loading=\"lazy\"  \/>            <\/p>\n<p>                <img width=\"750\" height=\"500\" src=\"https:\/\/www.europesays.com\/fr\/wp-content\/uploads\/2025\/12\/domaine-chateau-leonardsau-obernai-28-750x500.jpg\" class=\"attachment-gallery size-gallery\" alt=\"Domaine Ch\u00e2teau Leonardsau Obernai (28)\" data-full-url=\"https:\/\/pokaa.fr\/wp-content\/uploads\/2025\/12\/18\/domaine-chateau-leonardsau-obernai-28.jpg\" decoding=\"async\" loading=\"lazy\"  \/>            <\/p>\n<p>                <img width=\"750\" height=\"500\" src=\"https:\/\/www.europesays.com\/fr\/wp-content\/uploads\/2025\/12\/domaine-chateau-leonardsau-obernai-18-750x500.jpg\" class=\"attachment-gallery size-gallery\" alt=\"Domaine Ch\u00e2teau Leonardsau Obernai (18)\" data-full-url=\"https:\/\/pokaa.fr\/wp-content\/uploads\/2025\/12\/18\/domaine-chateau-leonardsau-obernai-18.jpg\" decoding=\"async\" loading=\"lazy\"  \/>            <\/p>\n<p>                <img width=\"750\" height=\"500\" src=\"https:\/\/www.europesays.com\/fr\/wp-content\/uploads\/2025\/12\/domaine-chateau-leonardsau-obernai-17-750x500.jpg\" class=\"attachment-gallery size-gallery\" alt=\"Domaine Ch\u00e2teau Leonardsau Obernai (17)\" data-full-url=\"https:\/\/pokaa.fr\/wp-content\/uploads\/2025\/12\/18\/domaine-chateau-leonardsau-obernai-17.jpg\" decoding=\"async\" loading=\"lazy\"  \/>            <\/p>\n<p>                <img width=\"750\" height=\"500\" src=\"https:\/\/www.europesays.com\/fr\/wp-content\/uploads\/2025\/12\/domaine-chateau-leonardsau-obernai-11-750x500.jpg\" class=\"attachment-gallery size-gallery\" alt=\"Domaine Ch\u00e2teau Leonardsau Obernai (11)\" data-full-url=\"https:\/\/pokaa.fr\/wp-content\/uploads\/2025\/12\/18\/domaine-chateau-leonardsau-obernai-11.jpg\" decoding=\"async\" loading=\"lazy\"  \/>            <\/p>\n<p>                <img width=\"750\" height=\"500\" src=\"https:\/\/www.europesays.com\/fr\/wp-content\/uploads\/2025\/12\/domaine-chateau-leonardsau-obernai-12-750x500.jpg\" class=\"attachment-gallery size-gallery\" alt=\"Domaine Ch\u00e2teau Leonardsau Obernai (12)\" data-full-url=\"https:\/\/pokaa.fr\/wp-content\/uploads\/2025\/12\/18\/domaine-chateau-leonardsau-obernai-12.jpg\" decoding=\"async\" loading=\"lazy\"  \/>            <\/p>\n<p>                <img width=\"750\" height=\"500\" src=\"https:\/\/www.europesays.com\/fr\/wp-content\/uploads\/2025\/12\/domaine-chateau-leonardsau-obernai-3-750x500.jpg\" class=\"attachment-gallery size-gallery\" alt=\"Domaine Ch\u00e2teau Leonardsau Obernai (3)\" data-full-url=\"https:\/\/pokaa.fr\/wp-content\/uploads\/2025\/12\/18\/domaine-chateau-leonardsau-obernai-3.jpg\" decoding=\"async\" loading=\"lazy\"  \/>            <\/p>\n<p>                <img width=\"750\" height=\"500\" src=\"https:\/\/www.europesays.com\/fr\/wp-content\/uploads\/2025\/12\/domaine-chateau-leonardsau-obernai-40-750x500.jpg\" class=\"attachment-gallery size-gallery\" alt=\"Domaine Ch\u00e2teau Leonardsau Obernai (40)\" data-full-url=\"https:\/\/pokaa.fr\/wp-content\/uploads\/2025\/12\/18\/domaine-chateau-leonardsau-obernai-40.jpg\" decoding=\"async\" loading=\"lazy\"  \/>            <\/p>\n<p>                <img width=\"750\" height=\"500\" src=\"https:\/\/www.europesays.com\/fr\/wp-content\/uploads\/2025\/12\/domaine-chateau-leonardsau-obernai-54-750x500.jpg\" class=\"attachment-gallery size-gallery\" alt=\"Domaine Ch\u00e2teau Leonardsau Obernai (54)\" data-full-url=\"https:\/\/pokaa.fr\/wp-content\/uploads\/2025\/12\/18\/domaine-chateau-leonardsau-obernai-54.jpg\" decoding=\"async\" loading=\"lazy\"  \/>            <\/p>\n<p>                    \u00a9 Marie Goehner-David \/ Pokaa<\/p>\n<p>    <img width=\"800\" height=\"533\" src=\"https:\/\/www.europesays.com\/fr\/wp-content\/uploads\/2025\/12\/domaine-chateau-leonardsau-obernai-47-800x533.jpg\" class=\"attachment-image-size-L size-image-size-L\" alt=\"Domaine Ch\u00e2teau Leonardsau Obernai (47)\" decoding=\"async\" loading=\"lazy\"  \/>         \u00a9 Marie Goehner-David &#8211; Photo d&rsquo;un visuel du domaine de la L\u00e9onardsau \/ Pokaa <\/p>\n<p>1er avril 2026 : une r\u00e9ouverture attendue<\/p>\n<p><strong>\u00c0 sa r\u00e9ouverture en avril, il sera possible de profiter d\u2019un espace mus\u00e9ographique, \u00e0 travers plusieurs pi\u00e8ces retra\u00e7ant l\u2019histoire du b\u00e2timent. Mais aussi des espaces d\u00e9di\u00e9s \u00e0 la rencontre,<\/strong> pour des s\u00e9minaires ou autres \u00e9v\u00e9nements d\u2019envergure, dans un cadre exceptionnel.<\/p>\n<p>Apr\u00e8s cet aper\u00e7u, on se h\u00e2te de d\u00e9couvrir les autres secrets du domaine de la L\u00e9onardsau ce printemps !<\/p>\n<p>                <img width=\"782\" height=\"471\" src=\"https:\/\/www.europesays.com\/fr\/wp-content\/uploads\/2025\/12\/capture-decran-2025-12-18-151228.png\" class=\"attachment-gallery size-gallery\" alt=\"Domaine Ch\u00e2teau Leonardsau Obernai (38)\" data-full-url=\"https:\/\/www.europesays.com\/fr\/wp-content\/uploads\/2025\/12\/capture-decran-2025-12-18-151228.png\" decoding=\"async\" loading=\"lazy\"  \/>            <\/p>\n<p>                <img width=\"772\" height=\"465\" src=\"https:\/\/www.europesays.com\/fr\/wp-content\/uploads\/2025\/12\/capture-decran-2025-12-18-151238.png\" class=\"attachment-gallery size-gallery\" alt=\"Domaine Ch\u00e2teau Leonardsau Obernai (38)\" data-full-url=\"https:\/\/www.europesays.com\/fr\/wp-content\/uploads\/2025\/12\/capture-decran-2025-12-18-151238.png\" decoding=\"async\" loading=\"lazy\"  \/>            <\/p>\n<p>                <img width=\"687\" height=\"500\" src=\"https:\/\/www.europesays.com\/fr\/wp-content\/uploads\/2025\/12\/capture-decran-2025-12-18-162454-687x500.png\" class=\"attachment-gallery size-gallery\" alt=\"Domaine Ch\u00e2teau Leonardsau Obernai (38)\" data-full-url=\"https:\/\/pokaa.fr\/wp-content\/uploads\/2025\/12\/18\/capture-decran-2025-12-18-162454.png\" decoding=\"async\" loading=\"lazy\"  \/>            <\/p>\n<p>                <img width=\"503\" height=\"500\" src=\"https:\/\/www.europesays.com\/fr\/wp-content\/uploads\/2025\/12\/capture-decran-2025-12-18-162431-503x500.png\" class=\"attachment-gallery size-gallery\" alt=\"Domaine Ch\u00e2teau Leonardsau Obernai (38)\" data-full-url=\"https:\/\/pokaa.fr\/wp-content\/uploads\/2025\/12\/18\/capture-decran-2025-12-18-162431.png\" decoding=\"async\" loading=\"lazy\"  \/>            <\/p>\n<p>                    Avant et apr\u00e8s. \u00a9 Ville d&rsquo;Obernai \/ Captures d&rsquo;\u00e9cran<\/p>\n<p>    <img width=\"800\" height=\"533\" src=\"https:\/\/www.europesays.com\/fr\/wp-content\/uploads\/2025\/12\/domaine-chateau-leonardsau-obernai-1-800x533.jpg\" class=\"attachment-image-size-L size-image-size-L\" alt=\"Domaine Ch\u00e2teau Leonardsau Obernai (1)\" decoding=\"async\" loading=\"lazy\"  \/>         \u00a9 Marie Goehner-David \/ Pokaa <\/p>\n<p>            Domaine de la L\u00e9onardsau<\/p>\n<p>            Quoi ?<br \/>\n            Parc, jardins et ch\u00e2teau        <\/p>\n<p>            o\u00f9 ?<br \/>\n            1 rue de la L\u00e9onardsau, Obernai        <\/p>\n<p>                Plus d&rsquo;infos ?<\/p>\n<p><a href=\"https:\/\/www.obernai.fr\/leonardsau\" target=\"_blank\" rel=\"noopener\">Site web<\/a><br \/><a href=\"https:\/\/www.instagram.com\/leonardsau.obernai\/\" target=\"_blank\" rel=\"noopener\">Page Instagram<\/a><br \/><a href=\"https:\/\/www.facebook.com\/leonardsau.obernai\" target=\"_blank\" rel=\"noopener\">Page Facebook<\/a><\/p>\n<p>Le parc est ouvert tous les jours de l\u2019ann\u00e9e du 1er novembre au 31 mars de 8h \u00e0 19h, et du 1er avril au 31 octobre de 7h \u00e0 22h.<br \/>Le ch\u00e2teau rouvre ses portes au public le 1er avril 2026.<\/p>\n<p>                <img width=\"750\" height=\"500\" src=\"https:\/\/www.europesays.com\/fr\/wp-content\/uploads\/2025\/12\/domaine-chateau-leonardsau-obernai-53-750x500.jpg\" class=\"attachment-gallery size-gallery\" alt=\"Domaine Ch\u00e2teau Leonardsau Obernai (53)\" data-full-url=\"https:\/\/pokaa.fr\/wp-content\/uploads\/2025\/12\/18\/domaine-chateau-leonardsau-obernai-53.jpg\" decoding=\"async\" loading=\"lazy\"  \/>            <\/p>\n<p>                <img width=\"750\" height=\"500\" src=\"https:\/\/www.europesays.com\/fr\/wp-content\/uploads\/2025\/12\/domaine-chateau-leonardsau-obernai-49-750x500.jpg\" class=\"attachment-gallery size-gallery\" alt=\"Domaine Ch\u00e2teau Leonardsau Obernai (49)\" data-full-url=\"https:\/\/pokaa.fr\/wp-content\/uploads\/2025\/12\/18\/domaine-chateau-leonardsau-obernai-49.jpg\" decoding=\"async\" loading=\"lazy\"  \/>            <\/p>\n<p>                    \u00a9 Marie Goehner-David \/ Pokaa<\/p>\n<p>    <img width=\"800\" height=\"533\" src=\"https:\/\/www.europesays.com\/fr\/wp-content\/uploads\/2025\/12\/domaine-chateau-leonardsau-obernai-4-800x533.jpg\" class=\"attachment-image-size-L size-image-size-L\" alt=\"vosges Domaine Ch\u00e2teau Leonardsau Obernai (4)\" decoding=\"async\" loading=\"lazy\"  \/>         \u00a9 Marie Goehner-David \/ Pokaa <\/p>\n<p><script async src=\"\/\/www.instagram.com\/embed.js\"><\/script><\/p>\n","protected":false},"excerpt":{"rendered":"Accueil \/ \u00c9vasion &amp; nature \/ Vue imprenable et patrimoine : balade au ch\u00e2teau de la L\u00e9onardsau, \u00e0&hellip;\n","protected":false},"author":2,"featured_media":626038,"comment_status":"","ping_status":"","sticky":false,"template":"","format":"standard","meta":{"footnotes":""},"categories":[2820],"tags":[1111,11,4811,73537,1777,674,1011,27,775,73538,12,30980,25,640],"class_list":{"0":"post-626037","1":"post","2":"type-post","3":"status-publish","4":"format-standard","5":"has-post-thumbnail","7":"category-strasbourg","8":"tag-actu","9":"tag-actualites","10":"tag-chateau","11":"tag-chateau-de-la-leonardsau","12":"tag-eu","13":"tag-europe","14":"tag-fr","15":"tag-france","16":"tag-grand-est","17":"tag-leonardsau","18":"tag-news","19":"tag-obernai","20":"tag-republique-francaise","21":"tag-strasbourg"},"share_on_mastodon":{"url":"https:\/\/pubeurope.com\/@fr\/115794141005752871","error":""},"_links":{"self":[{"href":"https:\/\/www.europesays.com\/fr\/wp-json\/wp\/v2\/posts\/626037","targetHints":{"allow":["GET"]}}],"collection":[{"href":"https:\/\/www.europesays.com\/fr\/wp-json\/wp\/v2\/posts"}],"about":[{"href":"https:\/\/www.europesays.com\/fr\/wp-json\/wp\/v2\/types\/post"}],"author":[{"embeddable":true,"href":"https:\/\/www.europesays.com\/fr\/wp-json\/wp\/v2\/users\/2"}],"replies":[{"embeddable":true,"href":"https:\/\/www.europesays.com\/fr\/wp-json\/wp\/v2\/comments?post=626037"}],"version-history":[{"count":0,"href":"https:\/\/www.europesays.com\/fr\/wp-json\/wp\/v2\/posts\/626037\/revisions"}],"wp:featuredmedia":[{"embeddable":true,"href":"https:\/\/www.europesays.com\/fr\/wp-json\/wp\/v2\/media\/626038"}],"wp:attachment":[{"href":"https:\/\/www.europesays.com\/fr\/wp-json\/wp\/v2\/media?parent=626037"}],"wp:term":[{"taxonomy":"category","embeddable":true,"href":"https:\/\/www.europesays.com\/fr\/wp-json\/wp\/v2\/categories?post=626037"},{"taxonomy":"post_tag","embeddable":true,"href":"https:\/\/www.europesays.com\/fr\/wp-json\/wp\/v2\/tags?post=626037"}],"curies":[{"name":"wp","href":"https:\/\/api.w.org\/{rel}","templated":true}]}}