{"id":626039,"date":"2025-12-27T23:32:23","date_gmt":"2025-12-27T23:32:23","guid":{"rendered":"https:\/\/www.europesays.com\/fr\/626039\/"},"modified":"2025-12-27T23:32:23","modified_gmt":"2025-12-27T23:32:23","slug":"ogc-nice-ca-sent-bon-pour-faire-revenir-cet-ancien-talent-du-stade-de-reims","status":"publish","type":"post","link":"https:\/\/www.europesays.com\/fr\/626039\/","title":{"rendered":"OGC Nice : \u00e7a sent bon pour faire revenir cet ancien talent du Stade de Reims"},"content":{"rendered":"<p><strong>En manque de temps de jeu \u00e0 la Fiorentina, Amir Richardson devrait faire son retour \u00e0 l\u2019OGC Nice d\u00e8s cet hiver. Le milieu international marocain, form\u00e9 sur la C\u00f4te d\u2019Azur, est en discussions avanc\u00e9es avec le Gym, une opportunit\u00e9 id\u00e9ale pour relancer une carri\u00e8re frein\u00e9e en Serie A.<\/strong><\/p>\n<p>Arriv\u00e9 en Italie avec l\u2019ambition de franchir un cap, Amir Richardson n\u2019a pas r\u00e9ussi \u00e0 s\u2019imposer durablement sous le maillot de la Fiorentina. Cantonn\u00e9 \u00e0 un r\u00f4le secondaire avec seulement deux apparitions en Serie A cette saison, le joueur de 23 ans a rapidement envisag\u00e9 un d\u00e9part afin de retrouver du temps de jeu. Selon Fabrizio Romano, son souhait est en passe d\u2019\u00eatre exauc\u00e9 : la Viola et l\u2019OGC Nice ont entam\u00e9 des discussions pour un transfert cet hiver.<\/p>\n<p>Pour Nice, ce retour repr\u00e9sente une option strat\u00e9gique. Le Gym, en difficult\u00e9 lors de la premi\u00e8re partie de saison, cherche \u00e0 se renforcer au milieu de terrain et \u00e0 insuffler une nouvelle dynamique \u00e0 son effectif. Richardson, international marocain \u00e0 neuf s\u00e9lections, conna\u00eet parfaitement le club et son environnement, un atout pr\u00e9cieux pour une int\u00e9gration rapide. Un come-back qui pourrait s\u2019av\u00e9rer gagnant pour toutes les parties, tant pour le joueur que pour le club azur\u00e9en. Affaire \u00e0 suivre\u2026<\/p>\n<blockquote class=\"twitter-tweet\">\n<p lang=\"fr\" dir=\"ltr\">\ud83d\udea8 Nice aurait d\u00e9j\u00e0 un accord verbal avec Amir Richardson, qui exercerait actuellement une pression sur la Fiorentina. \ud83d\udc40\ud83d\udca5<\/p>\n<p>Affaire \u00e0 suivre de pr\u00e8s, le milieu ni\u00e7ois pourrait bient\u00f4t retrouver la Ligue 1. \u26a1<\/p>\n<p>\ud83d\uddde\ufe0f <a href=\"https:\/\/twitter.com\/francGuerrieri?ref_src=twsrc%5Etfw\" target=\"_blank\" rel=\"noopener\">@francGuerrieri<\/a> \/ <a href=\"https:\/\/twitter.com\/cmdotcom?ref_src=twsrc%5Etfw\" target=\"_blank\" rel=\"noopener\">@cmdotcom<\/a> <a href=\"https:\/\/t.co\/BvBdMoYGDE\">pic.twitter.com\/BvBdMoYGDE<\/a><\/p>\n<p>\u2014 Ligue1Mag (@Ligue1_Mag) <a href=\"https:\/\/twitter.com\/Ligue1_Mag\/status\/2004955678285385963?ref_src=twsrc%5Etfw\" target=\"_blank\" rel=\"noopener\">December 27, 2025<\/a><\/p><\/blockquote>\n<p><script async src=\"https:\/\/platform.twitter.com\/widgets.js\" charset=\"utf-8\"><\/script><\/p>\n","protected":false},"excerpt":{"rendered":"En manque de temps de jeu \u00e0 la Fiorentina, Amir Richardson devrait faire son retour \u00e0 l\u2019OGC Nice&hellip;\n","protected":false},"author":2,"featured_media":626040,"comment_status":"","ping_status":"","sticky":false,"template":"","format":"standard","meta":{"footnotes":""},"categories":[2819],"tags":[1111,11,1777,674,1011,27,12,2401,882,25],"class_list":{"0":"post-626039","1":"post","2":"type-post","3":"status-publish","4":"format-standard","5":"has-post-thumbnail","7":"category-nice","8":"tag-actu","9":"tag-actualites","10":"tag-eu","11":"tag-europe","12":"tag-fr","13":"tag-france","14":"tag-news","15":"tag-nice","16":"tag-provence-alpes-cote-dazur","17":"tag-republique-francaise"},"share_on_mastodon":{"url":"","error":""},"_links":{"self":[{"href":"https:\/\/www.europesays.com\/fr\/wp-json\/wp\/v2\/posts\/626039","targetHints":{"allow":["GET"]}}],"collection":[{"href":"https:\/\/www.europesays.com\/fr\/wp-json\/wp\/v2\/posts"}],"about":[{"href":"https:\/\/www.europesays.com\/fr\/wp-json\/wp\/v2\/types\/post"}],"author":[{"embeddable":true,"href":"https:\/\/www.europesays.com\/fr\/wp-json\/wp\/v2\/users\/2"}],"replies":[{"embeddable":true,"href":"https:\/\/www.europesays.com\/fr\/wp-json\/wp\/v2\/comments?post=626039"}],"version-history":[{"count":0,"href":"https:\/\/www.europesays.com\/fr\/wp-json\/wp\/v2\/posts\/626039\/revisions"}],"wp:featuredmedia":[{"embeddable":true,"href":"https:\/\/www.europesays.com\/fr\/wp-json\/wp\/v2\/media\/626040"}],"wp:attachment":[{"href":"https:\/\/www.europesays.com\/fr\/wp-json\/wp\/v2\/media?parent=626039"}],"wp:term":[{"taxonomy":"category","embeddable":true,"href":"https:\/\/www.europesays.com\/fr\/wp-json\/wp\/v2\/categories?post=626039"},{"taxonomy":"post_tag","embeddable":true,"href":"https:\/\/www.europesays.com\/fr\/wp-json\/wp\/v2\/tags?post=626039"}],"curies":[{"name":"wp","href":"https:\/\/api.w.org\/{rel}","templated":true}]}}