{"id":626051,"date":"2025-12-27T23:41:12","date_gmt":"2025-12-27T23:41:12","guid":{"rendered":"https:\/\/www.europesays.com\/fr\/626051\/"},"modified":"2025-12-27T23:41:12","modified_gmt":"2025-12-27T23:41:12","slug":"mise-en-examen-du-compagnon-de-la-femme-retrouvee-morte-a-lille-le-jour-de-noel","status":"publish","type":"post","link":"https:\/\/www.europesays.com\/fr\/626051\/","title":{"rendered":"Mise en examen du compagnon de la femme retrouv\u00e9e morte \u00e0 Lille, le jour de No\u00ebl"},"content":{"rendered":"\n<p class=\"article__paragraph  \">Le compagnon d\u2019une femme de 34\u00a0ans retrouv\u00e9e morte \u00e0 Lille le jour de No\u00ebl, a \u00e9t\u00e9 mis en examen, samedi 27\u00a0d\u00e9cembre au soir, pour meurtre par conjoint, a rapport\u00e9 \u00e0 l\u2019Agence France-Presse (AFP) le parquet de Lille. Plac\u00e9 en d\u00e9tention provisoire, il ne reconna\u00eet pas les faits \u00e0 ce stade, a pr\u00e9cis\u00e9 le procureur de la R\u00e9publique adjoint de Lille, Antoine Berthelot.<\/p>\n<p>                                       Lire aussi |  <a href=\"https:\/\/www.lemonde.fr\/societe\/article\/2025\/12\/26\/lille-une-femme-de-34-ans-retrouvee-morte-son-compagnon-place-en-garde-a-vue_6659460_3224.html\" class=\"js-article-read-also catcher--favoris__link\" data-premium=\"\" id=\"article-title-3452505\" target=\"_blank\" rel=\"noopener\">Lille\u00a0: une femme de 34\u00a0ans retrouv\u00e9e morte, son compagnon plac\u00e9 en garde \u00e0 vue<\/a>    <\/p>\n<p>   Lire plus tard  <\/p>\n<p class=\"article__paragraph  \">Le corps sans vie de cette femme belge avait \u00e9t\u00e9 retrouv\u00e9, jeudi 25\u00a0d\u00e9cembre, couvert de plusieurs h\u00e9matomes et avec des dents cass\u00e9es au domicile de son compagnon, \u00e2g\u00e9 de 36\u00a0ans, avait fait savoir une source polici\u00e8re \u00e0 l\u2019AFP. Les policiers ont constat\u00e9 des traces de violences, dont du sang, une porte bris\u00e9e et du mobilier fractur\u00e9 lors de leur intervention, selon cette source.<\/p>\n<p class=\"article__paragraph  \">Le conjoint de la victime, un Alg\u00e9rien de 36\u00a0ans, en situation r\u00e9guli\u00e8re sur le territoire fran\u00e7ais et connu de la justice pour d\u00e9lit routier, pr\u00e9sentait des griffures au moment de son interpellation, selon cette m\u00eame source. Il aurait assur\u00e9 avoir retrouv\u00e9 sa compagne morte \u00e0\u00a0son r\u00e9veil apr\u00e8s une soir\u00e9e alcoolis\u00e9e pendant laquelle \u00e9tait pr\u00e9sente une autre de leurs connaissances.<\/p>\n<p>                    H\u00e9berg\u00e9 au domicile du couple                    <\/p>\n<p class=\"article__paragraph  \">Un deuxi\u00e8me homme, \u00e2g\u00e9 de 47\u00a0ans et \u00ab\u00a0ami du compagnon de la victime, h\u00e9berg\u00e9 depuis plusieurs semaines au domicile commun\u00a0\u00bb a \u00e9galement \u00e9t\u00e9 mis en examen, samedi soir, pour non-assistance \u00e0 personne en danger, selon M. Berthelot. Ce deuxi\u00e8me homme est plac\u00e9 sous contr\u00f4le judiciaire, a-t-il ajout\u00e9.<\/p>\n<p class=\"article__paragraph  \">Chaque jour en France, plus de trois femmes sont victimes de f\u00e9minicide ou de tentative de f\u00e9minicide conjugal, un chiffre en hausse sur un an, selon les donn\u00e9es de 2024 de la mission interminist\u00e9rielle pour la protection des femmes (Miprof) publi\u00e9es en novembre.<\/p>\n<p class=\"article__paragraph  \">Samedi, \u00e0 Lille \u00e9galement, un homme de 29\u00a0ans s\u2019est d\u00e9nonc\u00e9 \u00e0 la police en affirmant avoir tu\u00e9 sa compagne de 25\u00a0ans \u00e0 coups de couteau, selon le parquet de Lille.<\/p>\n<p>                                       Lire aussi |  <a href=\"https:\/\/www.lemonde.fr\/societe\/article\/2025\/12\/27\/a-lille-une-femme-de-25-ans-retrouvee-morte-son-compagnon-interpelle_6659587_3224.html\" class=\"js-article-read-also catcher--favoris__link\" data-premium=\"\" id=\"article-title-3452621\" target=\"_blank\" rel=\"noopener\">A Lille, une femme de 25\u00a0ans retrouv\u00e9e morte, son compagnon se d\u00e9nonce \u00e0 la police<\/a>    <\/p>\n<p>   Lire plus tard  <\/p>\n<p class=\"author__detail\">  Le Monde avec AFP  <\/p>\n<p>                <a href=\"https:\/\/www.lemonde.fr\/syndication\/\" class=\"reuse__content\" title=\"R\u00e9utiliser ce contenu\" target=\"_blank\" rel=\"noopener\">R\u00e9utiliser ce contenu<\/a>      <\/p>\n","protected":false},"excerpt":{"rendered":"Le compagnon d\u2019une femme de 34\u00a0ans retrouv\u00e9e morte \u00e0 Lille le jour de No\u00ebl, a \u00e9t\u00e9 mis en&hellip;\n","protected":false},"author":2,"featured_media":82041,"comment_status":"","ping_status":"","sticky":false,"template":"","format":"standard","meta":{"footnotes":""},"categories":[2815],"tags":[1111,11,1777,674,1011,27,811,1307,12,25],"class_list":{"0":"post-626051","1":"post","2":"type-post","3":"status-publish","4":"format-standard","5":"has-post-thumbnail","7":"category-lille","8":"tag-actu","9":"tag-actualites","10":"tag-eu","11":"tag-europe","12":"tag-fr","13":"tag-france","14":"tag-hauts-de-france","15":"tag-lille","16":"tag-news","17":"tag-republique-francaise"},"share_on_mastodon":{"url":"https:\/\/pubeurope.com\/@fr\/115794181019103474","error":""},"_links":{"self":[{"href":"https:\/\/www.europesays.com\/fr\/wp-json\/wp\/v2\/posts\/626051","targetHints":{"allow":["GET"]}}],"collection":[{"href":"https:\/\/www.europesays.com\/fr\/wp-json\/wp\/v2\/posts"}],"about":[{"href":"https:\/\/www.europesays.com\/fr\/wp-json\/wp\/v2\/types\/post"}],"author":[{"embeddable":true,"href":"https:\/\/www.europesays.com\/fr\/wp-json\/wp\/v2\/users\/2"}],"replies":[{"embeddable":true,"href":"https:\/\/www.europesays.com\/fr\/wp-json\/wp\/v2\/comments?post=626051"}],"version-history":[{"count":0,"href":"https:\/\/www.europesays.com\/fr\/wp-json\/wp\/v2\/posts\/626051\/revisions"}],"wp:featuredmedia":[{"embeddable":true,"href":"https:\/\/www.europesays.com\/fr\/wp-json\/wp\/v2\/media\/82041"}],"wp:attachment":[{"href":"https:\/\/www.europesays.com\/fr\/wp-json\/wp\/v2\/media?parent=626051"}],"wp:term":[{"taxonomy":"category","embeddable":true,"href":"https:\/\/www.europesays.com\/fr\/wp-json\/wp\/v2\/categories?post=626051"},{"taxonomy":"post_tag","embeddable":true,"href":"https:\/\/www.europesays.com\/fr\/wp-json\/wp\/v2\/tags?post=626051"}],"curies":[{"name":"wp","href":"https:\/\/api.w.org\/{rel}","templated":true}]}}