{"id":626052,"date":"2025-12-27T23:42:13","date_gmt":"2025-12-27T23:42:13","guid":{"rendered":"https:\/\/www.europesays.com\/fr\/626052\/"},"modified":"2025-12-27T23:42:13","modified_gmt":"2025-12-27T23:42:13","slug":"nouvel-an-xxl-a-la-friche-la-belle-de-mai-31-12-2025-marseille-2","status":"publish","type":"post","link":"https:\/\/www.europesays.com\/fr\/626052\/","title":{"rendered":"Nouvel an XXL \u00e0 la Friche la Belle de Mai &#8211; 31\/12\/2025 &#8211; Marseille"},"content":{"rendered":"<p>Le 31 d\u00e9cembre 2025, le Cabaret Al\u00e9atoire et OMERTA unissent leurs forces pour faire vibrer Marseille lors d\u2019un nouvel an XXL \u00e0 la Friche la Belle de Mai.<\/p>\n<p>&#13;<\/p>\n<p>Pr\u00e9pare-toi \u00e0 8h de son non-stop, 2 sc\u00e8nes compl\u00e9mentaires et une sc\u00e9nographie in\u00e9dite imagin\u00e9e exclusivement pour cette nuit hors du temps.<\/p>\n<p>&#13;<\/p>\n<p>Entre techno brute, hard techno explosive, hard trance euphorique, psy techno et tekno, l\u2019exp\u00e9rience promet un voyage sonore total.<\/p>\n<p>&#13;<\/p>\n<p>En parall\u00e8le :<br \/>\u2013 Food trucks &amp; stands<br \/>\u2013 Espaces immersifs et visuels con\u00e7us pour plonger dans l\u2019univers OMERTA.<\/p>\n<p>&#13;<\/p>\n<p><strong>BIG LINE-UP<\/strong><\/p>\n<p>&#13;<\/p>\n<p>MAIN STAGE :<br \/>* SK\u00d6NE &amp; PROTOKSEED pr\u00e9sentent SILENCE.<br \/>* ANTHONY CAPALDI<br \/>* EV\u00c4NDER<br \/>* UPHORIA<br \/>* BLASTY<br \/>* NOYSE<\/p>\n<p>&#13;<\/p>\n<p>SECONDE STAGE :<br \/>* OMAR ABDELLI<br \/>* LOUKOUM<br \/>* MAYRIKA<br \/>* SORAYA<br \/>* WOLK<\/p>\n<p>&#13;<\/p>\n<p>31 d\u00e9cembre \u2013 Cabaret Al\u00e9atoire<br \/>De 16 \u00e0 30 \u20ac<br \/>\u00c9v\u00e9nement r\u00e9serv\u00e9 aux majeurs<\/p>\n<p><a href=\"https:\/\/shotgun.live\/fr\/events\/newyearxxl\" target=\"_blank\" rel=\"noopener\">R\u00e9server<\/a><\/p>\n<p>&#13;<br \/>\nO\u00f9 passer la soir\u00e9e du R\u00e9veillon \u00e0 Marseille ? Notre s\u00e9lection&#8230;&#13;<\/p>\n","protected":false},"excerpt":{"rendered":"Le 31 d\u00e9cembre 2025, le Cabaret Al\u00e9atoire et OMERTA unissent leurs forces pour faire vibrer Marseille lors d\u2019un&hellip;\n","protected":false},"author":2,"featured_media":620836,"comment_status":"","ping_status":"","sticky":false,"template":"","format":"standard","meta":{"footnotes":""},"categories":[2814],"tags":[1111,11,1777,674,1011,27,884,12,882,25],"class_list":{"0":"post-626052","1":"post","2":"type-post","3":"status-publish","4":"format-standard","5":"has-post-thumbnail","7":"category-marseille","8":"tag-actu","9":"tag-actualites","10":"tag-eu","11":"tag-europe","12":"tag-fr","13":"tag-france","14":"tag-marseille","15":"tag-news","16":"tag-provence-alpes-cote-dazur","17":"tag-republique-francaise"},"share_on_mastodon":{"url":"https:\/\/pubeurope.com\/@fr\/115794185014508698","error":""},"_links":{"self":[{"href":"https:\/\/www.europesays.com\/fr\/wp-json\/wp\/v2\/posts\/626052","targetHints":{"allow":["GET"]}}],"collection":[{"href":"https:\/\/www.europesays.com\/fr\/wp-json\/wp\/v2\/posts"}],"about":[{"href":"https:\/\/www.europesays.com\/fr\/wp-json\/wp\/v2\/types\/post"}],"author":[{"embeddable":true,"href":"https:\/\/www.europesays.com\/fr\/wp-json\/wp\/v2\/users\/2"}],"replies":[{"embeddable":true,"href":"https:\/\/www.europesays.com\/fr\/wp-json\/wp\/v2\/comments?post=626052"}],"version-history":[{"count":0,"href":"https:\/\/www.europesays.com\/fr\/wp-json\/wp\/v2\/posts\/626052\/revisions"}],"wp:featuredmedia":[{"embeddable":true,"href":"https:\/\/www.europesays.com\/fr\/wp-json\/wp\/v2\/media\/620836"}],"wp:attachment":[{"href":"https:\/\/www.europesays.com\/fr\/wp-json\/wp\/v2\/media?parent=626052"}],"wp:term":[{"taxonomy":"category","embeddable":true,"href":"https:\/\/www.europesays.com\/fr\/wp-json\/wp\/v2\/categories?post=626052"},{"taxonomy":"post_tag","embeddable":true,"href":"https:\/\/www.europesays.com\/fr\/wp-json\/wp\/v2\/tags?post=626052"}],"curies":[{"name":"wp","href":"https:\/\/api.w.org\/{rel}","templated":true}]}}