{"id":626057,"date":"2025-12-27T23:45:14","date_gmt":"2025-12-27T23:45:14","guid":{"rendered":"https:\/\/www.europesays.com\/fr\/626057\/"},"modified":"2025-12-27T23:45:14","modified_gmt":"2025-12-27T23:45:14","slug":"deux-personnes-filmees-agrippees-a-larriere-dun-bus-sur-la-m6-pres-de-lyon","status":"publish","type":"post","link":"https:\/\/www.europesays.com\/fr\/626057\/","title":{"rendered":"Deux personnes film\u00e9es agripp\u00e9es \u00e0 l&rsquo;arri\u00e8re d&rsquo;un bus sur la M6 pr\u00e8s de Lyon"},"content":{"rendered":"<p>Dans une vid\u00e9o qui circule sur les r\u00e9seaux sociaux, deux personnes sont film\u00e9es accroch\u00e9es \u00e0 l&rsquo;arri\u00e8re d&rsquo;un bus TCL sur la M6, \u00e0 hauteur de Dardilly, tout pr\u00e8s de Lyon. Un comportement d&rsquo;une dangerosit\u00e9 extr\u00eame qui a fait r\u00e9agir la pr\u00e9f\u00e8te du Rh\u00f4ne.<\/p>\n<p>La vid\u00e9o de ces deux personnes film\u00e9es agripp\u00e9es \u00e0 l&rsquo;arri\u00e8re d&rsquo;un bus <b>TCL <\/b>pr\u00e8s de <b>Lyon <\/b>fait le tour des r\u00e9seaux sociaux.<\/p>\n<p>Les faits se sont d\u00e9roul\u00e9s vendredi 26 d\u00e9cembre, d&rsquo;apr\u00e8s <a class=\"url\" href=\"https:\/\/www.leprogres.fr\/faits-divers-justice\/2025\/12\/27\/deux-personnes-filmees-accrochees-a-l-arriere-d-un-bus-qui-roule-sur-le-boulevard-peripherique\" target=\"_blank\" rel=\"noopener\">Le Progr\u00e8s<\/a>, au nord de Lyon sur la <b>M6<\/b>, au niveau de <b>Dardilly<\/b>.<\/p>\n<p>Sur cette ancienne portion de l&rsquo;A6, la vitesse autoris\u00e9e est de <b>70 km\/h<\/b>, une vitesse qui a tr\u00e8s probablement \u00e9t\u00e9 atteinte par le v\u00e9hicule, mettant encore davantage en danger les deux individus accroch\u00e9s \u00e0 l&rsquo;arri\u00e8re du bus.<\/p>\n<p>La pr\u00e9fecture du Rh\u00f4ne demande de ne pas imiter \u00ab\u00a0ces deux individus\u00a0\u00bb<\/p>\n<p>Ce comportement extr\u00eamement dangereux a \u00e9t\u00e9 condamn\u00e9 par la<b> pr\u00e9fecture du Rh\u00f4ne<\/b>.<\/p>\n<p>\u00ab\u00a0Ce comportement irresponsable peut vous co\u00fbter la vie. Ne soyez pas inconscients, n&rsquo;imitez pas ces deux individus\u00a0\u00bb, est-il indiqu\u00e9 sur les r\u00e9seaux sociaux de la pr\u00e9f\u00e8te du Rh\u00f4ne.<\/p>\n<p>On ignore si une enqu\u00eate a \u00e9t\u00e9 ouverte.<img loading=\"lazy\" decoding=\"async\" src=\"https:\/\/www.europesays.com\/fr\/wp-content\/uploads\/2025\/12\/1766879114_853_img\" width=\"350\" height=\"200\" border=\"0\" title=\"Un camion de pompiers.\"\/><\/p>\n<p>\u25baFaits divers<\/p>\n<p style=\"font-size: 22px;\"><b>Le septuag\u00e9naire renvers\u00e9 \u00e0 Villefranche-sur-Sa\u00f4ne \u00e0 la mi-novembre est d\u00e9c\u00e9d\u00e9<\/b><\/p>\n<p>Dans la nuit du vendredi 14 au samedi 15 novembre,&#8230;<\/p>\n<p><\/p>\n","protected":false},"excerpt":{"rendered":"Dans une vid\u00e9o qui circule sur les r\u00e9seaux sociaux, deux personnes sont film\u00e9es accroch\u00e9es \u00e0 l&rsquo;arri\u00e8re d&rsquo;un bus&hellip;\n","protected":false},"author":2,"featured_media":626058,"comment_status":"","ping_status":"","sticky":false,"template":"","format":"standard","meta":{"footnotes":""},"categories":[1889],"tags":[73541,1111,11,2430,73540,29359,1777,674,1011,27,2428,494,73539,12,73542,25,9844,10213],"class_list":{"0":"post-626057","1":"post","2":"type-post","3":"status-publish","4":"format-standard","5":"has-post-thumbnail","7":"category-lyon","8":"tag-accrochs-un-bus","9":"tag-actu","10":"tag-actualites","11":"tag-auvergne-rhone-alpes","12":"tag-bus-tcl","13":"tag-dardilly","14":"tag-eu","15":"tag-europe","16":"tag-fr","17":"tag-france","18":"tag-lyon","19":"tag-m6","20":"tag-m6-lyon","21":"tag-news","22":"tag-prfecture-du-rhne","23":"tag-republique-francaise","24":"tag-rhne","25":"tag-tcl"},"share_on_mastodon":{"url":"https:\/\/pubeurope.com\/@fr\/115794197432563952","error":""},"_links":{"self":[{"href":"https:\/\/www.europesays.com\/fr\/wp-json\/wp\/v2\/posts\/626057","targetHints":{"allow":["GET"]}}],"collection":[{"href":"https:\/\/www.europesays.com\/fr\/wp-json\/wp\/v2\/posts"}],"about":[{"href":"https:\/\/www.europesays.com\/fr\/wp-json\/wp\/v2\/types\/post"}],"author":[{"embeddable":true,"href":"https:\/\/www.europesays.com\/fr\/wp-json\/wp\/v2\/users\/2"}],"replies":[{"embeddable":true,"href":"https:\/\/www.europesays.com\/fr\/wp-json\/wp\/v2\/comments?post=626057"}],"version-history":[{"count":0,"href":"https:\/\/www.europesays.com\/fr\/wp-json\/wp\/v2\/posts\/626057\/revisions"}],"wp:featuredmedia":[{"embeddable":true,"href":"https:\/\/www.europesays.com\/fr\/wp-json\/wp\/v2\/media\/626058"}],"wp:attachment":[{"href":"https:\/\/www.europesays.com\/fr\/wp-json\/wp\/v2\/media?parent=626057"}],"wp:term":[{"taxonomy":"category","embeddable":true,"href":"https:\/\/www.europesays.com\/fr\/wp-json\/wp\/v2\/categories?post=626057"},{"taxonomy":"post_tag","embeddable":true,"href":"https:\/\/www.europesays.com\/fr\/wp-json\/wp\/v2\/tags?post=626057"}],"curies":[{"name":"wp","href":"https:\/\/api.w.org\/{rel}","templated":true}]}}