{"id":62606,"date":"2025-04-29T19:59:07","date_gmt":"2025-04-29T19:59:07","guid":{"rendered":"https:\/\/www.europesays.com\/fr\/62606\/"},"modified":"2025-04-29T19:59:07","modified_gmt":"2025-04-29T19:59:07","slug":"il-choisit-ses-proies-les-plus-fragiles-comme-un-predateur-un-praticien-en-medecine-chinoise-condamne-a-aix","status":"publish","type":"post","link":"https:\/\/www.europesays.com\/fr\/62606\/","title":{"rendered":"\u00ab\u00a0Il choisit ses proies, les plus fragiles, comme un pr\u00e9dateur\u00a0\u00bb, un praticien en m\u00e9decine chinoise condamn\u00e9 \u00e0 Aix"},"content":{"rendered":"<p>Elles sont huit femmes sur la liste des victimes potentielles d<a href=\"https:\/\/www.laprovence.com\/article\/faits-divers-justice\/1208242483132914\/le-cuisinier-d-un-restaurant-marseillais-qui-multipliait-les-agressions-sexuelles-condamne-a-de-la-prison-ferme\" target=\"_blank\" rel=\"noopener\">&lsquo;agressions sexuelles<\/a> commises avec les circonstances aggravantes que leur auteur a abus\u00e9 de l&rsquo;autorit\u00e9 que lui conf\u00e8re sa fonction -soignant en m\u00e9decine chinoise- de 2015 \u00e0 2017. Il y a celles qui n&rsquo;ont pas os\u00e9 d\u00e9poser plainte, celles pour lesquelles les faits sont prescrits. Toutes ont d\u00e9crit aux gendarmes de Venelles o\u00f9 Amir* exer\u00e7ait le m\u00eame processus. Le long entretien pr\u00e9alable au cours duquel elles expliquent leurs maux &#8211; une addiction \u00e0 la cigarette, une d\u00e9pression latente, des douleurs aux cervicales&#8230;-\u00a0 avec les questions qui englobent toute une vie. Ensuite, Amir leur demande de se d\u00e9shabiller et ne garder que la culotte. Il les masse alors, y compris les seins, quelques secondes ou des poign\u00e9es de minutes. Puis c&rsquo;est le rituel du \u00ab\u00a0c\u00e2lin\u00a0\u00bb pour reprendre le terme de la premi\u00e8re plaignante qui sera repris au fil des d\u00e9positions: il enlace la patiente, toujours d\u00e9v\u00eatue.<\/p>\n<p>\u00a0\u00ab\u00a0Dessous il y a les muscles, les fluides, les m\u00e9ridiens&#8230;\u00a0\u00bb\u00a0<\/p>\n<p>\u00c2g\u00e9 de 55 ans, Amir a l&rsquo;arrogance bless\u00e9e, le phras\u00e9 \u00e9l\u00e9gant, l&rsquo;intelligence patente, l&rsquo;indignation de cette injustice qu&rsquo;il dit subir depuis sept ans que l&rsquo;enqu\u00eate est lanc\u00e9e. Interdit de pratique pendant un an, il a rouvert un cabinet \u00e0 Aix : la \u00ab\u00a0rumeur\u00a0\u00bb a fait fuir la patient\u00e8le. Il ne travaille d&rsquo;ailleurs plus depuis octobre, d\u00e9pressif. Il explique sa pratique brassant acupuncture, <a href=\"https:\/\/www.laprovence.com\/article\/sante\/8530088462954414\/osteopathie-chez-les-bebes-lacademie-de-medecine-met-en-garde-contre-cette-pratique\" target=\"_blank\" rel=\"noopener\">ost\u00e9opathie<\/a>, massage \u00e9nerg\u00e9tique, pharmacop\u00e9e, pour des soins prenant la personne dans sa \u00ab\u00a0globalit\u00e9\u00a0\u00bb. Les massages sur les seins? \u00ab\u00a0Dessous il y a les muscles, les fluides, les m\u00e9ridiens&#8230; , voil\u00e0 comment faire circuler les \u00e9nergies, contribuer \u00e0 une mise en d\u00e9tente\u00a0\u00bb.<\/p>\n","protected":false},"excerpt":{"rendered":"Elles sont huit femmes sur la liste des victimes potentielles d&lsquo;agressions sexuelles commises avec les circonstances aggravantes que&hellip;\n","protected":false},"author":2,"featured_media":62607,"comment_status":"","ping_status":"","sticky":false,"template":"","format":"standard","meta":{"footnotes":""},"categories":[10],"tags":[17,16040,274,1011,16042,27,72,3707,151,378,16041,71,2407],"class_list":{"0":"post-62606","1":"post","2":"type-post","3":"status-publish","4":"format-standard","5":"has-post-thumbnail","7":"category-sante","8":"tag-17","9":"tag-choisit","10":"tag-faits-divers-justice","11":"tag-fr","12":"tag-fragiles","13":"tag-france","14":"tag-health","15":"tag-il","16":"tag-les","17":"tag-plus","18":"tag-proies","19":"tag-sante","20":"tag-ses"},"share_on_mastodon":{"url":"https:\/\/pubeurope.com\/@fr\/114423029036641149","error":""},"_links":{"self":[{"href":"https:\/\/www.europesays.com\/fr\/wp-json\/wp\/v2\/posts\/62606","targetHints":{"allow":["GET"]}}],"collection":[{"href":"https:\/\/www.europesays.com\/fr\/wp-json\/wp\/v2\/posts"}],"about":[{"href":"https:\/\/www.europesays.com\/fr\/wp-json\/wp\/v2\/types\/post"}],"author":[{"embeddable":true,"href":"https:\/\/www.europesays.com\/fr\/wp-json\/wp\/v2\/users\/2"}],"replies":[{"embeddable":true,"href":"https:\/\/www.europesays.com\/fr\/wp-json\/wp\/v2\/comments?post=62606"}],"version-history":[{"count":0,"href":"https:\/\/www.europesays.com\/fr\/wp-json\/wp\/v2\/posts\/62606\/revisions"}],"wp:featuredmedia":[{"embeddable":true,"href":"https:\/\/www.europesays.com\/fr\/wp-json\/wp\/v2\/media\/62607"}],"wp:attachment":[{"href":"https:\/\/www.europesays.com\/fr\/wp-json\/wp\/v2\/media?parent=62606"}],"wp:term":[{"taxonomy":"category","embeddable":true,"href":"https:\/\/www.europesays.com\/fr\/wp-json\/wp\/v2\/categories?post=62606"},{"taxonomy":"post_tag","embeddable":true,"href":"https:\/\/www.europesays.com\/fr\/wp-json\/wp\/v2\/tags?post=62606"}],"curies":[{"name":"wp","href":"https:\/\/api.w.org\/{rel}","templated":true}]}}