{"id":626063,"date":"2025-12-27T23:50:21","date_gmt":"2025-12-27T23:50:21","guid":{"rendered":"https:\/\/www.europesays.com\/fr\/626063\/"},"modified":"2025-12-27T23:50:21","modified_gmt":"2025-12-27T23:50:21","slug":"paris-un-sacristain-agresse-a-leglise-de-la-madeleine-le-suspect-interpelle","status":"publish","type":"post","link":"https:\/\/www.europesays.com\/fr\/626063\/","title":{"rendered":"Paris\u00a0: un sacristain agress\u00e9 \u00e0 l\u2019\u00e9glise de la Madeleine, le suspect interpell\u00e9"},"content":{"rendered":"<p class=\"paragraph text_align_left lp-f-body-02\">Une enqu\u00eate a \u00e9t\u00e9 ouverte apr\u00e8s l\u2019agression, ce samedi matin, d\u2019un sacristain \u00e0<a href=\"https:\/\/google.com\/search?q=site%3Aleparisien.fr+eglise+de+la+madeleine&amp;rlz=1C1GCEA_enFR1190FR1190&amp;oq=site%3Aleparisien.fr+eglise+de+la+madeleine+&amp;gs_lcrp=EgZjaHJvbWUyBggAEEUYOTIGCAEQRRg60gEINjM3NGowajSoAgCwAgE&amp;sourceid=chrome&amp;ie=UTF-8\" target=\"_self\" rel=\"noopener\"> l\u2019\u00e9glise de la Madeleine<\/a>, dans le VIIIe arrondissement de Paris, ont annonc\u00e9 la pr\u00e9fecture de police et le parquet de Paris aupr\u00e8s du Parisien, confirmant l\u2019information d\u2019une source polici\u00e8re. L\u2019assaillant pr\u00e9sum\u00e9 a \u00e9t\u00e9 interpell\u00e9.<\/p>\n<p class=\"\">Les faits ont lieu aux alentours de 10h30, lorsqu\u2019un homme a port\u00e9 des coups et tent\u00e9 d\u2019\u00e9trangler un membre de l\u2019\u00e9glise, alors que ce dernier venait de lui demander d\u2019arr\u00eater de manger au sein de l\u2019\u00e9tablissement religieux ou de quitter les lieux.<\/p>\n<p class=\"\">Bien que le suspect ait pris la fuite \u00e0 pied, les services de police \u2014 alert\u00e9s par le sacristain \u2014 l\u2019ont interpell\u00e9 quelques minutes plus tard, boulevard Malesherbes, dans le m\u00eame arrondissement.<\/p>\n<p class=\"\">L\u2019agresseur pr\u00e9sum\u00e9 a \u00e9t\u00e9 plac\u00e9 en garde \u00e0 vue, puis lib\u00e9r\u00e9 en raison de son \u00e9tat de sant\u00e9.<\/p>\n<p>Une plainte d\u00e9pos\u00e9e<\/p>\n<p class=\"\">L\u00e9g\u00e8rement bless\u00e9e, la victime n\u2019a pas souhait\u00e9 faire intervenir les pompiers, mais elle a d\u00e9pos\u00e9 plainte.<\/p>\n<p class=\"\">Une enqu\u00eate a \u00e9t\u00e9 ouverte par le parquet de Paris pour \u00ab violence sans incapacit\u00e9 commise en raison de la race, l\u2019ethnie, la nation ou la religion \u00bb, \u00ab menace de mort r\u00e9it\u00e9r\u00e9e commise en raison de la race, l\u2019ethnie, la nation ou la religion, dans un lieu de culte \u00bb et \u00ab trouble visant \u00e0 emp\u00eacher, retarder ou interrompre l\u2019exercice du culte \u00bb. L\u2019enqu\u00eate a \u00e9t\u00e9 confi\u00e9e au Service de l\u2019accueil et de l\u2019investigation de proximit\u00e9 (SAIP) du commissariat du VIIIe arrondissement.<\/p>\n<p class=\"\">Le suspect est vis\u00e9 par une <a href=\"https:\/\/www.leparisien.fr\/faits-divers\/oqtf-comment-se-decide-vraiment-une-obligation-de-quitter-le-territoire-28-07-2023-UZHGNGL2LJDVZCXTGMQZ42N424.php\" target=\"_blank\" rel=\"noreferrer noopener\">obligation de quitter le territoire fran\u00e7ais (OQTF) <\/a>et pourrait \u00eatre \u00ab reconduit \u00e0 la fronti\u00e8re \u00bb, selon les conclusions de l\u2019enqu\u00eate, a fait savoir la pr\u00e9fecture de police.<\/p>\n","protected":false},"excerpt":{"rendered":"Une enqu\u00eate a \u00e9t\u00e9 ouverte apr\u00e8s l\u2019agression, ce samedi matin, d\u2019un sacristain \u00e0 l\u2019\u00e9glise de la Madeleine, dans&hellip;\n","protected":false},"author":2,"featured_media":626064,"comment_status":"","ping_status":"","sticky":false,"template":"","format":"standard","meta":{"footnotes":""},"categories":[1888],"tags":[11,1777,674,118,1011,27,1944,12,626,25],"class_list":{"0":"post-626063","1":"post","2":"type-post","3":"status-publish","4":"format-standard","5":"has-post-thumbnail","7":"category-paris","8":"tag-actualites","9":"tag-eu","10":"tag-europe","11":"tag-faits-divers","12":"tag-fr","13":"tag-france","14":"tag-ma-ville","15":"tag-news","16":"tag-paris","17":"tag-republique-francaise"},"share_on_mastodon":{"url":"https:\/\/pubeurope.com\/@fr\/115794216540245348","error":""},"_links":{"self":[{"href":"https:\/\/www.europesays.com\/fr\/wp-json\/wp\/v2\/posts\/626063","targetHints":{"allow":["GET"]}}],"collection":[{"href":"https:\/\/www.europesays.com\/fr\/wp-json\/wp\/v2\/posts"}],"about":[{"href":"https:\/\/www.europesays.com\/fr\/wp-json\/wp\/v2\/types\/post"}],"author":[{"embeddable":true,"href":"https:\/\/www.europesays.com\/fr\/wp-json\/wp\/v2\/users\/2"}],"replies":[{"embeddable":true,"href":"https:\/\/www.europesays.com\/fr\/wp-json\/wp\/v2\/comments?post=626063"}],"version-history":[{"count":0,"href":"https:\/\/www.europesays.com\/fr\/wp-json\/wp\/v2\/posts\/626063\/revisions"}],"wp:featuredmedia":[{"embeddable":true,"href":"https:\/\/www.europesays.com\/fr\/wp-json\/wp\/v2\/media\/626064"}],"wp:attachment":[{"href":"https:\/\/www.europesays.com\/fr\/wp-json\/wp\/v2\/media?parent=626063"}],"wp:term":[{"taxonomy":"category","embeddable":true,"href":"https:\/\/www.europesays.com\/fr\/wp-json\/wp\/v2\/categories?post=626063"},{"taxonomy":"post_tag","embeddable":true,"href":"https:\/\/www.europesays.com\/fr\/wp-json\/wp\/v2\/tags?post=626063"}],"curies":[{"name":"wp","href":"https:\/\/api.w.org\/{rel}","templated":true}]}}