{"id":626082,"date":"2025-12-28T00:00:27","date_gmt":"2025-12-28T00:00:27","guid":{"rendered":"https:\/\/www.europesays.com\/fr\/626082\/"},"modified":"2025-12-28T00:00:27","modified_gmt":"2025-12-28T00:00:27","slug":"a-lasse-jean-louis-gasset-a-construit-une-equipe-de-collegues-et-de-copains","status":"publish","type":"post","link":"https:\/\/www.europesays.com\/fr\/626082\/","title":{"rendered":"\u00ab \u00c0 l&rsquo;ASSE, Jean-Louis Gasset a construit une \u00e9quipe de coll\u00e8gues et de copains \u00bb"},"content":{"rendered":"<p>Retir\u00e9 dans le Nord, Mathieu Debuchy a d\u00e9cid\u00e9 de mettre en pause ses dipl\u00f4mes d\u2019entra\u00eeneur pour se consacrer \u00e0 des projets personnels. M\u00eame temporairement \u00e9loign\u00e9 du football, l\u2019ancien d\u00e9fenseur international de l\u2019ASSE (2018-2021) a forc\u00e9ment \u00e9t\u00e9 touch\u00e9 par la disparition soudaine de Jean-Louis Gasset ce vendredi, l\u2019entra\u00eeneur qui l\u2019a fait venir \u00e0 Saint-\u00c9tienne l\u2019hiver 2018.<\/p>\n<blockquote class=\"question\"><p>Jean-Louis Gasset a-t-il \u00e9t\u00e9 l&rsquo;un des entra\u00eeneurs les plus marquants de votre longue carri\u00e8re\u00a0?<\/p><\/blockquote>\n<p>\u00ab\u00a0Oui, clairement. Je l\u2019ai toujours \u00e9norm\u00e9ment respect\u00e9. Il a beaucoup compt\u00e9 pour moi, sur le plan footballistique et encore plus sur le plan humain. C\u2019est un mod\u00e8le, notamment dans sa m\u00e9thodologie pour faire vivre un groupe comme il savait si bien le faire. \u00c0 Saint\u00e9, il a su cr\u00e9er une union sacr\u00e9e et une \u00e9quipe de coll\u00e8gues et de copains. \u00c7a restera un moment fort de ma carri\u00e8re.\u00a0\u00bb<\/p>\n<p>  \u00ab\u00a0Il a tout de suite su m\u2019embarquer dans l\u2019aventure\u00a0\u00bb<\/p>\n<blockquote class=\"question\"><p>Il a beaucoup pes\u00e9 dans votre arriv\u00e9e \u00e0 Saint-\u00c9tienne\u00a0?<\/p><\/blockquote>\n<p>\u00ab\u00a0Il m\u2019a appel\u00e9 tout d\u00e9but janvier\u00a02018. Il me t\u00e9l\u00e9phonait tous les deux-trois jours. Il \u00e9tait d\u2019ailleurs toujours avec Ghislain (Printant, son adjoint, NDLR) \u00e0 l\u2019autre bout du fil. Mais il a tout de suite su me convaincre et m\u2019embarquer dans cette aventure \u00e0 travers son c\u0153ur, convaincu par ce qu\u2019il voulait faire. Apr\u00e8s, ce n\u2019\u00e9tait qu\u2019une question de n\u00e9gociation de contrat. Il a r\u00e9ussi ensuite, gr\u00e2ce \u00e0 son carnet d\u2019adresses, \u00e0 faire venir d\u2019autres joueurs importants.\u00a0\u00bb<\/p>\n<blockquote class=\"question\"><p>Tous ses anciens joueurs ont \u00e9voqu\u00e9 ses talents de meneur d\u2019homme, son humanit\u00e9. Mais techniquement, c\u2019\u00e9tait \u00e9galement un entra\u00eeneur \u00e0 part\u00a0?<\/p><\/blockquote>\n<p>\u00ab\u00a0\u00c0 Saint-Etienne, avec Jean-Louis, on jouait au ballon, on produisait du beau jeu. On travaillait tactiquement de mani\u00e8re tr\u00e8s pointilleuse. Il se mettait en retrait, Ghislain menait les s\u00e9ances et quand il intervenait, c\u2019\u00e9tait toujours de mani\u00e8re tr\u00e8s pr\u00e9cise, pour des d\u00e9tails.\u00a0\u00bb<\/p>\n<p>  \u00ab\u00a0C\u2019\u00e9tait un impulsif au grand c\u0153ur\u00a0\u00bb<\/p>\n<blockquote class=\"question\"><p>Vous l\u2019avez connu \u00e9galement en \u00e9quipe de France lorsqu\u2019il \u00e9tait adjoint de <a href=\"https:\/\/www.leprogres.fr\/p\/laurent-blanc\" target=\"_blank\" rel=\"noopener\">Laurent Blanc<\/a>. Il \u00e9tait le m\u00eame qu\u2019\u00e0 Saint-\u00c9tienne\u00a0?<\/p><\/blockquote>\n<p>\u00ab\u00a0C\u2019\u00e9tait diff\u00e9rent, on se c\u00f4toyait seulement lors des tr\u00eaves internationales. Il \u00e9tait proche des joueurs dans son r\u00f4le d\u2019adjoint mais je l\u2019ai vraiment d\u00e9couvert au quotidien \u00e0 Saint\u00e9.\u00a0\u00bb<\/p>\n<blockquote class=\"question\"><p>S\u2019il fallait garder une anecdote, un souvenir, ce serait lequel\u00a0?<\/p><\/blockquote>\n<p>\u00ab\u00a0Il y en a tellement\u2026 Mais le plus marquant chez lui, c\u2019\u00e9tait sa fa\u00e7on de piquer une gueulante dans le vestiaire contre un joueur qui avait livr\u00e9 une contre-performance dans un match puis de le prendre dans ses bras quelques minutes plus tard. C\u2019\u00e9tait un impulsif au grand c\u0153ur.\u00a0\u00bb<\/p>\n","protected":false},"excerpt":{"rendered":"Retir\u00e9 dans le Nord, Mathieu Debuchy a d\u00e9cid\u00e9 de mettre en pause ses dipl\u00f4mes d\u2019entra\u00eeneur pour se consacrer&hellip;\n","protected":false},"author":2,"featured_media":626083,"comment_status":"","ping_status":"","sticky":false,"template":"","format":"standard","meta":{"footnotes":""},"categories":[2],"tags":[11,4000,7539,63,1011,27,4002,3367,12,25,4001,7538,517],"class_list":{"0":"post-626082","1":"post","2":"type-post","3":"status-publish","4":"format-standard","5":"has-post-thumbnail","7":"category-actualites","8":"tag-actualites","9":"tag-asse-as-saint-etienne-football","10":"tag-edition-loire-sud","11":"tag-football","12":"tag-fr","13":"tag-france","14":"tag-haute-loire","15":"tag-loire","16":"tag-news","17":"tag-republique-francaise","18":"tag-saint-etienne","19":"tag-saint-etienne-ville","20":"tag-sport"},"share_on_mastodon":{"url":"https:\/\/pubeurope.com\/@fr\/115794255870950619","error":""},"_links":{"self":[{"href":"https:\/\/www.europesays.com\/fr\/wp-json\/wp\/v2\/posts\/626082","targetHints":{"allow":["GET"]}}],"collection":[{"href":"https:\/\/www.europesays.com\/fr\/wp-json\/wp\/v2\/posts"}],"about":[{"href":"https:\/\/www.europesays.com\/fr\/wp-json\/wp\/v2\/types\/post"}],"author":[{"embeddable":true,"href":"https:\/\/www.europesays.com\/fr\/wp-json\/wp\/v2\/users\/2"}],"replies":[{"embeddable":true,"href":"https:\/\/www.europesays.com\/fr\/wp-json\/wp\/v2\/comments?post=626082"}],"version-history":[{"count":0,"href":"https:\/\/www.europesays.com\/fr\/wp-json\/wp\/v2\/posts\/626082\/revisions"}],"wp:featuredmedia":[{"embeddable":true,"href":"https:\/\/www.europesays.com\/fr\/wp-json\/wp\/v2\/media\/626083"}],"wp:attachment":[{"href":"https:\/\/www.europesays.com\/fr\/wp-json\/wp\/v2\/media?parent=626082"}],"wp:term":[{"taxonomy":"category","embeddable":true,"href":"https:\/\/www.europesays.com\/fr\/wp-json\/wp\/v2\/categories?post=626082"},{"taxonomy":"post_tag","embeddable":true,"href":"https:\/\/www.europesays.com\/fr\/wp-json\/wp\/v2\/tags?post=626082"}],"curies":[{"name":"wp","href":"https:\/\/api.w.org\/{rel}","templated":true}]}}