{"id":626090,"date":"2025-12-28T00:09:15","date_gmt":"2025-12-28T00:09:15","guid":{"rendered":"https:\/\/www.europesays.com\/fr\/626090\/"},"modified":"2025-12-28T00:09:15","modified_gmt":"2025-12-28T00:09:15","slug":"evenepoel-et-van-aert-qui-lachent-pogacar-la-moisson-de-merlier-les-tops-du-cyclisme-belge-en-2025","status":"publish","type":"post","link":"https:\/\/www.europesays.com\/fr\/626090\/","title":{"rendered":"Evenepoel et van Aert qui l\u00e2chent Pogacar, la moisson de Merlier\u00a0: les tops du cyclisme belge en 2025"},"content":{"rendered":"<p class=\"ap-StoryElement ap-StoryElement--mb ap-StoryText\">Lors de la plus grande course du monde, sur la plus belle avenue du monde, dans une ambiance de folie et aussi et surtout en l\u00e2chant le maillot jaune Tadej Pogacar dans la Butte Montmartre. Tout \u00e9tait r\u00e9uni. \u00ab\u00a0C&rsquo;\u00e9tait encore plus grand que je ne le pensais. La pr\u00e9sence de Tadej, qui a jou\u00e9 le jeu alors qu&rsquo;il aurait pu \u00eatre raisonnable \u00e0 cause de la mauvaise m\u00e9t\u00e9o et de la neutralisation des temps, a donn\u00e9 encore plus de valeur \u00e0 cette victoire\u00a0\u00bb, a aussi avou\u00e9 le Belge.<\/p>\n<p><a href=\"https:\/\/www.dhnet.be\/sports\/cyclisme\/2025\/12\/04\/sa-gestion-des-risques-le-frisson-de-sienne-son-reve-dun-monument-pave-wout-van-aert-a-coeur-ouvert-au-printemps-je-nosais-plus-frotter-ANSXRQT6UZF3TDSIK36LWA4QLU\/\" target=\"_self\" class=\"ap-StoryInterstitialLink ap-StoryElement ap-StoryElement--mb\" rel=\"noopener\">Sa gestion des risques, le frisson de Sienne, son r\u00eave d&rsquo;un monument pav\u00e9, Wout van Aert \u00e0 c\u0153ur ouvert : \u00ab\u00a0Au printemps, je n&rsquo;osais plus frotter\u00a0\u00bb<\/a>2 Remco Evenepoel \u00e9crase Tadej Pogacar sur le chrono de Kigali<\/p>\n<p class=\"ap-StoryElement ap-StoryElement--mb ap-StoryText\">Wout van Aert n&rsquo;est pas le seul \u00e0 avoir l\u00e2ch\u00e9 l&rsquo;extraterrestre Pogacar, cette saison. Remco Evenepoel aussi. S&rsquo;il a \u00e9t\u00e9 battu par le Slov\u00e8ne sur les championnats du monde, sur les championnats d&rsquo;Europe puis sur le Tour de Lombardie (2e \u00e0 chaque fois), le double champion olympique s&rsquo;est aussi offert une victoire de prestige sur le chrono des Mondiaux de Kigali.<\/p>\n<p><a href=\"https:\/\/www.dhnet.be\/sports\/cyclisme\/championnats-du-monde\/2025\/09\/21\/tadej-pogacar-a-ete-humilie-par-remco-evenepoel-le-jour-de-son-anniversaire-cest-difficile-a-avaler-ADNVZMUWCZDNPD7YTAG6RTG4HE\/\" target=\"_self\" class=\"ap-StoryInterstitialLink ap-StoryElement ap-StoryElement--mb\" rel=\"noopener\">Tadej Pogacar a \u00e9t\u00e9 humili\u00e9 par Remco Evenepoel le jour de son anniversaire : \u00ab\u00a0C&rsquo;est difficile \u00e0 avaler\u2026\u00a0\u00bb<\/a><\/p>\n<p class=\"ap-StoryElement ap-StoryElement--mb ap-StoryText\">Ce jour-l\u00e0, dans la c\u00f4te pav\u00e9e de Kimihurura, il a rattrap\u00e9 et l\u00e2ch\u00e9 Pogi, pourtant parti\u2026 deux minutes 30 avant lui. \u00ab\u00a0On pensait qu&rsquo;une minute \u00e9tait possible si j&rsquo;\u00e9tais dans un grand jour mais 2:30, jamais\u00a0\u00bb, a avou\u00e9 Remco par la suite.<\/p>\n<p class=\"ap-StoryElement ap-StoryElement--mb ap-StoryText\">Champion du monde et d&rsquo;Europe du chrono, le Braban\u00e7on a termin\u00e9 la saison 2025 avec 8 victoires, dont la Fl\u00e8che Braban\u00e7onne face \u00e0\u2026 van Aert. Un autre grand moment de son ann\u00e9e, pour son retour apr\u00e8s sa lourde chute durant l&rsquo;hiver.<\/p>\n<p><a href=\"https:\/\/www.dhnet.be\/sports\/cyclisme\/2025\/11\/28\/apres-avoir-glisse-vers-la-depression-lhiver-dernier-remco-evenepoel-pense-deja-a-2026-oui-le-ronde-et-sanremo-cest-envisageable-GSFTE3RINBGKBGVAPB6COWBFAA\/\" target=\"_self\" class=\"ap-StoryInterstitialLink ap-StoryElement ap-StoryElement--mb\" rel=\"noopener\">Apr\u00e8s avoir \u00ab\u00a0gliss\u00e9 vers la d\u00e9pression\u00a0\u00bb l&rsquo;hiver dernier, Remco Evenepoel pense d\u00e9j\u00e0 \u00e0 2026 : \u00ab\u00a0Oui le Ronde et Sanremo, c&rsquo;est envisageable\u00a0\u00bb<\/a>3 La r\u00e9gularit\u00e9 de Tim Merlier, victorieux 16 fois<\/p>\n<p class=\"ap-StoryElement ap-StoryElement--mb ap-StoryText\">Le Belge qui a le plus lev\u00e9 les bras en 2025, c&rsquo;est lui. Avec 16 victoires au compteur cette ann\u00e9e, Tim Merlier se classe aux c\u00f4t\u00e9s de <a href=\"https:\/\/www.dhnet.be\/sports\/cyclisme\/2025\/10\/15\/magnier-imbattable-merlier-a-encore-faim-del-toro-sarrete-la-bienvenue-dans-le-club-des-16-pas-si-loin-de-tadej-pogacar-66VJVWISGVCMTIQYWVJCNRJUVU\/\" target=\"_self\" rel=\"noopener\">Tadej Pogacar (20), Paul Magnier (19) et Isaac Del Toro (18) <\/a>au ranking des coureurs les plus prolifiques. Mais ce qui est surtout int\u00e9ressant de constater, c&rsquo;est que le deuxi\u00e8me sprinter sur cette liste se nomme Olav Kooij, avec 11 victoires. Puis Jonathan Milan (9).<\/p>\n<p><a href=\"https:\/\/www.dhnet.be\/sports\/cyclisme\/2025\/02\/24\/comment-tim-merlier-est-devenu-le-meilleur-sprinter-du-monde-il-a-parfois-lair-nonchalant-mais-cest-un-grand-pro-XTJPW7SKS5CZPEO7HVK27ZFONE\/\" target=\"_self\" class=\"ap-StoryInterstitialLink ap-StoryElement ap-StoryElement--mb\" rel=\"noopener\">Comment Tim Merlier est devenu le meilleur sprinter du monde : \u00ab\u00a0Il a parfois l&rsquo;air nonchalant, mais c&rsquo;est un grand pro\u00a0\u00bb<\/a><\/p>\n<p class=\"ap-StoryElement ap-StoryElement--mb ap-StoryText\">De l\u00e0 \u00e0 en conclure que le coureur de Soudal Quick-Step est le meilleur sprinter du monde, il n&rsquo;y a qu&rsquo;un pas que 2025 a permis de franchir. S&rsquo;il a \u00e9t\u00e9 d\u00e9\u00e7u de ne pas remporter la premi\u00e8re \u00e9tape (et de porter le premier maillot jaune) du Tour de France \u00e0 Lille, Merlier s&rsquo;est bien rattrap\u00e9 par la suite en gagnant deux \u00e9tapes. Avec la mani\u00e8re, \u00e0 chaque fois. C&rsquo;est bien simple : quand il a \u00e9t\u00e9 en position de jouer la gagne, Merlier a quasiment toujours gagn\u00e9. Avec ou sans \u00e9quipier pour l&#8217;emmener. La marque des grands.<\/p>\n<p><img loading=\"lazy\" decoding=\"async\" class=\"w-full lazyload lazyload--opacity object-contain\" style=\"aspect-ratio:150 \/ 100;opacity:1\" alt=\"Belgian Tim Merlier of Soudal Quick-Step celebrates as he crosses the finish line to win the fourth stage of the 'Renewi Tour' multi-stage cycling race, from Riemst to Bilzen-Hoeselt (196 km) on Saturday 23 August 2025. The five-day race takes place in Belgium and the Netherlands. BELGA PHOTO DAVID PINTENS\" width=\"768\" height=\"512\" fetchpriority=\"auto\" src=\"https:\/\/www.europesays.com\/fr\/wp-content\/uploads\/2025\/12\/S5VKD3X55FFF3BW6V4SEHXNP7I.png\"  data- data-optimumx=\"1\"\/>Tim Merlier a perdu son maillot de champion d&rsquo;Europe en 2025, mais il a souvent lev\u00e9 les bras. \u00a9Belgaimage4 La deuxi\u00e8me partie de saison d&rsquo;Arnaud De Lie<\/p>\n<p class=\"ap-StoryElement ap-StoryElement--mb ap-StoryText\">Son printemps, avort\u00e9 pour la deuxi\u00e8me ann\u00e9e de suite, aurait pu se retrouver dans les &lsquo;flops&rsquo; de notre classement. <a href=\"https:\/\/www.dhnet.be\/sports\/cyclisme\/2025\/10\/12\/un-record-en-vue-et-une-confiance-decuplee-pourquoi-2025-pourrait-etre-la-saison-la-plus-aboutie-de-la-carriere-darnaud-de-lie-3Y3N6GRBMBB3JJYYC6WQQNE6PU\/\" target=\"_self\" rel=\"noopener\">Mais on a pr\u00e9f\u00e9r\u00e9 mettre en \u00e9vidence son automne.<\/a><\/p>\n<p class=\"ap-StoryElement ap-StoryElement--mb ap-StoryText\">De son retour en forme, petit \u00e0 petit, sur le Tour de France apr\u00e8s de longs mois compliqu\u00e9s et des questionnements sur la suite de sa carri\u00e8re, Arnaud De Lie a retrouv\u00e9 la faim durant l&rsquo;\u00e9t\u00e9. Puis il a retrouv\u00e9 le chemin de la victoire.<\/p>\n<p class=\"ap-StoryElement ap-StoryElement--mb ap-StoryText\"><a href=\"https:\/\/www.dhnet.be\/sports\/cyclisme\/2025\/08\/24\/renewi-tour-arnaud-de-lie-remporte-la-derniere-etape-et-le-classement-general-QKOWBSLZKRC4ZEVHLEO3QLFPJ4\/\" target=\"_self\" rel=\"noopener\">Sur le Renewi Tour, d&rsquo;abord, o\u00f9 il a remport\u00e9 la derni\u00e8re \u00e9tape en filou devant Mathieu van der Poel, s&rsquo;offrant par la m\u00eame occasion le classement g\u00e9n\u00e9ral d&rsquo;une \u00e9preuve World Tour pour la premi\u00e8re fois de sa carri\u00e8re<\/a>. Puis les victoires se sont encha\u00een\u00e9es (Bretagne Classic, GP de Wallonie, Super 8 Classic, Paris-Chauny) avec la mani\u00e8re. De quoi se projeter vers 2026 avec confiance et d\u00e9termination. Pour que le printemps puisse lui sourire \u00e0 nouveau\u2026<\/p>\n<p>5 Le maillot jaune et le maillot rouge pour Jasper Philipsen<\/p>\n<p class=\"ap-StoryElement ap-StoryElement--mb ap-StoryText\">On a longuement h\u00e9sit\u00e9 entre<a href=\"https:\/\/www.dhnet.be\/sports\/cyclisme\/2025\/08\/20\/cian-uijtdebroeks-est-de-retour-au-premier-plan-il-nest-certainement-pas-encore-un-produit-fini-WTQBJS7RXJDY7JSWID4AINTCPE\/\" target=\"_self\" rel=\"noopener\"> les premi\u00e8res victoires professionnelles de Cian Uijtdebroeks<\/a> et de <a href=\"https:\/\/www.dhnet.be\/sports\/cyclisme\/courses-par-etapes\/2025\/08\/21\/sylvain-moniquet-savoure-sa-premiere-victoire-chez-les-pros-au-tour-du-limousin-jetais-presque-sur-de-faire-un-gros-resultat-2FR5JK2MSJHPHJWC6ZF5TYZ23I\/\" target=\"_self\" rel=\"noopener\">Sylvain Monique<\/a>t, ou <a href=\"https:\/\/www.dhnet.be\/sports\/cyclisme\/2025\/10\/04\/le-belge-jarno-widar-est-champion-deurope-YCAUMZQQLRAUZJ45HBMPD53SWY\/\" target=\"_self\" rel=\"noopener\">le titre de champion d&rsquo;Europe espoirs de Jarno Widar<\/a> pour compl\u00e9ter notre top 5. Mais le double exploit de Jasper Philipsen, qui a remport\u00e9 au sprint la premi\u00e8re \u00e9tape du Tour et de la Vuelta, portant le maillot jaune puis le maillot rouge, m\u00e9rite de figurer un cran au-dessus.<\/p>\n<p class=\"ap-StoryElement ap-StoryElement--mb ap-StoryText\"><a href=\"https:\/\/www.dhnet.be\/sports\/cyclisme\/tour-de-france\/2025\/07\/07\/tour-de-france-2025-jasper-philipsen-contraint-a-labandon-apres-une-grosse-chute-video-H5RI6W2EXRES5PTVVW6JTL5BNA\/\" target=\"_self\" rel=\"noopener\">Si sa lourde chute sur la 3e \u00e9tape de la Grande Boucle<\/a> a un peu pourri le milieu de son \u00e9t\u00e9, Philipsen tourne tout de m\u00eame la page de 2025 avec de magnifiques photos souvenirs. Le plus flandrien des sprinters (ou l&rsquo;inverse) avait \u00e9galement remport\u00e9 Kuurne-Bruxelles-Kuurne, au printemps. Et pour 2026, il n&rsquo;a pas enterr\u00e9 ses espoirs de remporter Paris-Roubaix (2e en 2023 et en 2024), malgr\u00e9 l&rsquo;h\u00e9g\u00e9monie de son \u00e9quipier et ami Mathieu van der Poel.<\/p>\n<p><img loading=\"lazy\" decoding=\"async\" class=\"w-full lazyload lazyload--opacity object-contain\" style=\"aspect-ratio:150 \/ 100;opacity:1\" alt=\"Philipsen termine l'ann\u00e9e 2025 avec de belles photos en souvenir.\" width=\"768\" height=\"512\" fetchpriority=\"auto\" src=\"https:\/\/www.europesays.com\/fr\/wp-content\/uploads\/2025\/12\/S5VKD3X55FFF3BW6V4SEHXNP7I.png\"  data- data-optimumx=\"1\"\/>Philipsen termine l&rsquo;ann\u00e9e 2025 avec de belles photos en souvenir. \u00a9MAXPP\/IMAGO<\/p>\n","protected":false},"excerpt":{"rendered":"Lors de la plus grande course du monde, sur la plus belle avenue du monde, dans une ambiance&hellip;\n","protected":false},"author":2,"featured_media":626091,"comment_status":"","ping_status":"","sticky":false,"template":"","format":"standard","meta":{"footnotes":""},"categories":[1411],"tags":[43856,5682,1154,207,1011,27,1656,5693,11697,60],"class_list":{"0":"post-626090","1":"post","2":"type-post","3":"status-publish","4":"format-standard","5":"has-post-thumbnail","7":"category-cyclisme","8":"tag-championnat-deurope-de-football-euro","9":"tag-classiques-flandriennes","10":"tag-cycling","11":"tag-cyclisme","12":"tag-fr","13":"tag-france","14":"tag-paris-roubaix","15":"tag-promotions-amazon","16":"tag-remco-evenepoel","17":"tag-sports"},"share_on_mastodon":{"url":"https:\/\/pubeurope.com\/@fr\/115794292024838244","error":""},"_links":{"self":[{"href":"https:\/\/www.europesays.com\/fr\/wp-json\/wp\/v2\/posts\/626090","targetHints":{"allow":["GET"]}}],"collection":[{"href":"https:\/\/www.europesays.com\/fr\/wp-json\/wp\/v2\/posts"}],"about":[{"href":"https:\/\/www.europesays.com\/fr\/wp-json\/wp\/v2\/types\/post"}],"author":[{"embeddable":true,"href":"https:\/\/www.europesays.com\/fr\/wp-json\/wp\/v2\/users\/2"}],"replies":[{"embeddable":true,"href":"https:\/\/www.europesays.com\/fr\/wp-json\/wp\/v2\/comments?post=626090"}],"version-history":[{"count":0,"href":"https:\/\/www.europesays.com\/fr\/wp-json\/wp\/v2\/posts\/626090\/revisions"}],"wp:featuredmedia":[{"embeddable":true,"href":"https:\/\/www.europesays.com\/fr\/wp-json\/wp\/v2\/media\/626091"}],"wp:attachment":[{"href":"https:\/\/www.europesays.com\/fr\/wp-json\/wp\/v2\/media?parent=626090"}],"wp:term":[{"taxonomy":"category","embeddable":true,"href":"https:\/\/www.europesays.com\/fr\/wp-json\/wp\/v2\/categories?post=626090"},{"taxonomy":"post_tag","embeddable":true,"href":"https:\/\/www.europesays.com\/fr\/wp-json\/wp\/v2\/tags?post=626090"}],"curies":[{"name":"wp","href":"https:\/\/api.w.org\/{rel}","templated":true}]}}