{"id":626095,"date":"2025-12-28T00:12:25","date_gmt":"2025-12-28T00:12:25","guid":{"rendered":"https:\/\/www.europesays.com\/fr\/626095\/"},"modified":"2025-12-28T00:12:25","modified_gmt":"2025-12-28T00:12:25","slug":"a-arles-5-galeries-dart-a-visiter-absolument","status":"publish","type":"post","link":"https:\/\/www.europesays.com\/fr\/626095\/","title":{"rendered":"\u00c0 Arles, 5 galeries d&rsquo;art \u00e0 visiter absolument"},"content":{"rendered":"<p class=\"editor-content__paragraph\">C\u00f4t\u00e9 mus\u00e9es et fondations, la ville d\u2019<strong>Arles<\/strong> est l\u2019une des mieux dot\u00e9es du sud de la France. Apr\u00e8s une visite au <strong>mus\u00e9e d\u00e9partemental Arles antique<\/strong>, on ne manquera ni le<strong> Museon Arlaten<\/strong> ni le mus\u00e9e R\u00e9attu, avant de passer l\u2019apr\u00e8s-midi \u00e0 la <strong>fondation Van Gogh<\/strong>, qui trouve toujours le moyen de pr\u00e9senter quelques \u0153uvres du N\u00e9erlandais dans ses passionnantes expositions temporaires.<\/p>\n<p class=\"editor-content__paragraph\">Impossible aussi de contourner la <strong>fondation Luma<\/strong>, dont les multiples b\u00e2timents et les dimensions hors norme demandent plusieurs heures de visite. En centre-ville, un petit tour chez <a href=\"https:\/\/www.beauxarts.com\/lifestyle\/lee-ufan-arles-une-experience-poetique-hors-de-lagitation-du-monde\/\" target=\"_blank\" rel=\"noopener\"><strong>Lee Ufan Arles<\/strong><\/a> ouvre une belle fen\u00eatre sur l\u2019art m\u00e9ditatif du Sud-Cor\u00e9en, mais il faudra aussi garder un peu d\u2019\u00e9nergie pour la<strong> fondation Manuel Rivera-Ortiz<\/strong>\u2026 Et consacrer, enfin, un peu de temps aux <strong>galeries<\/strong> que voici.<\/p>\n<p>La galerie Anne Clergue, pilier de la ville<\/p>\n<p>    <img loading=\"lazy\" decoding=\"async\" class=\"image__img\" src=\"https:\/\/www.europesays.com\/fr\/wp-content\/uploads\/2025\/12\/web2025_12_cp_anneclergue_41bd-964x643.jpg\" alt=\"La s\u00e9rie \u00ab\u00a0Arroyo\u00a0\u00bb de Cl\u00e9mence Vazard dans l\u2019exposition \u00ab\u00a0Alluvions\u00a0\u00bb \u00e0 la Anne Clergue Galerie \u00e0 Arles\" width=\"964\" height=\"643\"\/><\/p>\n<p>La s\u00e9rie \u00ab\u00a0Arroyo\u00a0\u00bb de Cl\u00e9mence Vazard dans l\u2019exposition \u00ab\u00a0Alluvions\u00a0\u00bb \u00e0 la Anne Clergue Galerie \u00e0 Arles, 2025<\/p>\n<p>    i<\/p>\n<p class=\"legende__cartel\">\u00a9 Celia Pernot et Anne Clergue Galerie<\/p>\n<p class=\"editor-content__paragraph\">Son nom trahit son ancrage intime \u00e0 Arles. <strong>Fille du photographe Lucien Clergue<\/strong>, lequel a <a href=\"https:\/\/www.beauxarts.com\/expos\/les-rencontres-darles-une-epopee-bien-frappee\/\" target=\"_blank\" rel=\"noopener\">cofond\u00e9 les Rencontres d\u2019Arles<\/a> en 1970, <strong>Anne Clergue<\/strong> a travaill\u00e9 chez l\u2019embl\u00e9matique galeriste new-yorkais Leo Castelli puis \u00e0 la fondation Van Gogh avant d\u2019<strong>ouvrir sa propre galerie en 2014<\/strong>. Aujourd\u2019hui, on entre chez elle avec la certitude d\u2019y faire de <strong>belles rencontres artistiques<\/strong>. Install\u00e9e dans une maison du XVIIIe si\u00e8cle, juste en face de l\u2019h\u00f4tel de ville, sa galerie se concentre sur la <strong>photographie<\/strong> (mais pas uniquement), avec un int\u00e9r\u00eat tout particulier pour la <strong>sc\u00e8ne \u00e9mergente<\/strong>. Incontournable.<\/p>\n<p>  Arrow<\/p>\n<p>Galerie Anne Clergue<\/p>\n<p class=\"annexe-content__infos\">4 Plan de la Cour \u2022 13200 Arles<br \/><a href=\"https:\/\/www.anneclergue.fr\/#nicolas-havette-homepage\" target=\"_blank\" rel=\"noopener\">www.anneclergue.fr<\/a><\/p>\n<p>        \u00c0 lire aussi :<br \/>\n        <a class=\"renvoi-explicite__link\" href=\"https:\/\/www.beauxarts.com\/expos\/les-rencontres-darles-une-epopee-bien-frappee\/\" target=\"_blank\" rel=\"noopener\">Les Rencontres d&rsquo;Arles, une \u00e9pop\u00e9e bien frapp\u00e9e<\/a><\/p>\n<p>Lhoste Art contemporain, se perdre dans l\u2019art<\/p>\n<p>    <img loading=\"lazy\" decoding=\"async\" class=\"image__img\" src=\"https:\/\/www.europesays.com\/fr\/wp-content\/uploads\/2025\/12\/webimage0-1-964x677.jpg\" alt=\"Installation d\u2019\u0153uvres de Brandon Opalka \u00e0 l\u2019occasion de l\u2019exposition \u00ab\u00a0Lhoste but not least\u00a0\u00bb \u00e0 la galerie Lhoste\" width=\"964\" height=\"677\"\/><\/p>\n<p>Installation d\u2019\u0153uvres de Brandon Opalka \u00e0 l\u2019occasion de l\u2019exposition \u00ab\u00a0Lhoste but not least\u00a0\u00bb \u00e0 la galerie Lhoste, 2025<\/p>\n<p>    i<\/p>\n<p class=\"editor-content__paragraph\">Si vous allez visiter la fondation Luma, faites donc un petit d\u00e9tour par cette galerie <strong>fond\u00e9e en 2010\u00a0par M\u00e9lanie Bellue<\/strong>, pass\u00e9e par la sc\u00e8ne artistique de Miami et que l\u2019on conna\u00eet aussi comme commissaire d\u2019exposition. Pour ses dix ans, en 2020, Lhoste Art contemporain s\u2019est d\u00e9nich\u00e9 un espace plus grand, <strong>sur deux plateaux<\/strong>, qui inclut \u00e9galement <strong>deux ateliers d\u2019artistes<\/strong> et une cuisine ouverte. En plus des expositions, la galerie aime \u00e0 multiplier les <strong>rendez-vous plus insolites\u00a0<\/strong>: \u00ab\u00a0ventes aux ench\u00e8res clandestines\u00a0\u00bb, banquets, performances et soir\u00e9es musicales \u00ab\u00a0Lhoste in Sound\u00a0\u00bb. Une belle adresse.<\/p>\n<p>  Arrow<\/p>\n<p>Lhoste Art Contemporain<\/p>\n<p class=\"annexe-content__infos\">9 Avenue Victor Hugo \u2022 13200 Arles<br \/><a href=\"https:\/\/lhoste-artcontemporain.com\/\" target=\"_blank\" rel=\"noopener\">lhoste-artcontemporain.com<\/a><\/p>\n<p>De Natura Rerum, o\u00f9 les plaisirs se conjuguent<\/p>\n<p>    <img loading=\"lazy\" decoding=\"async\" class=\"image__img\" src=\"https:\/\/www.europesays.com\/fr\/wp-content\/uploads\/2025\/12\/web1000045462-964x723.jpg\" alt=\"La librairie De natura rerum se transforme en galerie pour l\u2019exposition \u00ab\u00a0Bethl\u00e9em 1900. Photographies anciennes de l\u2019Ecole biblique et arch\u00e9ologique fran\u00e7aise de J\u00e9rusalem\u00a0\u00bb\" width=\"964\" height=\"723\"\/><\/p>\n<p>La librairie De natura rerum se transforme en galerie pour l\u2019exposition \u00ab\u00a0Bethl\u00e9em 1900. Photographies anciennes de l\u2019Ecole biblique et arch\u00e9ologique fran\u00e7aise de J\u00e9rusalem\u00a0\u00bb, 2025<\/p>\n<p>    i<\/p>\n<p class=\"editor-content__paragraph\">Dans la <strong>rue du Refuge<\/strong>, cette petite adresse ador\u00e9e des habitu\u00e9s a plus d\u2019un tour dans son sac. Derri\u00e8re sa porte bleue, De Natura Rerum est \u00e0 la fois <strong>une librairie <\/strong>sp\u00e9cialis\u00e9e dans les <strong>ouvrages sur l\u2019Antiquit\u00e9<\/strong>, une <strong>cave \u00e0 \u00ab\u00a0bi\u00e8res artisanales, cervoises<\/strong>, vins antiques et naturels\u00a0\u00bb et une <strong>galerie d\u2019art<\/strong>, dont la programmation fait dialoguer sa sp\u00e9cialit\u00e9 \u2013 l\u2019Antiquit\u00e9, donc \u2013 avec celle de la ville. <strong>Photographies anciennes, documentation<\/strong> de fouilles arch\u00e9ologiques et \u00e9chapp\u00e9es po\u00e9tiques dans des territoires mill\u00e9naires s\u2019invitent sous la vo\u00fbte de cette librairie-galerie \u00e0 nulle autre pareille, qui a f\u00eat\u00e9 son septi\u00e8me anniversaire en 2025.<\/p>\n<p class=\"annexe-content__infos\">50 Rue du Refuge \u2022 13200 Arles<br \/><a href=\"https:\/\/denaturarerum.fr\/\" target=\"_blank\" rel=\"noopener\">denaturarerum.fr<\/a><\/p>\n<p>En plein c\u0153ur du centre historique, la r\u00e9jouissante galerie Ira Leonis<\/p>\n<p>    <img loading=\"lazy\" decoding=\"async\" class=\"image__img\" src=\"https:\/\/www.europesays.com\/fr\/wp-content\/uploads\/2025\/12\/web_dsc8585-3000px-500ko-72dpi-964x514.jpg\" alt=\"Vue de l\u2019exposition \u00ab\u00a0La G\u00e9n\u00e9tique de l\u2019image\u00a0\u00bb d\u2019Aur\u00e9lien Meimaris \u00e0 la galerie Ira Leonis\" width=\"964\" height=\"514\"\/><\/p>\n<p>Vue de l\u2019exposition \u00ab\u00a0La G\u00e9n\u00e9tique de l\u2019image\u00a0\u00bb d\u2019Aur\u00e9lien Meimaris \u00e0 la galerie Ira Leonis, 2024<\/p>\n<p>    i<\/p>\n<p class=\"editor-content__paragraph\">Elle a ouvert en 2021\u00a0place de la R\u00e9publique, au<strong> premier \u00e9tage d\u2019un h\u00f4tel particulier<\/strong>. Presque aussi intimiste qu\u2019un appartement, la galerie Ira Leonis s\u2019int\u00e9resse avec s\u00e9rieux \u00e0 la <strong>photographie contemporaine<\/strong>, exposant en alternance grands noms (Fran\u00e7oise Huguier) et jeunes pousses (Aur\u00e9lien Meimaris). On note aussi une <strong>int\u00e9ressante curiosit\u00e9 pour les autres champs de l\u2019art<\/strong> d\u2019aujourd\u2019hui, comme lorsque le dessinateur Jacques de Loustal entre en dialogue avec Fran\u00e7oise Huguier.<\/p>\n<p class=\"annexe-content__infos\">20 Place de la R\u00e9publique \u2022 13200 Arles<br \/><a href=\"https:\/\/iraleonis.com\/\" target=\"_blank\" rel=\"noopener\">iraleonis.com<\/a><\/p>\n<p>D\u00e9couvertes maxi dans l\u2019espace mini de la galerie de la Librairie du Palais<\/p>\n<p>    <img loading=\"lazy\" decoding=\"async\" class=\"image__img\" src=\"https:\/\/www.europesays.com\/fr\/wp-content\/uploads\/2025\/12\/webjohanndelacour06-964x501.jpg\" alt=\"\u00c0 la galerie de la Librairie du Palais, Johann Delacour expose \u00ab\u00a0La Consolation du voyageur\u00a0\u00bb\" width=\"964\" height=\"501\"\/><\/p>\n<p>\u00c0 la galerie de la Librairie du Palais, Johann Delacour expose \u00ab\u00a0La Consolation du voyageur\u00a0\u00bb, 2025<\/p>\n<p>    i<\/p>\n<p class=\"editor-content__paragraph\">Encore une librairie\u00a0! \u00c0 deux pas de l\u2019h\u00f4tel de ville et de la galerie Anne Clergue (voir plus haut), cette adresse <strong>sp\u00e9cialis\u00e9e en ouvrages de photographie<\/strong> (anciens comme r\u00e9cents, et on y fait de superbes trouvailles) est particuli\u00e8rement \u00e9l\u00e9gante, notamment depuis qu\u2019elle a \u00e9t\u00e9 <strong>repens\u00e9e en 2020<\/strong> par la d\u00e9coratrice Julie Barrau. La bonne surprise, c\u2019est qu\u2019elle dissimule un <strong>petit espace d\u2019exposition<\/strong> de 30\u00a0m2, qui d\u00e9die ses cimaises \u00e0 la<strong> jeune cr\u00e9ation<\/strong>. Un <strong>atelier de <a href=\"https:\/\/www.beauxarts.com\/grand-format\/quest-ce-que-la-risographie-cette-technique-dimpression-en-vogue-chez-les-artistes\/\" target=\"_blank\" rel=\"noopener\">risographie<\/a><\/strong> compl\u00e8te la galerie, nous permettant de repartir avec une estampe \u00e0 tr\u00e8s bas co\u00fbt (entre une dizaine et une trentaine d\u2019euros). Enfin, aux beaux jours, un <strong>agenda de rencontres et de conversations<\/strong> fait vivre ce lieu d\u00e9cid\u00e9ment sympathique.<\/p>\n<p>  Arrow<\/p>\n<p>Galerie de la Librairie du Palais<\/p>\n<p class=\"annexe-content__infos\">10 Plan de la Cour \u2022 13200 Arles<br \/><a href=\"https:\/\/www.librairiedupalais.fr\/\" target=\"_blank\" rel=\"noopener\">www.librairiedupalais.fr<\/a><\/p>\n<p>        \u00c0 lire aussi :<br \/>\n        <a class=\"renvoi-explicite__link\" href=\"https:\/\/www.beauxarts.com\/grand-format\/quest-ce-que-la-risographie-cette-technique-dimpression-en-vogue-chez-les-artistes\/\" target=\"_blank\" rel=\"noopener\">Qu\u2019est-ce que la risographie, cette technique d\u2019impression en vogue chez les artistes ?<\/a><\/p>\n","protected":false},"excerpt":{"rendered":"C\u00f4t\u00e9 mus\u00e9es et fondations, la ville d\u2019Arles est l\u2019une des mieux dot\u00e9es du sud de la France. Apr\u00e8s&hellip;\n","protected":false},"author":2,"featured_media":626096,"comment_status":"","ping_status":"","sticky":false,"template":"","format":"standard","meta":{"footnotes":""},"categories":[1358],"tags":[1348,1384,1385,73547,1386,58,59,1011,27,73544,73545,73548,7455,73546],"class_list":{"0":"post-626095","1":"post","2":"type-post","3":"status-publish","4":"format-standard","5":"has-post-thumbnail","7":"category-arts-et-design","8":"tag-arts","9":"tag-arts-and-design","10":"tag-arts-et-design","11":"tag-de-natura-rerum","12":"tag-design","13":"tag-divertissement","14":"tag-entertainment","15":"tag-fr","16":"tag-france","17":"tag-galerie-anne-clergue","18":"tag-galerie-de-la-librairie-du-palais","19":"tag-galerie-ira-leonis","20":"tag-galeries","21":"tag-lhoste-art-contemporain"},"share_on_mastodon":{"url":"https:\/\/pubeurope.com\/@fr\/115794304142849687","error":""},"_links":{"self":[{"href":"https:\/\/www.europesays.com\/fr\/wp-json\/wp\/v2\/posts\/626095","targetHints":{"allow":["GET"]}}],"collection":[{"href":"https:\/\/www.europesays.com\/fr\/wp-json\/wp\/v2\/posts"}],"about":[{"href":"https:\/\/www.europesays.com\/fr\/wp-json\/wp\/v2\/types\/post"}],"author":[{"embeddable":true,"href":"https:\/\/www.europesays.com\/fr\/wp-json\/wp\/v2\/users\/2"}],"replies":[{"embeddable":true,"href":"https:\/\/www.europesays.com\/fr\/wp-json\/wp\/v2\/comments?post=626095"}],"version-history":[{"count":0,"href":"https:\/\/www.europesays.com\/fr\/wp-json\/wp\/v2\/posts\/626095\/revisions"}],"wp:featuredmedia":[{"embeddable":true,"href":"https:\/\/www.europesays.com\/fr\/wp-json\/wp\/v2\/media\/626096"}],"wp:attachment":[{"href":"https:\/\/www.europesays.com\/fr\/wp-json\/wp\/v2\/media?parent=626095"}],"wp:term":[{"taxonomy":"category","embeddable":true,"href":"https:\/\/www.europesays.com\/fr\/wp-json\/wp\/v2\/categories?post=626095"},{"taxonomy":"post_tag","embeddable":true,"href":"https:\/\/www.europesays.com\/fr\/wp-json\/wp\/v2\/tags?post=626095"}],"curies":[{"name":"wp","href":"https:\/\/api.w.org\/{rel}","templated":true}]}}