{"id":626097,"date":"2025-12-28T00:14:18","date_gmt":"2025-12-28T00:14:18","guid":{"rendered":"https:\/\/www.europesays.com\/fr\/626097\/"},"modified":"2025-12-28T00:14:18","modified_gmt":"2025-12-28T00:14:18","slug":"star-academy-2025-prime-11-partie-1-du-27-decembre-2025-star-academy","status":"publish","type":"post","link":"https:\/\/www.europesays.com\/fr\/626097\/","title":{"rendered":"Star Academy 2025 &#8211; Prime 11 (Partie 1) du 27 d\u00e9cembre 2025 &#8211; Star Academy"},"content":{"rendered":"<p id=\"descriptionPanel\" class=\"text-secondary mr-2 line-clamp-2 pr-2.5 overflow-visible\">Pour la premi\u00e8re fois dans l&rsquo;histoire de la Star Academy, les \u00e9l\u00e8ves vont passer leurs \u00e9valuations en direct, sous les yeux des professeurs&#8230; et du public. Une configuration totalement in\u00e9dite : les notes seront attribu\u00e9es en temps r\u00e9el, et le classement sera d\u00e9voil\u00e9 en fin de soir\u00e9e.&#13;Seule L\u00e9a est immunis\u00e9e. Pour les autres, la pression est maximale : les trois derniers du classement seront imm\u00e9diatement nomm\u00e9s et soumis aux votes du public. \u00c0 la fin du prime, l&rsquo;un d&rsquo;eux quittera l&rsquo;aventure et ne f\u00eatera pas le Nouvel An au ch\u00e2teau&#8230;<\/p>\n<p>Afficher la version longue du r\u00e9sum\u00e9<a class=\"shrink-0\" href=\"https:\/\/www.tf1.fr\/tf1\/star-academy\" target=\"_blank\" rel=\"noopener\"><img decoding=\"async\" src=\"https:\/\/www.europesays.com\/fr\/wp-content\/uploads\/2025\/12\/eval-61db3a-a9ce57-0@1x.jpg\" width=\"138\" height=\"184\" alt=\"\" loading=\"eager\" fetchpriority=\"auto\" class=\"rounded-3px aspect-[3\/4] h-24 w-auto\" aria-hidden=\"true\"\/><\/a><img alt=\"Sous-Titrage T\u00e9l\u00e9texte\" loading=\"lazy\" width=\"27\" height=\"20\" decoding=\"async\" data-nimg=\"1\" style=\"color:transparent\" src=\"https:\/\/www.tf1.fr\/public\/_next\/static\/media\/sme.b8f879c0.svg\"\/><\/p>\n<p>1h07<\/p>\n<p>27 d\u00e9c. 2025 \u00e0 21:12<\/p>\n","protected":false},"excerpt":{"rendered":"Pour la premi\u00e8re fois dans l&rsquo;histoire de la Star Academy, les \u00e9l\u00e8ves vont passer leurs \u00e9valuations en direct,&hellip;\n","protected":false},"author":2,"featured_media":626098,"comment_status":"","ping_status":"","sticky":false,"template":"","format":"standard","meta":{"footnotes":""},"categories":[1356],"tags":[58,2889,72377,72378,44667,59,1011,27,5095,72379,72380,62746,62750,62735,62747,62751,62743,62742,62748,62749,62744,62745,252,1364,62740,62741],"class_list":{"0":"post-626097","1":"post","2":"type-post","3":"status-publish","4":"format-standard","5":"has-post-thumbnail","7":"category-television","8":"tag-divertissement","9":"tag-emission","10":"tag-emission-star-academy","11":"tag-emission-star-academy-tf1","12":"tag-emission-tf1","13":"tag-entertainment","14":"tag-fr","15":"tag-france","16":"tag-star-academy","17":"tag-star-academy-emission","18":"tag-star-academy-emission-tf1","19":"tag-star-academy-streaming","20":"tag-star-academy-streaming-gratuit","21":"tag-star-academy-tf1","22":"tag-star-academy-tf1-streaming","23":"tag-star-academy-tf1-streaming-gratuit","24":"tag-star-academy-tf1-video","25":"tag-star-academy-video","26":"tag-streaming-gratuit-star-academy","27":"tag-streaming-gratuit-star-academy-tf1","28":"tag-streaming-star-academy","29":"tag-streaming-star-academy-tf1","30":"tag-television","31":"tag-tv","32":"tag-video-star-academy","33":"tag-video-star-academy-tf1"},"share_on_mastodon":{"url":"","error":"Validation failed: Text character limit of 500 exceeded"},"_links":{"self":[{"href":"https:\/\/www.europesays.com\/fr\/wp-json\/wp\/v2\/posts\/626097","targetHints":{"allow":["GET"]}}],"collection":[{"href":"https:\/\/www.europesays.com\/fr\/wp-json\/wp\/v2\/posts"}],"about":[{"href":"https:\/\/www.europesays.com\/fr\/wp-json\/wp\/v2\/types\/post"}],"author":[{"embeddable":true,"href":"https:\/\/www.europesays.com\/fr\/wp-json\/wp\/v2\/users\/2"}],"replies":[{"embeddable":true,"href":"https:\/\/www.europesays.com\/fr\/wp-json\/wp\/v2\/comments?post=626097"}],"version-history":[{"count":0,"href":"https:\/\/www.europesays.com\/fr\/wp-json\/wp\/v2\/posts\/626097\/revisions"}],"wp:featuredmedia":[{"embeddable":true,"href":"https:\/\/www.europesays.com\/fr\/wp-json\/wp\/v2\/media\/626098"}],"wp:attachment":[{"href":"https:\/\/www.europesays.com\/fr\/wp-json\/wp\/v2\/media?parent=626097"}],"wp:term":[{"taxonomy":"category","embeddable":true,"href":"https:\/\/www.europesays.com\/fr\/wp-json\/wp\/v2\/categories?post=626097"},{"taxonomy":"post_tag","embeddable":true,"href":"https:\/\/www.europesays.com\/fr\/wp-json\/wp\/v2\/tags?post=626097"}],"curies":[{"name":"wp","href":"https:\/\/api.w.org\/{rel}","templated":true}]}}