{"id":626102,"date":"2025-12-28T00:17:16","date_gmt":"2025-12-28T00:17:16","guid":{"rendered":"https:\/\/www.europesays.com\/fr\/626102\/"},"modified":"2025-12-28T00:17:16","modified_gmt":"2025-12-28T00:17:16","slug":"les-dermatologues-sont-unanimes-ce-geste-gratuit-ameliore-laspect-de-la-peau-mieux-quune-creme-hors-de-prix","status":"publish","type":"post","link":"https:\/\/www.europesays.com\/fr\/626102\/","title":{"rendered":"Les dermatologues sont unanimes : ce geste gratuit am\u00e9liore l\u2019aspect de la peau mieux qu&rsquo;une cr\u00e8me hors de prix"},"content":{"rendered":"<p><strong>Dans la salle d&rsquo;attente, chacun scrute son reflet, esp\u00e9rant un conseil miracle. M\u00e9decins et patients partagent pourtant la m\u00eame qu\u00eate : une peau \u00e9clatante, sans fin d&rsquo;espoirs d\u00e9\u00e7us devant les promesses des pots de cr\u00e8me. Mais si la solution n&rsquo;\u00e9tait ni ch\u00e8re, ni compliqu\u00e9e ?<\/strong><\/p>\n<p>Fini les leurres : pourquoi la peau ne r\u00e9pond plus aux cr\u00e8mes miracles<\/p>\n<p>Rien de plus frustrant que ces \u00e9tag\u00e8res garnies de flacons promettant monts et merveilles, alors que le miroir, lui, reste implacable. L&rsquo;industrie cosm\u00e9tique nous charme \u00e0 coups de slogans futuristes, et chaque rentr\u00e9e, chaque No\u00ebl, relance la chasse \u00e0 la cr\u00e8me \u00ab\u00a0ultime\u00a0\u00bb. Pourtant, <strong>la peau ne se laisse pas berner si facilement<\/strong> : au bout de quelques applications, les miracles attendus se font souvent attendre\u2026 voire disparaissent compl\u00e8tement.<\/p>\n<p>Qu\u00eate d&rsquo;\u00e9clat : l&rsquo;attente d&rsquo;un effet imm\u00e9diat<\/p>\n<p>En France, la culture de la beaut\u00e9 cultive une certaine impatience. On r\u00eave d&rsquo;une baguette magique anti-cernes, anti-taches, anti-fatigue. Pourtant, <strong>les r\u00e9sultats directs sont \u00e9ph\u00e9m\u00e8res<\/strong>. La peau a son propre tempo, bien \u00e9loign\u00e9 des promesses publicitaires. Elle r\u00e9clame des soins coh\u00e9rents, non des sursauts d&rsquo;efficacit\u00e9 express.<\/p>\n<p>Peaux satur\u00e9es : le revers des actifs co\u00fbteux<\/p>\n<p>L&rsquo;effet cocktail \u2013 un m\u00e9lange de multiples ingr\u00e9dients exotiques ou pr\u00e9cieux \u2013 n&rsquo;offre pas toujours la symphonie attendue. \u00c0 force de superposer cr\u00e8mes et s\u00e9rums, l&rsquo;\u00e9piderme tire la sonnette d&rsquo;alarme : irritations, rougeurs, sensation de lourdeur. <strong>Plus on en met, moins la peau appr\u00e9cie<\/strong>. Il arrive m\u00eame qu&rsquo;elle \u00ab\u00a0\u00e9touffe\u00a0\u00bb sous des couches inutiles, rendant toute nouveaut\u00e9 inefficace. Pas \u00e9tonnant que tant de personnes recherchent une solution plus simple et durable\u2026<\/p>\n<p>Sous le soleil, la vraie menace qui guette votre \u00e9piderme<\/p>\n<p>Au c\u0153ur de l&rsquo;hiver comme sous les premiers rayons du printemps, la lumi\u00e8re fait fr\u00e9mir la peau, m\u00eame \u00e0 travers les nuages. Contre toute attente, <strong>l&rsquo;ennemi le plus sournois n&rsquo;est pas le froid sec, mais la lumi\u00e8re invisible du soleil<\/strong>.<\/p>\n<p>Lumi\u00e8re invisible, effets visibles : ce que le soleil change dans la peau<\/p>\n<p><strong>Les UV agissent en silence \u2014 m\u00eame lorsque le soleil ne tape pas fort.<\/strong> Chaque exposition, aussi discr\u00e8te soit-elle, ab\u00eeme les fibres de collag\u00e8ne, acc\u00e9l\u00e8re la formation de taches et dess\u00e8che l&rsquo;\u00e9piderme. Peu importe que ce soit sur les pistes de ski, devant la vitrine des soldes d&rsquo;hiver ou lors d&rsquo;une pause-caf\u00e9 en terrasse : la vigilance devrait \u00eatre maximale.<\/p>\n<p>Le pi\u00e8ge des \u00ab\u00a0petites expositions\u00a0\u00bb : pourquoi nous sous-estimons le danger<\/p>\n<p>Un trajet entre la maison et la boulangerie, une r\u00e9union devant une fen\u00eatre, un dimanche \u00e0 trier les d\u00e9corations de No\u00ebl en plein air, et, d\u00e9j\u00e0, la peau encaisse discr\u00e8tement des ann\u00e9es de lumi\u00e8re. Ces micro-expositions, cumul\u00e9es, repr\u00e9sentent davantage qu&rsquo;un \u00e9t\u00e9 entier sur la plage. La r\u00e9alit\u00e9 fran\u00e7aise : <strong>l&rsquo;exposition \u00ab\u00a0banale\u00a0\u00bb est celle qui marque le plus les visages.<\/strong><\/p>\n<p> Le geste gratuit que tous les dermatologues recommandent vraiment<\/p>\n<p>Pendant que les rayons beaut\u00e9 affichent des prix mirobolants, certains gestes \u00e9l\u00e9mentaires \u2014 et gratuits \u2014 restent les meilleurs alli\u00e9s. Surtout l&rsquo;hiver, alors que <strong>la tentation du laisser-aller guette<\/strong> entre les chocolats et les r\u00e9jouissances de fin d&rsquo;ann\u00e9e.<\/p>\n<p>Prot\u00e9ger sa peau chaque jour : pas qu&rsquo;en vacances !<\/p>\n<p><strong>Ne pas exposer sa peau inutilement, la couvrir, l&rsquo;\u00e9pargner des rayons UV<\/strong> : voil\u00e0 l&rsquo;astuce pl\u00e9biscit\u00e9e par tous les dermatologues. Il ne s&rsquo;agit pas seulement de grandes flamb\u00e9es estivales au bord de l&rsquo;eau, mais de gestes du quotidien. Sortir chapeau viss\u00e9 sur la t\u00eate, glisser ses mains dans ses poches par grand froid, pr\u00e9f\u00e9rer l&rsquo;ombre aux premiers rayons printaniers. Rien qu&rsquo;en l&rsquo;adoptant d\u00e8s maintenant, le teint gagne en souplesse et le visage en fra\u00eecheur.<\/p>\n<p> Les astuces simples et z\u00e9ro d\u00e9pense pour se pr\u00e9munir des UV<\/p>\n<ul>\n<li>Porter une \u00e9charpe ample ou un col remont\u00e9 pour prot\u00e9ger le cou et le d\u00e9collet\u00e9 (grand classique pendant les f\u00eates).<\/li>\n<li>Utiliser des lunettes de soleil couvrantes m\u00eame sous un ciel hivernal.<\/li>\n<li>S&rsquo;installer dos aux vitrages lors du t\u00e9l\u00e9travail ou des repas pour limiter l&rsquo;impact indirect.<\/li>\n<li>S&rsquo;habiller de v\u00eatements \u00e0 manches longues ou \u00e0 tissus \u00e9pais quand le mercure chute.<\/li>\n<li>Profiter des espaces ombrag\u00e9s d\u00e8s que possible, m\u00eame entre deux boutiques lors des soldes.<\/li>\n<\/ul>\n<p>Des gestes si naturels qu&rsquo;ils sont parfois oubli\u00e9s\u2026 Pourtant, ils offrent \u00e0 la peau le plus efficace des boucliers.<\/p>\n<p>Adieu taches, rides et tiraillements : les b\u00e9n\u00e9fices visibles de la protection solaire<\/p>\n<p>Ceux qui prennent l&rsquo;habitude de prot\u00e9ger leur peau en r\u00e9coltent vite les fruits \u2014 et rien ne surprend davantage que de constater des changements aussi flagrants, sans un sou d\u00e9pens\u00e9 en cosm\u00e9tiques de luxe.<\/p>\n<p> La m\u00e9tamorphose de la peau en quelques semaines<\/p>\n<p><strong>Teint plus lumineux, moins de tiraillements, coups de soif moins fr\u00e9quents : la peau se transforme d\u00e8s les premiers mois.<\/strong> Les r\u00e9sultats sont visibles m\u00eame pour les plus sceptiques qui d\u00e9couvrent une nettet\u00e9 nouvelle. Fini le regard d\u00e9sabus\u00e9 devant le miroir : la peau rayonne, visiblement moins marqu\u00e9e par la fatigue ou l&rsquo;\u00e2ge.<\/p>\n<p>Moins de taches, plus de douceur : les r\u00e9sultats constat\u00e9s<\/p>\n<p>\u00c0 travers la France, nombreux sont ceux qui paraissent \u00e9chapper aux saisons, conservant un \u00e9clat m\u00eame sous la grisaille. L&rsquo;explication ? Toujours la m\u00eame : une vigilance anti-UV, plus r\u00e9guli\u00e8re que n&rsquo;importe quel passage en caisse au rayon beaut\u00e9. <strong>Taches brunes qui s&rsquo;estompent, rides moins profondes, souplesse retrouv\u00e9e<\/strong>, tout cela sans alourdir le budget. Le meilleur anti-\u00e2ge ne se trouve pas toujours en flacon\u2026<\/p>\n<p>Se tromper de combat : ce que perdent celles et ceux qui misent tout sur les produits co\u00fbteux<\/p>\n<p>\u00c0 la sortie des f\u00eates, les sommes investies dans des pots de cr\u00e8me font parfois tourner la t\u00eate \u2013 l&rsquo;espoir d&rsquo;une m\u00e9tamorphose compense mal la r\u00e9alit\u00e9 du compte en banque. Mais que se passe-t-il si l&rsquo;on inverse la logique ?<\/p>\n<p>Budget cr\u00e8mes VS routine de protection : le bon investissement<\/p>\n<p><strong>Glisser quelques habitudes anti-UV dans son quotidien procure des effets \u00e9quivalents, parfois sup\u00e9rieurs, \u00e0 l&rsquo;application de cr\u00e8mes on\u00e9reuses.<\/strong> Au fil du temps, le portefeuille respire, et la salle de bains cesse d&rsquo;accueillir des produits \u00e0 peine entam\u00e9s. Le calcul est vite fait : moins de d\u00e9penses, plus de r\u00e9sultats, le tout sans g\u00e9n\u00e9rer de d\u00e9chets.<\/p>\n<p>L&rsquo;avis des professionnels : une diff\u00e9rence imm\u00e9diatement visible<\/p>\n<p>S&rsquo;il n&rsquo;y avait qu&rsquo;un geste \u00e0 retenir, ce serait celui de la protection anti-solaire au sens large : choisir ses temps d&rsquo;exposition avec soin, adopter les bons r\u00e9flexes. Les dermatologues identifient au premier regard les visages qui b\u00e9n\u00e9ficient d&rsquo;une protection r\u00e9guli\u00e8re, bien avant toute cr\u00e8me miracle. En somme, <strong>la beaut\u00e9 se joue \u00e0 l&rsquo;ombre de toutes les modes commerciales<\/strong>.<\/p>\n<p>Passer \u00e0 l&rsquo;action : int\u00e9grer les bons r\u00e9flexes en toute saison<\/p>\n<p>Prot\u00e9ger la peau est un marathon, pas un sprint. Pas besoin de tout r\u00e9volutionner : <strong>chaque petit choix p\u00e8se dans la balance<\/strong> et s&rsquo;additionne pour cr\u00e9er un v\u00e9ritable bouclier naturel.<\/p>\n<p> Les rituels \u00e0 adopter sur le long terme<\/p>\n<ul>\n<li>Pr\u00e9voir une casquette ou un chapeau d\u00e8s qu&rsquo;une sortie s&rsquo;annonce, m\u00eame rapide.<\/li>\n<li>S&rsquo;habituer \u00e0 se placer \u00e0 l&rsquo;ombre lors des pauses en ext\u00e9rieur, quelle que soit la saison.<\/li>\n<li>\u00c9viter les expositions cumul\u00e9es : aucun oubli n&rsquo;est anodin, l&rsquo;accumulation fait la diff\u00e9rence.<\/li>\n<li>Privil\u00e9gier les tenues couvrantes lors des activit\u00e9s au grand air, m\u00eame \u00e0 la montagne ou en ville.<\/li>\n<\/ul>\n<p>Ces rituels, simples comme bonjour, ne prennent ni temps ni argent. Mieux vaut un automatisme bien ancr\u00e9 qu&rsquo;un tube oubli\u00e9 au fond d&rsquo;un sac.<\/p>\n<p>Astuces pour toute la famille et au bureau : penser protection au quotidien<\/p>\n<ul>\n<li>Sensibiliser les enfants d\u00e8s le plus jeune \u00e2ge \u00e0 porter des chapeaux ou \u00e0 chercher l&rsquo;ombre, m\u00eame pour un rapide bonhomme de neige.<\/li>\n<li>Am\u00e9nager son espace de travail pour ne pas \u00eatre dos \u00e0 une fen\u00eatre lumineuse.<\/li>\n<li>Laisser des accessoires (\u00e9charpes, lunettes, casquettes) pr\u00e8s de la porte d&rsquo;entr\u00e9e, pour les saisir sans y penser.<\/li>\n<li>Organiser les pauses ou r\u00e9unions dans des endroits peu expos\u00e9s \u00e0 la lumi\u00e8re naturelle.<\/li>\n<\/ul>\n<p><strong>Ce geste simple et gratuit transforme votre peau : les sp\u00e9cialistes observent des r\u00e9sultats bluffants sans d\u00e9penser plus. La vraie r\u00e9volution se joue loin des cr\u00e8mes, \u00e0 la lumi\u00e8re du quotidien\u2026 ou \u00e0 son abri !<\/strong><\/p>\n<p>Au final, en modifiant son rapport \u00e0 la lumi\u00e8re et ses habitudes quotidiennes, chacun peut redonner \u00e0 sa peau tout son \u00e9clat \u2013 sans n\u00e9cessairement passer par des d\u00e9penses importantes. <strong>La v\u00e9ritable beaut\u00e9 durable<\/strong> commence souvent l\u00e0 o\u00f9 on l&rsquo;attend le moins : dans la simplicit\u00e9 des gestes de tous les jours.<\/p>\n","protected":false},"excerpt":{"rendered":"Dans la salle d&rsquo;attente, chacun scrute son reflet, esp\u00e9rant un conseil miracle. M\u00e9decins et patients partagent pourtant la&hellip;\n","protected":false},"author":2,"featured_media":626103,"comment_status":"","ping_status":"","sticky":false,"template":"","format":"standard","meta":{"footnotes":""},"categories":[10],"tags":[1011,27,72,56,71],"class_list":{"0":"post-626102","1":"post","2":"type-post","3":"status-publish","4":"format-standard","5":"has-post-thumbnail","7":"category-sante","8":"tag-fr","9":"tag-france","10":"tag-health","11":"tag-push","12":"tag-sante"},"share_on_mastodon":{"url":"https:\/\/pubeurope.com\/@fr\/115794323197052233","error":""},"_links":{"self":[{"href":"https:\/\/www.europesays.com\/fr\/wp-json\/wp\/v2\/posts\/626102","targetHints":{"allow":["GET"]}}],"collection":[{"href":"https:\/\/www.europesays.com\/fr\/wp-json\/wp\/v2\/posts"}],"about":[{"href":"https:\/\/www.europesays.com\/fr\/wp-json\/wp\/v2\/types\/post"}],"author":[{"embeddable":true,"href":"https:\/\/www.europesays.com\/fr\/wp-json\/wp\/v2\/users\/2"}],"replies":[{"embeddable":true,"href":"https:\/\/www.europesays.com\/fr\/wp-json\/wp\/v2\/comments?post=626102"}],"version-history":[{"count":0,"href":"https:\/\/www.europesays.com\/fr\/wp-json\/wp\/v2\/posts\/626102\/revisions"}],"wp:featuredmedia":[{"embeddable":true,"href":"https:\/\/www.europesays.com\/fr\/wp-json\/wp\/v2\/media\/626103"}],"wp:attachment":[{"href":"https:\/\/www.europesays.com\/fr\/wp-json\/wp\/v2\/media?parent=626102"}],"wp:term":[{"taxonomy":"category","embeddable":true,"href":"https:\/\/www.europesays.com\/fr\/wp-json\/wp\/v2\/categories?post=626102"},{"taxonomy":"post_tag","embeddable":true,"href":"https:\/\/www.europesays.com\/fr\/wp-json\/wp\/v2\/tags?post=626102"}],"curies":[{"name":"wp","href":"https:\/\/api.w.org\/{rel}","templated":true}]}}