{"id":626110,"date":"2025-12-28T00:21:15","date_gmt":"2025-12-28T00:21:15","guid":{"rendered":"https:\/\/www.europesays.com\/fr\/626110\/"},"modified":"2025-12-28T00:21:15","modified_gmt":"2025-12-28T00:21:15","slug":"ce-quelle-y-a-ose-change-tout-dans-la-maison","status":"publish","type":"post","link":"https:\/\/www.europesays.com\/fr\/626110\/","title":{"rendered":"ce qu\u2019elle y a os\u00e9 change tout dans la maison"},"content":{"rendered":"<p>Sur Instagram, les images de la maison de <strong>Paula<br \/>\nSilvagni<\/strong> circulent partout, mais derri\u00e8re ces clich\u00e9s se<br \/>\ncache une histoire de neuf ann\u00e9es de travaux et de choix m\u00fbrement<br \/>\nr\u00e9fl\u00e9chis. Influenceuse, d\u00e9coratrice et <strong>ambassadrice<br \/>\nIKEA<\/strong>, elle f\u00e9d\u00e8re plus de 861 000 abonn\u00e9s autour d\u2019un m\u00eame<br \/>\nfil rouge : une maison belle, oui, mais surtout v\u00e9cue, confortable<br \/>\net pens\u00e9e pour le quotidien. Longtemps, le salon a \u00e9t\u00e9 la vedette<br \/>\ndes photos comme de la vie de famille.<\/p>\n<p>Pour Paula Silvagni, la maison est une extension de soi, pas un<br \/>\nd\u00e9cor fig\u00e9. Elle refuse les int\u00e9rieurs fig\u00e9s juste bons pour la<br \/>\nphoto, pr\u00e9f\u00e8re les espaces qui s\u2019adaptent aux besoins qui changent,<br \/>\nsans perdre leur coh\u00e9rence. Cette vision l\u2019a guid\u00e9e jusqu\u2019au jour<br \/>\no\u00f9 un chantier en particulier a tout fait basculer.<\/p>\n<p>Paula Silvagni, ambassadrice IKEA, une maison coup de foudre<br \/>\nqui \u00e9volue<\/p>\n<p>Avant cette maison, Paula Silvagni vivait tr\u00e8s bien dans un<br \/>\nappartement. Tout a chang\u00e9 le jour o\u00f9 elle d\u00e9couvre, par hasard, un<br \/>\nlotissement qu\u2019elle ne fr\u00e9quentait jamais. \u00ab\u00a0\u00c7a a \u00e9t\u00e9 un vrai coup<br \/>\nde foudre\u2026 Je me souviens avoir dit \u00e0 mon mari : si un jour nous<br \/>\nquittons cet appartement, il faudra que ce soit ici\u00a0\u00bb, confie Paula<br \/>\nSilvagni dans une interview accord\u00e9e au magazine El Mueble. Peu<br \/>\napr\u00e8s, une maison se lib\u00e8re, le couple ach\u00e8te sans h\u00e9siter.<\/p>\n<p>Neuf ans plus tard, le lieu n\u2019a plus rien \u00e0 voir avec<br \/>\nl\u2019original. \u00ab\u00a0Nous avons r\u00e9nov\u00e9 les salles de bains, les sols, les<br \/>\nportes, la cuisine et aussi les ext\u00e9rieurs\u00a0\u00bb, r\u00e9sume-t-elle. Sa<br \/>\nm\u00e9thode reste la m\u00eame : miser sur des meubles durables et sobres.<br \/>\n\u00ab\u00a0Je les choisis simples, dans des couleurs neutres et avec des<br \/>\ndesigns actuels mais intemporels\u00a0\u00bb, pr\u00e9cise Paula Silvagni. Elle<br \/>\ngarde cette base stable et s\u2019amuse avec les compl\u00e9ments textiles ou<br \/>\nla d\u00e9coration de table pour faire \u00e9voluer l\u2019ambiance sans tout<br \/>\nracheter.<\/p>\n<p>Du salon ouvert \u00e0 la cuisine de 26 m\u00b2 : la pi\u00e8ce pr\u00e9f\u00e9r\u00e9e<br \/>\nchange de camp<\/p>\n<p>Au d\u00e9part, le grand projet, c\u2019\u00e9tait le salon. Paula Silvagni l\u2019a<br \/>\ntransform\u00e9 en le reliant au reste de la maison, avec une chemin\u00e9e<br \/>\nmoderne d\u2019environ deux m\u00e8tres, des moulures et des points lumineux<br \/>\ninstall\u00e9s dans les plinthes. \u00ab\u00a0Nous l\u2019avons ouverte au reste de la<br \/>\nmaison, nous avons install\u00e9 une chemin\u00e9e moderne de presque deux<br \/>\nm\u00e8tres, ajout\u00e9 des moulures et des spots dans les plinthes\u2026 Pendant<br \/>\ndeux ans, cela a \u00e9t\u00e9 mon endroit pr\u00e9f\u00e9r\u00e9. Mais ensuite la<br \/>\n<strong>cuisine<\/strong> est arriv\u00e9e et l\u00e0, il y a vraiment eu un<br \/>\navant et un apr\u00e8s. Cela a \u00e9t\u00e9, sans aucun doute, mon chef-d\u2019\u0153uvre\u00a0\u00bb,<br \/>\nraconte-t-elle.<\/p>\n<p>Cette nouvelle cuisine mesure 26 m\u00e8tres carr\u00e9s et a compl\u00e8tement<br \/>\nchang\u00e9 la fa\u00e7on d\u2019habiter la maison. \u00ab\u00a0Avant, elle \u00e9tait petite et<br \/>\npeu fonctionnelle : nous cuisinions et nous allions au salon.<br \/>\nMaintenant, c\u2019est tout le contraire\u00a0\u00bb, explique Paula Silvagni. On y<br \/>\ncuisine, on y mange, on y re\u00e7oit des amis, on prolonge les repas,<br \/>\non regarde un film : la pi\u00e8ce est devenue le v\u00e9ritable centre<br \/>\nn\u00e9vralgique du foyer, exactement dans l\u2019esprit<br \/>\n<strong>IKEA<\/strong> d\u2019un espace \u00e0 vivre avant tout.<\/p>\n<p>Les le\u00e7ons d\u00e9co de Paula Silvagni pour<br \/>\nune maison belle, pratique et vivante<\/p>\n<p>Derri\u00e8re cette m\u00e9tamorphose, il y a une r\u00e8gle personnelle tr\u00e8s<br \/>\nclaire. \u00ab\u00a0M\u00eame si pour moi le design et l\u2019esth\u00e9tique priment,<br \/>\nj\u2019essaie toujours de trouver un \u00e9quilibre avec la fonctionnalit\u00e9.<br \/>\nTout comme je n\u2019aurais pas un canap\u00e9 magnifique mais inconfortable,<br \/>\nje n\u2019aurais pas non plus un meuble \u00e0 chaussures horrible juste<br \/>\nparce qu\u2019il est pratique\u00a0\u00bb, affirme-t-elle. Sur une \u00e9chelle<br \/>\nimaginaire de 1 \u00e0 10 entre maison ultra v\u00e9cue et maison mus\u00e9e, elle<br \/>\nse situe \u00e0 6, avec une forte exigence esth\u00e9tique mais sans se<br \/>\npriver de profiter des lieux. \u00ab\u00a0Chacun choisit son point id\u00e9al selon<br \/>\nses circonstances et ses besoins\u00a0\u00bb, r\u00e9sume-t-elle.<\/p>\n<p>Cette approche se retrouve dans ses projets en cours, comme la<br \/>\nchambre principale, issue de deux pi\u00e8ces r\u00e9unies, o\u00f9 elle veut<br \/>\nagrandir le dressing. \u00ab\u00a0Maintenant nous avons besoin d\u2019agrandir le<br \/>\ndressing, donc je r\u00e9fl\u00e9chis depuis un moment \u00e0 la mani\u00e8re<br \/>\nd\u2019int\u00e9grer tout ce dont j\u2019ai besoin dans cet espace. Le changement<br \/>\nest tout proche\u00a0\u00bb, confie-t-elle. Pour ceux qui d\u00e9corent leur<br \/>\npremi\u00e8re maison, elle conseille surtout la patience : \u00ab\u00a0Il est<br \/>\nimportant de d\u00e9couvrir peu \u00e0 peu l\u2019essence de la maison, d\u2019observer<br \/>\nla lumi\u00e8re, l\u2019orientation et d\u2019analyser les besoins r\u00e9els. Tout<br \/>\ndemande du temps, et plus on r\u00e9fl\u00e9chit, plus il est facile de<br \/>\ntrouver des d\u00e9tails qui repr\u00e9sentent vraiment la personne qui y<br \/>\nvit\u00a0\u00bb.<\/p>\n<ul>\n<li>Commencer par une base neutre et qualitative pour les grands<br \/>\nmeubles.<\/li>\n<li>Laisser les usages r\u00e9els d\u00e9cider de la place du salon ou de la<br \/>\n<strong>cuisine<\/strong>.<\/li>\n<li>Accepter que la maison change au fil des ann\u00e9es, sans chercher<br \/>\n\u00e0 tout finir tout de suite.<\/li>\n<\/ul>\n","protected":false},"excerpt":{"rendered":"Sur Instagram, les images de la maison de Paula Silvagni circulent partout, mais derri\u00e8re ces clich\u00e9s se cache&hellip;\n","protected":false},"author":2,"featured_media":626111,"comment_status":"","ping_status":"","sticky":false,"template":"","format":"standard","meta":{"footnotes":""},"categories":[6],"tags":[930,3269,13041,35,17488,3477,6861,902,1446,1805,73550,33,34,1011,27,714,4743,38871,2142,55980,3837,6290,3585,69181],"class_list":{"0":"post-626110","1":"post","2":"type-post","3":"status-publish","4":"format-standard","5":"has-post-thumbnail","7":"category-economie","8":"tag-le","9":"tag-3269","10":"tag-a","11":"tag-business","12":"tag-ce","13":"tag-cette","14":"tag-change","15":"tag-cuisine","16":"tag-dans","17":"tag-de","18":"tag-detrone","19":"tag-economie","20":"tag-economy","21":"tag-fr","22":"tag-france","23":"tag-ikea","24":"tag-la","25":"tag-m","26":"tag-maison","27":"tag-ose","28":"tag-quelle","29":"tag-salon","30":"tag-tout","31":"tag-y"},"share_on_mastodon":{"url":"","error":""},"_links":{"self":[{"href":"https:\/\/www.europesays.com\/fr\/wp-json\/wp\/v2\/posts\/626110","targetHints":{"allow":["GET"]}}],"collection":[{"href":"https:\/\/www.europesays.com\/fr\/wp-json\/wp\/v2\/posts"}],"about":[{"href":"https:\/\/www.europesays.com\/fr\/wp-json\/wp\/v2\/types\/post"}],"author":[{"embeddable":true,"href":"https:\/\/www.europesays.com\/fr\/wp-json\/wp\/v2\/users\/2"}],"replies":[{"embeddable":true,"href":"https:\/\/www.europesays.com\/fr\/wp-json\/wp\/v2\/comments?post=626110"}],"version-history":[{"count":0,"href":"https:\/\/www.europesays.com\/fr\/wp-json\/wp\/v2\/posts\/626110\/revisions"}],"wp:featuredmedia":[{"embeddable":true,"href":"https:\/\/www.europesays.com\/fr\/wp-json\/wp\/v2\/media\/626111"}],"wp:attachment":[{"href":"https:\/\/www.europesays.com\/fr\/wp-json\/wp\/v2\/media?parent=626110"}],"wp:term":[{"taxonomy":"category","embeddable":true,"href":"https:\/\/www.europesays.com\/fr\/wp-json\/wp\/v2\/categories?post=626110"},{"taxonomy":"post_tag","embeddable":true,"href":"https:\/\/www.europesays.com\/fr\/wp-json\/wp\/v2\/tags?post=626110"}],"curies":[{"name":"wp","href":"https:\/\/api.w.org\/{rel}","templated":true}]}}