{"id":626118,"date":"2025-12-28T00:25:30","date_gmt":"2025-12-28T00:25:30","guid":{"rendered":"https:\/\/www.europesays.com\/fr\/626118\/"},"modified":"2025-12-28T00:25:30","modified_gmt":"2025-12-28T00:25:30","slug":"saint-etienne-pierrot-la-lune-une-boutique-de-pieces-uniques-et-originales-rue-pierre-berard","status":"publish","type":"post","link":"https:\/\/www.europesays.com\/fr\/626118\/","title":{"rendered":"Saint-\u00c9tienne. Pierrot la lune, une\u00a0boutique de pi\u00e8ces uniques et originales rue Pierre-B\u00e9rard"},"content":{"rendered":"<p>Au 24 rue Pierre-B\u00e9rard, le local pr\u00e9c\u00e9demment occup\u00e9 par l\u2019atelier d\u2019une c\u00e9ramiste n\u2019est rest\u00e9 libre que quelques mois avant de s\u00e9duire Delphyne Magnol, qui cherchait le lieu id\u00e9al pour mener \u00e0 bien son projet de cr\u00e9ation d\u2019une boutique accueillante o\u00f9 proposer des pi\u00e8ces uniques r\u00e9alis\u00e9es par des artisans r\u00e9gionaux.<\/p>\n<p>\u00ab\u00a0J\u2019ai eu un v\u00e9ritable coup de c\u0153ur pour cet endroit authentique, situ\u00e9 dans un quartier vivant que j\u2019aime particuli\u00e8rement\u00a0\u00bb, confie-t-elle. Il lui a fallu pr\u00e8s de deux ans pour mener \u00e0 bien ce projet, le temps pour elle de trouver les cr\u00e9ateurs et de d\u00e9nicher le local ad\u00e9quat. \u00ab\u00a0Beaucoup de surfaces commerciales sont disponibles dans le centre-ville, mais \u00e0 des tarifs de location souvent d\u00e9lirants, qui ne correspondent pas aux moyens des ind\u00e9pendants comme moi\u00a0\u00bb, d\u00e9plore Delphyne Magnol.<\/p>\n<p>  Des articles \u00ab\u00a0made in France\u00a0\u00bb et pour toutes les bourses<\/p>\n<p>Chez Pierrot la lune, coexistent des ambiances tr\u00e8s diff\u00e9rentes mais qui ont un point commun\u00a0: la recherche de la beaut\u00e9 et de la d\u00e9licatesse. L\u2019immense majorit\u00e9 des produits vendus viennent d\u2019artisans r\u00e9gionaux, qu\u2019il s\u2019agisse du Petit Atelier pour la peinture sur porcelaine et les cartonnages, ou de Calliope pour la poterie.<\/p>\n<p>\u00ab\u00a0Il n\u2019y a que pour l\u2019univers b\u00e9b\u00e9 et pour la maroquinerie que je m\u2019approvisionne dans d\u2019autres r\u00e9gions, mais tout est fabriqu\u00e9 en France\u00a0\u00bb, pr\u00e9cise Delphyne Magnol, qui va bient\u00f4t accueillir les \u0153uvres d\u2019un sculpteur sur bois. \u00ab\u00a0Je peux toujours ouvrir mes portes \u00e0 des artisans r\u00e9gionaux\u2026\u00a0\u00bb<\/p>\n<p>L\u2019activit\u00e9 de Pierrot la lune est en effet amen\u00e9e \u00e0 \u00e9voluer en permanence en fonction des cr\u00e9ateurs retenus, ce qui explique la conception non lin\u00e9aire et compl\u00e8tement modulable de la boutique. \u00ab\u00a0J\u2019ai voulu un lieu agr\u00e9able et ouvert \u00e0 tous, o\u00f9 on peut venir se promener mais o\u00f9 on n\u2019est pas \u00e0 l\u2019abri d\u2019un coup de c\u0153ur\u00a0\u00bb, compl\u00e8te la commer\u00e7ante, soucieuse par ailleurs de proposer des cadeaux adapt\u00e9s \u00e0 toutes les bourses.<\/p>\n<p>  Une association de commer\u00e7ants en projet<\/p>\n<p>De nombreux commerces compl\u00e9mentaires \u00e9tant install\u00e9s rue Pierre-B\u00e9rard, Delphyne Magnol aimerait participer \u00e0 la cr\u00e9ation d\u2019une association de commer\u00e7ants pour dynamiser l\u2019activit\u00e9 gr\u00e2ce \u00e0 des actions d\u2019animation et de d\u00e9coration afin de \u00ab\u00a0faire revivre le quartier avec une bonne \u00e9nergie\u00a0\u00bb.<\/p>\n<p>Avec Pierrot la lune, elle a amen\u00e9 un peu de son \u00e2me rue Pierre-B\u00e9rard, jusque dans le choix du nom de la boutique, qui fait r\u00e9f\u00e9rence \u00e0 deux personnes, aujourd\u2019hui d\u00e9c\u00e9d\u00e9es, qui ont beaucoup compt\u00e9 pour elle\u00a0: son p\u00e8re et sa s\u0153ur, qui avait peur de la lune. \u00ab\u00a0J\u2019ai m\u00eame ouvert le jour de l\u2019anniversaire de mon p\u00e8re, le 10\u00a0d\u00e9cembre\u00a0\u00bb, sourit Delphyne Magnol.<\/p>\n<p class=\"note\">Ouvert du mardi au samedi de 10\u00a0\u00e0 19\u00a0heures.<\/p>\n","protected":false},"excerpt":{"rendered":"Au 24 rue Pierre-B\u00e9rard, le local pr\u00e9c\u00e9demment occup\u00e9 par l\u2019atelier d\u2019une c\u00e9ramiste n\u2019est rest\u00e9 libre que quelques mois&hellip;\n","protected":false},"author":2,"featured_media":626119,"comment_status":"","ping_status":"","sticky":false,"template":"","format":"standard","meta":{"footnotes":""},"categories":[9653],"tags":[1111,11,2430,4406,33,7539,1777,674,1011,27,12,25,4001,7538],"class_list":{"0":"post-626118","1":"post","2":"type-post","3":"status-publish","4":"format-standard","5":"has-post-thumbnail","7":"category-saint-etienne","8":"tag-actu","9":"tag-actualites","10":"tag-auvergne-rhone-alpes","11":"tag-commerce-et-services","12":"tag-economie","13":"tag-edition-loire-sud","14":"tag-eu","15":"tag-europe","16":"tag-fr","17":"tag-france","18":"tag-news","19":"tag-republique-francaise","20":"tag-saint-etienne","21":"tag-saint-etienne-ville"},"share_on_mastodon":{"url":"https:\/\/pubeurope.com\/@fr\/115794354194603881","error":""},"_links":{"self":[{"href":"https:\/\/www.europesays.com\/fr\/wp-json\/wp\/v2\/posts\/626118","targetHints":{"allow":["GET"]}}],"collection":[{"href":"https:\/\/www.europesays.com\/fr\/wp-json\/wp\/v2\/posts"}],"about":[{"href":"https:\/\/www.europesays.com\/fr\/wp-json\/wp\/v2\/types\/post"}],"author":[{"embeddable":true,"href":"https:\/\/www.europesays.com\/fr\/wp-json\/wp\/v2\/users\/2"}],"replies":[{"embeddable":true,"href":"https:\/\/www.europesays.com\/fr\/wp-json\/wp\/v2\/comments?post=626118"}],"version-history":[{"count":0,"href":"https:\/\/www.europesays.com\/fr\/wp-json\/wp\/v2\/posts\/626118\/revisions"}],"wp:featuredmedia":[{"embeddable":true,"href":"https:\/\/www.europesays.com\/fr\/wp-json\/wp\/v2\/media\/626119"}],"wp:attachment":[{"href":"https:\/\/www.europesays.com\/fr\/wp-json\/wp\/v2\/media?parent=626118"}],"wp:term":[{"taxonomy":"category","embeddable":true,"href":"https:\/\/www.europesays.com\/fr\/wp-json\/wp\/v2\/categories?post=626118"},{"taxonomy":"post_tag","embeddable":true,"href":"https:\/\/www.europesays.com\/fr\/wp-json\/wp\/v2\/tags?post=626118"}],"curies":[{"name":"wp","href":"https:\/\/api.w.org\/{rel}","templated":true}]}}