{"id":62612,"date":"2025-04-29T20:02:08","date_gmt":"2025-04-29T20:02:08","guid":{"rendered":"https:\/\/www.europesays.com\/fr\/62612\/"},"modified":"2025-04-29T20:02:08","modified_gmt":"2025-04-29T20:02:08","slug":"ce-volcan-mort-vivant-dormait-depuis-250-000-ans-mais-les-geologues-tirent-la-sonnette-dalarme-face-a-ces-signes-de-reveil","status":"publish","type":"post","link":"https:\/\/www.europesays.com\/fr\/62612\/","title":{"rendered":"Ce volcan \u00ab\u00a0mort-vivant\u00a0\u00bb dormait depuis 250 000 ans mais les g\u00e9ologues tirent la sonnette d&rsquo;alarme face \u00e0 ces signes de r\u00e9veil &#8211;"},"content":{"rendered":"<p><strong>Le volcan zombie d\u2019Uturu\u00f1cu en Bolivie montre des signes inqui\u00e9tants apr\u00e8s 250 000 ans.<\/strong><\/p>\n<p>\u00c0 plus de 6 000 m\u00e8tres d\u2019altitude dans les Andes centrales, le volcan Uturu\u00f1cu intrigue depuis longtemps les g\u00e9ologues. Silencieux depuis 250 000 ans, il refuse pourtant de se laisser oublier. Secousses sismiques, d\u00e9gagements de gaz : les signes de vie sont bien pr\u00e9sents, comme un vieux lion qui grogne dans son sommeil.<\/p>\n<p>Un consortium international de chercheurs a d\u00e9cid\u00e9 de percer ce myst\u00e8re en combinant sismologie avanc\u00e9e, mod\u00e9lisation physique sophistiqu\u00e9e et \u00e9tude chimique des roches.<\/p>\n<p>Lire aussi :<\/p>\n<p>Les scientifiques obtiennent des images du sous-sol\u00a0 de Uturu\u00f1cu in\u00e9dites\u00a0gr\u00e2ce aux s\u00e9ismes<\/p>\n<p>Pour comprendre ce qui se passe sous le volcan, l\u2019\u00e9quipe scientifique a analys\u00e9 plus de 1 700 \u00e9v\u00e9nements sismiques.<\/p>\n<p>Gr\u00e2ce \u00e0 une m\u00e9thode appel\u00e9e tomographie sismique, ils ont produit des images haute r\u00e9solution de la cro\u00fbte terrestre sous Uturu\u00f1cu. Le principe est simple : les ondes sismiques ralentissent ou acc\u00e9l\u00e8rent selon les mat\u00e9riaux travers\u00e9s, r\u00e9v\u00e9lant ainsi la structure du sous-sol.<\/p>\n<p>R\u00e9sultat : une \u00e9trange d\u00e9formation en \u00ab sombrero \u00bb du terrain, o\u00f9 le centre se soul\u00e8ve tandis que les pourtours s\u2019affaissent lentement.<\/p>\n<p>Une formation naturelle certes \u00e9l\u00e9gante, mais qui n\u2019augure rien de bon pour les villages voisins !<\/p>\n<blockquote class=\"wp-embedded-content\" data-secret=\"Cxwl78Yb24\">\n<p><a href=\"https:\/\/media24.fr\/2025\/04\/23\/cet-aeroport-norvegien-qui-detient-un-record-mondial-inquiete-les-experts-du-monde-entier-pour-une-bonne-raison-il-est-construit-sur-un-permafrost-qui-fond\/\" target=\"_blank\" rel=\"noopener\">Cet a\u00e9roport norv\u00e9gien qui d\u00e9tient un record mondial inqui\u00e8te les experts du monde entier pour une bonne raison : il est construit sur un permafrost qui fond<\/a><\/p>\n<\/blockquote>\n<p>Une menace pas si imm\u00e9diate, mais s\u00e9rieuse<\/p>\n<p>La question br\u00fblante : Uturu\u00f1cu va-t-il bient\u00f4t exploser\u202f? La r\u00e9ponse rassure \u00e0 moiti\u00e9 : l\u2019activit\u00e9 d\u00e9tect\u00e9e ne semble pas annoncer une \u00e9ruption imminente.<\/p>\n<p>Selon l\u2019\u00e9tude, le soul\u00e8vement du terrain serait caus\u00e9 par le mouvement de liquides et de gaz chauff\u00e9s g\u00e9othermiquement, accumul\u00e9s dans des r\u00e9servoirs peu profonds sous le crat\u00e8re.<\/p>\n<p>Ce comportement \u00ab zombie \u00bb s\u2019expliquerait donc par des circulations internes, sans v\u00e9ritable mont\u00e9e de magma \u00e0 grande \u00e9chelle pour le moment.<\/p>\n<p>Mais prudence reste m\u00e8re de s\u00fbret\u00e9 : dans le monde des volcans, m\u00eame les r\u00e9veils lents peuvent devenir brutaux.<\/p>\n<p>Une m\u00e9thode pr\u00e9cieuse pour surveiller d\u2019autres volcans<\/p>\n<p>Cette enqu\u00eate sur Uturu\u00f1cu d\u00e9passe le simple cas bolivien. Les chercheurs ont d\u00e9montr\u00e9 que croiser g\u00e9ophysique, g\u00e9ologie et mod\u00e9lisation permet d\u2019analyser des volcans r\u00e9put\u00e9s inactifs.<\/p>\n<p>Sur Terre, plus de 1 400 volcans sont potentiellement actifs, beaucoup affichant un calme trompeur semblable \u00e0 celui d\u2019Uturu\u00f1cu.<\/p>\n<p>La m\u00e9thodologie employ\u00e9e pourrait ainsi servir de nouvel outil de surveillance pour \u00e9viter des catastrophes dans d\u2019autres r\u00e9gions \u00e0 risque.<\/p>\n<p>Une collaboration scientifique \u00e0 l\u2019\u00e9chelle plan\u00e9taire<\/p>\n<p>Cette prouesse scientifique n\u2019aurait pas \u00e9t\u00e9 possible sans une coop\u00e9ration entre la Chine, le Royaume-Uni et les \u00c9tats-Unis.<\/p>\n<p>Des experts de l\u2019universit\u00e9 d\u2019Oxford, de l\u2019universit\u00e9 des sciences et technologies de Chine et de Cornell ont mis en commun leurs comp\u00e9tences en imagerie sismique, en mod\u00e9lisation physique et en analyse chimique.<\/p>\n<p>Une synergie remarquable, prouvant que m\u00eame face aux soubresauts de la Terre, la meilleure arme reste la collaboration internationale.<\/p>\n<p>Vers une compr\u00e9hension plus fine des volcans \u201czombies\u201d<\/p>\n<p>L\u2019\u00e9tude d\u2019Uturu\u00f1cu, publi\u00e9e dans la revue PNAS, ouvre un nouveau chapitre dans la compr\u00e9hension des volcans dits \u00ab zombies \u00bb : des g\u00e9ants endormis mais jamais vraiment morts.<\/p>\n<p>La vigilance reste de mise, car m\u00eame si le r\u00e9veil complet d\u2019Uturu\u00f1cu n\u2019est pas pour demain, son comportement anormal fournit une pr\u00e9cieuse fen\u00eatre pour mieux anticiper les dangers g\u00e9ologiques qui nous entourent.<\/p>\n<blockquote class=\"wp-embedded-content\" data-secret=\"CfEED63T5K\">\n<p><a href=\"https:\/\/media24.fr\/2025\/04\/21\/cette-ile-de-mediterranee-nexiste-pas-du-moins-pas-de-maniere-reguliere-au-point-quon-a-longtemps-cru-a-une-legende\/\" target=\"_blank\" rel=\"noopener\">Cette \u00eele de M\u00e9diterran\u00e9e n\u2019existe pas\u2026 Du moins pas de mani\u00e8re r\u00e9guli\u00e8re au point qu\u2019on a longtemps cru \u00e0 une l\u00e9gende<\/a><\/p>\n<\/blockquote>\n<p>Les volcans les plus surveill\u00e9s du monde en 2025<\/p>\n<tr>\n<td><strong>Volcan<\/strong><\/td>\n<td><strong>Localisation<\/strong><\/td>\n<td><strong>Type<\/strong><\/td>\n<td><strong>Situation \/ Surveillance r\u00e9cente<\/strong><\/td>\n<\/tr>\n<tr>\n<td>Axial Seamount<\/td>\n<td>Sous-marin, au large de l\u2019Oregon (USA)<\/td>\n<td>Volcan sous-marin<\/td>\n<td>Activit\u00e9 sismique accrue, soul\u00e8vement du sol, possible \u00e9ruption en 2025, observatoire sous-marin en place<\/td>\n<\/tr>\n<tr>\n<td>Kilauea<\/td>\n<td>Hawa\u00ef (USA)<\/td>\n<td>Volcan bouclier<\/td>\n<td>\u00c9pisodes \u00e9ruptifs r\u00e9cents, activit\u00e9 fluctuante, suivi continu avec alertes r\u00e9guli\u00e8res<\/td>\n<\/tr>\n<tr>\n<td>Po\u00e1s<\/td>\n<td>Costa Rica<\/td>\n<td>Stratovolcan<\/td>\n<td>\u00c9ruption majeure en avril 2025, alerte rouge, panaches de cendres, acc\u00e8s interdit<\/td>\n<\/tr>\n<tr>\n<td>White Island<\/td>\n<td>Nouvelle-Z\u00e9lande<\/td>\n<td>Volcan de type strombolien<\/td>\n<td>Augmentation des \u00e9missions de cendres et SO2, alerte volcanique maintenue \u00e0 3 sur 5<\/td>\n<\/tr>\n<tr>\n<td>Klyuchevskoy<\/td>\n<td>Kamchatka (Russie)<\/td>\n<td>Stratovolcan<\/td>\n<td>Activit\u00e9 strombolienne accrue, incandescence au sommet, alerte a\u00e9rienne jaune<\/td>\n<\/tr>\n<tr>\n<td>Bezymianny<\/td>\n<td>Kamchatka (Russie)<\/td>\n<td>Stratovolcan<\/td>\n<td>Forte \u00e9ruption explosive en avril 2025, panache de cendres \u00e0 11 km, alerte rouge puis orange<\/td>\n<\/tr>\n<tr>\n<td>Ibu<\/td>\n<td>Indon\u00e9sie<\/td>\n<td>Stratovolcan<\/td>\n<td>Activit\u00e9 \u00e9ruptive mod\u00e9r\u00e9e, niveau d\u2019alerte abaiss\u00e9 \u00e0 3, surveillance renforc\u00e9e<\/td>\n<\/tr>\n<tr>\n<td>Purac\u00e9<\/td>\n<td>Colombie<\/td>\n<td>Stratovolcan<\/td>\n<td>Activit\u00e9 sismique et \u00e9missions de SO2 \u00e9lev\u00e9es, niveau d\u2019alerte jaune<\/td>\n<\/tr>\n<tr>\n<td>Champs Phl\u00e9gr\u00e9ens<\/td>\n<td>Naples, Italie<\/td>\n<td>Super-volcan<\/td>\n<td>Surveillance constante en raison du risque \u00e9lev\u00e9, pr\u00e9paration aux risques potentiels<\/td>\n<\/tr>\n<tr>\n<td>Yellowstone<\/td>\n<td>Wyoming, USA<\/td>\n<td>Super-volcan<\/td>\n<td>Surveillance renforc\u00e9e, risque d\u2019\u00e9ruption \u00e0 long terme, caldeira massive sous observation<\/td>\n<\/tr>\n<p>Ces volcans sont sous haute surveillance en raison de leur activit\u00e9 r\u00e9cente ou de leur potentiel \u00e9ruptif majeur, avec des syst\u00e8mes de monitoring sophistiqu\u00e9s incluant sismologie, d\u00e9formation du sol, \u00e9missions gazeuses et observation satellite. Les super-volcans comme Yellowstone et les Champs Phl\u00e9gr\u00e9ens sont particuli\u00e8rement suivis pour pr\u00e9venir des catastrophes \u00e0 grande \u00e9chelle.<\/p>\n<p>Source :<\/p>\n<p>Y. Liu, J.M. Kendall, H. Zhang, J.D. Blundy, M.E. Pritchard, T. Hudson, &amp; P. MacQueen, Anatomy of the magmatic\u2013hydrothermal system beneath Uturuncu volcano, Bolivia, by joint seismological and petrophysical analysis, Proc. Natl. Acad. Sci. U.S.A. 122 (18) e2420996122, https:\/\/doi.org\/10.1073\/pnas.2420996122 (2025).<\/p>\n<p>Image : Gravim\u00e8tre et station GPS avec le Cerro Uturuncu en arri\u00e8re-plan. Photo credit : Duncan Muir, Cardiff University.<\/p>\n","protected":false},"excerpt":{"rendered":"Le volcan zombie d\u2019Uturu\u00f1cu en Bolivie montre des signes inqui\u00e9tants apr\u00e8s 250 000 ans. \u00c0 plus de 6&hellip;\n","protected":false},"author":2,"featured_media":62613,"comment_status":"","ping_status":"","sticky":false,"template":"","format":"standard","meta":{"footnotes":""},"categories":[7],"tags":[1011,27,2742,43,40,41,39,42,44],"class_list":{"0":"post-62612","1":"post","2":"type-post","3":"status-publish","4":"format-standard","5":"has-post-thumbnail","7":"category-sciences-et-technologies","8":"tag-fr","9":"tag-france","10":"tag-nature","11":"tag-science","12":"tag-science-and-technology","13":"tag-sciences","14":"tag-sciences-et-technologies","15":"tag-technologies","16":"tag-technology"},"share_on_mastodon":{"url":"https:\/\/pubeurope.com\/@fr\/114423040793918702","error":""},"_links":{"self":[{"href":"https:\/\/www.europesays.com\/fr\/wp-json\/wp\/v2\/posts\/62612","targetHints":{"allow":["GET"]}}],"collection":[{"href":"https:\/\/www.europesays.com\/fr\/wp-json\/wp\/v2\/posts"}],"about":[{"href":"https:\/\/www.europesays.com\/fr\/wp-json\/wp\/v2\/types\/post"}],"author":[{"embeddable":true,"href":"https:\/\/www.europesays.com\/fr\/wp-json\/wp\/v2\/users\/2"}],"replies":[{"embeddable":true,"href":"https:\/\/www.europesays.com\/fr\/wp-json\/wp\/v2\/comments?post=62612"}],"version-history":[{"count":0,"href":"https:\/\/www.europesays.com\/fr\/wp-json\/wp\/v2\/posts\/62612\/revisions"}],"wp:featuredmedia":[{"embeddable":true,"href":"https:\/\/www.europesays.com\/fr\/wp-json\/wp\/v2\/media\/62613"}],"wp:attachment":[{"href":"https:\/\/www.europesays.com\/fr\/wp-json\/wp\/v2\/media?parent=62612"}],"wp:term":[{"taxonomy":"category","embeddable":true,"href":"https:\/\/www.europesays.com\/fr\/wp-json\/wp\/v2\/categories?post=62612"},{"taxonomy":"post_tag","embeddable":true,"href":"https:\/\/www.europesays.com\/fr\/wp-json\/wp\/v2\/tags?post=62612"}],"curies":[{"name":"wp","href":"https:\/\/api.w.org\/{rel}","templated":true}]}}