{"id":626126,"date":"2025-12-28T00:34:17","date_gmt":"2025-12-28T00:34:17","guid":{"rendered":"https:\/\/www.europesays.com\/fr\/626126\/"},"modified":"2025-12-28T00:34:17","modified_gmt":"2025-12-28T00:34:17","slug":"il-vole-un-telephone-sur-le-jeu-de-paume-et-se-fait-arreter-a-gambetta","status":"publish","type":"post","link":"https:\/\/www.europesays.com\/fr\/626126\/","title":{"rendered":"il vole un t\u00e9l\u00e9phone sur le Jeu de Paume et se fait arr\u00eater \u00e0 Gambetta"},"content":{"rendered":"<p>                    Par<br \/>\n        <strong><br \/>\n            <a href=\"https:\/\/actu.fr\/auteur\/g-martin\" title=\"Consulter tous les articles de Gil Martin\" target=\"_blank\" rel=\"noopener\">Gil Martin<\/a><br \/>\n                    <\/strong><\/p>\n<p>        Publi\u00e9 le<\/p>\n<p>            27 d\u00e9c. 2025 \u00e0 18h48        <\/p>\n<p>Ce mercredi 24 d\u00e9cembre, vers midi, un <strong>homme d\u2019une cinquantaine d\u2019ann\u00e9es<\/strong> est entr\u00e9 dans une boutique situ\u00e9e <strong>boulevard du Jeu de Paume<\/strong> o\u00f9 il a d\u00e9rob\u00e9 le t\u00e9l\u00e9phone portable que la g\u00e9rante avait d\u00e9pos\u00e9 quelques instants sur le comptoir\u2026 \u00a0avant de prendre la fuite.<\/p>\n<p>Une vid\u00e9o pr\u00e9cise du d\u00e9lit<\/p>\n<p class=\" wall-content\">La g\u00e9rante a alors contact\u00e9 la police, fournissant une description pr\u00e9cise de l\u2019individu et surtout, l<strong>es images de la vid\u00e9o<\/strong> prise par les cam\u00e9ras de la boutique. Des images qu\u2019elle a envoy\u00e9es aux forces de l\u2019ordre et o\u00f9 l\u2019on voit distinctement <strong>l\u2019homme prendre l\u2019objet<\/strong> et partir pr\u00e9cipitamment.<\/p>\n<p>    <a href=\"https:\/\/www.google.com\/maps\/embed?pb=!1m18!1m12!1m3!1d2888.957885963063!2d3.8716861756693257!3d43.607418471104275!2m3!1f0!2f0!3f0!3m2!1i1024!2i768!4f13.1!3m3!1m2!1s0x12b6afa88cda785f%3A0xd3ff7caf8601c219!2sBd%20du%20Jeu%20de%20Paume%2C%2034000%20Montpellier!5e0!3m2!1sfr!2sfr!4v1766805801766!5m2!1sfr!2sfr\" title=\"Ouvrie le lien\" target=\"_blank\" rel=\"noopener\">Cliquez ici pour visualiser le contenu<\/a><\/p>\n<p>Le t\u00e9l\u00e9phone g\u00e9olocalis\u00e9<\/p>\n<p class=\" wall-content\">La g\u00e9rante profite de l\u2019envoi des images pour expliquer que son t\u00e9l\u00e9phone, au m\u00eame moment, <strong>g\u00e9olocalise quelque part sur le Cours Gambetta<\/strong>. La BAC est sur place\u00a0: les policiers identifient pr\u00e9cis\u00e9ment l\u2019endroit indiqu\u00e9 par la g\u00e9olocalisation\u00a0: <strong>un bar<\/strong> situ\u00e9 sur cet axe.<\/p>\n<p>L\u2019homme avoue le vol<\/p>\n<p class=\" wall-content\">A peine le bar rep\u00e9r\u00e9, l\u2019individu sort de l\u2019\u00e9tablissement\u2026 les policiers en profitent pour l\u2019appr\u00e9hender. L\u2019homme, n\u00e9 en 1974, <strong>avoue le vol<\/strong>. Il est interpell\u00e9 et plac\u00e9 en garde \u00e0 vue. La victime ayant d\u00e9pos\u00e9 plainte, il devra expliquer son geste \u00e0 la justice le 17 mars prochain.<\/p>\n<p class=\" wall-content\">Personnalisez votre actualit\u00e9 en ajoutant vos villes et m\u00e9dias en favori avec <a href=\"https:\/\/moncompte.actu.fr\" title=\"D\u00e9couvez Mon Actu\" rel=\"nofollow noopener\" data-trk=\"{&quot;cta&quot;:{&quot;action&quot;:&quot;https:\\\/\\\/moncompte.actu.fr&quot;,&quot;category&quot;:&quot;mon compte&quot;,&quot;from&quot;:&quot;article footer&quot;,&quot;name&quot;:&quot;Mon actu&quot;,&quot;type&quot;:&quot;cta&quot;}}\" target=\"_blank\">Mon Actu<\/a>.<\/p>\n","protected":false},"excerpt":{"rendered":"Par Gil Martin Publi\u00e9 le 27 d\u00e9c. 2025 \u00e0 18h48 Ce mercredi 24 d\u00e9cembre, vers midi, un homme&hellip;\n","protected":false},"author":2,"featured_media":626127,"comment_status":"","ping_status":"","sticky":false,"template":"","format":"standard","meta":{"footnotes":""},"categories":[9599],"tags":[1111,11,1777,674,118,1011,27,2208,12,2680,25],"class_list":{"0":"post-626126","1":"post","2":"type-post","3":"status-publish","4":"format-standard","5":"has-post-thumbnail","7":"category-montpellier","8":"tag-actu","9":"tag-actualites","10":"tag-eu","11":"tag-europe","12":"tag-faits-divers","13":"tag-fr","14":"tag-france","15":"tag-montpellier","16":"tag-news","17":"tag-occitanie","18":"tag-republique-francaise"},"share_on_mastodon":{"url":"https:\/\/pubeurope.com\/@fr\/115794389423666118","error":""},"_links":{"self":[{"href":"https:\/\/www.europesays.com\/fr\/wp-json\/wp\/v2\/posts\/626126","targetHints":{"allow":["GET"]}}],"collection":[{"href":"https:\/\/www.europesays.com\/fr\/wp-json\/wp\/v2\/posts"}],"about":[{"href":"https:\/\/www.europesays.com\/fr\/wp-json\/wp\/v2\/types\/post"}],"author":[{"embeddable":true,"href":"https:\/\/www.europesays.com\/fr\/wp-json\/wp\/v2\/users\/2"}],"replies":[{"embeddable":true,"href":"https:\/\/www.europesays.com\/fr\/wp-json\/wp\/v2\/comments?post=626126"}],"version-history":[{"count":0,"href":"https:\/\/www.europesays.com\/fr\/wp-json\/wp\/v2\/posts\/626126\/revisions"}],"wp:featuredmedia":[{"embeddable":true,"href":"https:\/\/www.europesays.com\/fr\/wp-json\/wp\/v2\/media\/626127"}],"wp:attachment":[{"href":"https:\/\/www.europesays.com\/fr\/wp-json\/wp\/v2\/media?parent=626126"}],"wp:term":[{"taxonomy":"category","embeddable":true,"href":"https:\/\/www.europesays.com\/fr\/wp-json\/wp\/v2\/categories?post=626126"},{"taxonomy":"post_tag","embeddable":true,"href":"https:\/\/www.europesays.com\/fr\/wp-json\/wp\/v2\/tags?post=626126"}],"curies":[{"name":"wp","href":"https:\/\/api.w.org\/{rel}","templated":true}]}}