{"id":626138,"date":"2025-12-28T00:51:14","date_gmt":"2025-12-28T00:51:14","guid":{"rendered":"https:\/\/www.europesays.com\/fr\/626138\/"},"modified":"2025-12-28T00:51:14","modified_gmt":"2025-12-28T00:51:14","slug":"previsions-du-dimanche-28-decembre-2025","status":"publish","type":"post","link":"https:\/\/www.europesays.com\/fr\/626138\/","title":{"rendered":"pr\u00e9visions du dimanche 28 d\u00e9cembre 2025"},"content":{"rendered":"<p>Le soleil sera au rendez-vous \u00e0 Nantes : une magnifique journ\u00e9e se profile ! L&rsquo;hiver sera bien l\u00e0 puisque les valeurs seront tout de m\u00eame de 0\u00b0C au plus bas et de 7\u00b0C au plus haut. Un vent de nord-est rafra\u00eechira l\u00e9g\u00e8rement l&rsquo;atmosph\u00e8re. Les Nantais vont avoir froid le matin : les temp\u00e9ratures ne vont pas d\u00e9passer 5\u00b0C. Les valeurs seront de 2\u00b0C. Les Nantais vont avoir froid l&rsquo;apr\u00e8s-midi : les temp\u00e9ratures ne vont pas d\u00e9passer 7\u00b0C. Les maximales pourront atteindre 7\u00b0C et les minimales seront de 2\u00b0C : un temps de saison. Le ciel va l\u00e9g\u00e8rement se d\u00e9gager dans la soir\u00e9e avec des \u00e9claircies. Durant la nuit de dimanche \u00e0 lundi, le ciel sera d\u00e9pourvu de nuages.<\/p>\n<p>C&rsquo;est un soleil radieux qui va briller demain sur Nantes. Une chute des temp\u00e9ratures est \u00e0 pr\u00e9voir rappelant l&rsquo;hiver aux bons souvenirs des habitants. On pr\u00e9voit des valeurs avoisinant 2\u00b0C. Une petite brise de nord-est sera ressentie par les habitants. Les Nantais vont avoir froid le matin : les temp\u00e9ratures ne vont pas d\u00e9passer 4\u00b0C. Il va faire 1\u00b0C en moyenne. Les temp\u00e9ratures vont enregistrer une augmentation de quelques degr\u00e9s lors de l&rsquo;apr\u00e8s-midi. Les valeurs afficheront entre 2\u00b0C et 6\u00b0C, rappelant l&rsquo;hiver au bon souvenir des habitants. La ville aura quelques \u00e9claircies demain soir.<\/p>\n<p>Des changements sont pr\u00e9vus pour les jours \u00e0 venir. Une am\u00e9lioration est annonc\u00e9e mercredi, tandis que la journ\u00e9e de mardi aura \u00e9t\u00e9 nuageuse.<\/p>\n<p><\/p>\n","protected":false},"excerpt":{"rendered":"Le soleil sera au rendez-vous \u00e0 Nantes : une magnifique journ\u00e9e se profile ! L&rsquo;hiver sera bien l\u00e0&hellip;\n","protected":false},"author":2,"featured_media":626139,"comment_status":"","ping_status":"","sticky":false,"template":"","format":"standard","meta":{"footnotes":""},"categories":[2818],"tags":[1111,11,1777,674,1011,27,766,12,2636,2119,25],"class_list":{"0":"post-626138","1":"post","2":"type-post","3":"status-publish","4":"format-standard","5":"has-post-thumbnail","7":"category-nantes","8":"tag-actu","9":"tag-actualites","10":"tag-eu","11":"tag-europe","12":"tag-fr","13":"tag-france","14":"tag-nantes","15":"tag-news","16":"tag-pays-de-la-loire","17":"tag-previsions-meteo","18":"tag-republique-francaise"},"share_on_mastodon":{"url":"https:\/\/pubeurope.com\/@fr\/115794456516023995","error":""},"_links":{"self":[{"href":"https:\/\/www.europesays.com\/fr\/wp-json\/wp\/v2\/posts\/626138","targetHints":{"allow":["GET"]}}],"collection":[{"href":"https:\/\/www.europesays.com\/fr\/wp-json\/wp\/v2\/posts"}],"about":[{"href":"https:\/\/www.europesays.com\/fr\/wp-json\/wp\/v2\/types\/post"}],"author":[{"embeddable":true,"href":"https:\/\/www.europesays.com\/fr\/wp-json\/wp\/v2\/users\/2"}],"replies":[{"embeddable":true,"href":"https:\/\/www.europesays.com\/fr\/wp-json\/wp\/v2\/comments?post=626138"}],"version-history":[{"count":0,"href":"https:\/\/www.europesays.com\/fr\/wp-json\/wp\/v2\/posts\/626138\/revisions"}],"wp:featuredmedia":[{"embeddable":true,"href":"https:\/\/www.europesays.com\/fr\/wp-json\/wp\/v2\/media\/626139"}],"wp:attachment":[{"href":"https:\/\/www.europesays.com\/fr\/wp-json\/wp\/v2\/media?parent=626138"}],"wp:term":[{"taxonomy":"category","embeddable":true,"href":"https:\/\/www.europesays.com\/fr\/wp-json\/wp\/v2\/categories?post=626138"},{"taxonomy":"post_tag","embeddable":true,"href":"https:\/\/www.europesays.com\/fr\/wp-json\/wp\/v2\/tags?post=626138"}],"curies":[{"name":"wp","href":"https:\/\/api.w.org\/{rel}","templated":true}]}}