{"id":626148,"date":"2025-12-28T00:57:14","date_gmt":"2025-12-28T00:57:14","guid":{"rendered":"https:\/\/www.europesays.com\/fr\/626148\/"},"modified":"2025-12-28T00:57:14","modified_gmt":"2025-12-28T00:57:14","slug":"gagnez-vos-invitations-pour-assister-au-concert-de-natasha-st-pier-le-11-janvier-26-a-lille-avec-le-club-des-auditeurs","status":"publish","type":"post","link":"https:\/\/www.europesays.com\/fr\/626148\/","title":{"rendered":"Gagnez vos invitations pour assister au concert de Natasha St-Pier le 11 janvier 26 \u00e0 Lille avec Le Club des Auditeurs"},"content":{"rendered":"<p>Natasha St-Pier sera \u00e0 Lille le 11 janvier prochain \u00e0 17h au th\u00e9\u00e2tre S\u00e9bastopol. Un moment de partage \u00e0 vivre en gagnant vos places avec Le Club des Auditeurs.<\/p>\n<p>Natasha St-Pier est de retour sur la sc\u00e8ne pop avec un spectacle in\u00e9dit \u00ab\u00a0Mon histoire d\u2019amour c\u2018est vous\u00a0\u00bb<\/p>\n<p>L\u2019artiste canadienne, connue pour sa voix puissante et ses m\u00e9lodies inoubliables, nous invite \u00e0 un voyage musical \u00e0 travers la chanson fran\u00e7aise.<\/p>\n<p>A la demande de son public, Natasha St-Pier retrouve le chemin des salles de concert pour interpr\u00e9ter ses plus grands tubes et rendre hommage aux grands auteurs et compositeurs qui lui tiennent \u00e0 c\u0153ur, de Souchon \u00e0 Sanson en passant par Berger et Piaf\u00a0!<\/p>\n<p>Un moment de partage et d\u2019\u00e9motions \u00e0 ne pas manquer le 11 janvier 2026 au Th\u00e9\u00e2tre S\u00e9bastopol de Lille \u00e0 17h\u00a0!<\/p>\n<p><a href=\"https:\/\/www.youtube.com\/watch?v=yB_UBqMRvKk\" target=\"_blank\" rel=\"noopener noreferrer\" class=\"Youtube svelte-isxgy6\" style=\"background-image: url(https:\/\/i.ytimg.com\/vi\/yB_UBqMRvKk\/sddefault.jpg);\"><\/p>\n<p>Natasha St-Pier &#8211; Tu trouveras (Clip officiel)<\/p>\n<p> <\/a> <\/p>\n<p>Gagnez vos places avec Le Club des Auditeurs. Si votre carte est toujours valide, vous pouvez participer au tirage au sort:<\/p>\n","protected":false},"excerpt":{"rendered":"Natasha St-Pier sera \u00e0 Lille le 11 janvier prochain \u00e0 17h au th\u00e9\u00e2tre S\u00e9bastopol. Un moment de partage&hellip;\n","protected":false},"author":2,"featured_media":626149,"comment_status":"","ping_status":"","sticky":false,"template":"","format":"standard","meta":{"footnotes":""},"categories":[2815],"tags":[1111,11,1777,674,1011,27,811,1307,12,25],"class_list":{"0":"post-626148","1":"post","2":"type-post","3":"status-publish","4":"format-standard","5":"has-post-thumbnail","7":"category-lille","8":"tag-actu","9":"tag-actualites","10":"tag-eu","11":"tag-europe","12":"tag-fr","13":"tag-france","14":"tag-hauts-de-france","15":"tag-lille","16":"tag-news","17":"tag-republique-francaise"},"share_on_mastodon":{"url":"https:\/\/pubeurope.com\/@fr\/115794480143583910","error":""},"_links":{"self":[{"href":"https:\/\/www.europesays.com\/fr\/wp-json\/wp\/v2\/posts\/626148","targetHints":{"allow":["GET"]}}],"collection":[{"href":"https:\/\/www.europesays.com\/fr\/wp-json\/wp\/v2\/posts"}],"about":[{"href":"https:\/\/www.europesays.com\/fr\/wp-json\/wp\/v2\/types\/post"}],"author":[{"embeddable":true,"href":"https:\/\/www.europesays.com\/fr\/wp-json\/wp\/v2\/users\/2"}],"replies":[{"embeddable":true,"href":"https:\/\/www.europesays.com\/fr\/wp-json\/wp\/v2\/comments?post=626148"}],"version-history":[{"count":0,"href":"https:\/\/www.europesays.com\/fr\/wp-json\/wp\/v2\/posts\/626148\/revisions"}],"wp:featuredmedia":[{"embeddable":true,"href":"https:\/\/www.europesays.com\/fr\/wp-json\/wp\/v2\/media\/626149"}],"wp:attachment":[{"href":"https:\/\/www.europesays.com\/fr\/wp-json\/wp\/v2\/media?parent=626148"}],"wp:term":[{"taxonomy":"category","embeddable":true,"href":"https:\/\/www.europesays.com\/fr\/wp-json\/wp\/v2\/categories?post=626148"},{"taxonomy":"post_tag","embeddable":true,"href":"https:\/\/www.europesays.com\/fr\/wp-json\/wp\/v2\/tags?post=626148"}],"curies":[{"name":"wp","href":"https:\/\/api.w.org\/{rel}","templated":true}]}}