{"id":626150,"date":"2025-12-28T00:58:25","date_gmt":"2025-12-28T00:58:25","guid":{"rendered":"https:\/\/www.europesays.com\/fr\/626150\/"},"modified":"2025-12-28T00:58:25","modified_gmt":"2025-12-28T00:58:25","slug":"corps-carbonise-dans-une-voiture-un-homme-gravement-blesse-noel-dramatique-a-marseille","status":"publish","type":"post","link":"https:\/\/www.europesays.com\/fr\/626150\/","title":{"rendered":"Corps carbonis\u00e9 dans une voiture, un homme gravement bless\u00e9&#8230; No\u00ebl dramatique \u00e0 Marseille"},"content":{"rendered":"<p>                    Par<br \/>\n        <strong><br \/>\n            <a href=\"https:\/\/actu.fr\/auteur\/thibault-nadal-actu-fr\" title=\"Consulter tous les articles de Thibault Nadal\" target=\"_blank\" rel=\"noopener\">Thibault Nadal<\/a><br \/>\n                    <\/strong><\/p>\n<p>        Publi\u00e9 le<\/p>\n<p>            26 d\u00e9c. 2025 \u00e0 9h00        <\/p>\n<p>Pour beaucoup, ce jeudi 25\u00a0d\u00e9cembre 2025 \u00e9tait une f\u00eate. Mais dans <a href=\"https:\/\/actu.fr\/tag\/quartiers-nord\" target=\"_blank\" rel=\"noopener\">les quartiers nord<\/a> de <a href=\"https:\/\/actu.fr\/marseille\/\" target=\"_blank\" rel=\"noopener\">Marseille<\/a> et \u00e0 <a href=\"https:\/\/actu.fr\/provence-alpes-cote-d-azur\/septemes-les-vallons_13106\" target=\"_blank\" rel=\"noopener\">Sept\u00e8mes-les-Vallons<\/a> (<a href=\"https:\/\/actu.fr\/provence-alpes-cote-d-azur\/bouches-du-rhone_13\" target=\"_blank\" rel=\"noopener\">Bouches-du-Rh\u00f4ne<\/a>), cette journ\u00e9e de <a href=\"https:\/\/actu.fr\/tag\/noel\" target=\"_blank\" rel=\"noopener\">No\u00ebl<\/a> a vir\u00e9 au cauchemar.<\/p>\n<p class=\" wall-content\">Un corps a \u00e9t\u00e9 <strong>retrouv\u00e9 calcin\u00e9 dans le coffre d\u2019un v\u00e9hicule<\/strong> et un homme a \u00e9t\u00e9 d\u00e9pos\u00e9 \u00e0 l\u2019h\u00f4pital Nord (15e), gri\u00e8vement bless\u00e9 par balles. <strong>Son pronostic vital est engag\u00e9<\/strong>, selon les marins-pompiers.<\/p>\n<p class=\" wall-content\">Selon <a href=\"https:\/\/www.laprovence.com\/article\/faits-divers-justice\/4337807138706214\/noel-sanglant-a-marseille-un-homme-assassine-retrouve-dans-le-coffre-d-une-voiture-un-blesse-grave\" target=\"_blank\" rel=\"noopener\">La Provence<\/a>, les deux affaires sont probablement li\u00e9es.<\/p>\n<p>Le pronostic vital engag\u00e9<\/p>\n<p class=\" wall-content\">Il \u00e9tait un peu plus de 15h ce jeudi quand les marins-pompiers sont requis pr\u00e8s de l\u2019h\u00f4pital Nord pour une personne, <strong>\u00e2g\u00e9e d\u2019une trentaine d\u2019ann\u00e9es<\/strong>, gri\u00e8vement bless\u00e9e par arme \u00e0 feu.<\/p>\n<p>    <a href=\"https:\/\/www.google.com\/maps\/embed?pb=!1m18!1m12!1m3!1d2899.8724452970496!2d5.360058475546528!3d43.37969107111639!2m3!1f0!2f0!3f0!3m2!1i1024!2i768!4f13.1!3m3!1m2!1s0x12c9eaed7e21c6ff%3A0x1c5b4ad1ecbc8b58!2sH%C3%B4pital%20Nord%2C%20Chem.%20des%20Bourrely%2C%2013015%20Marseille!5e0!3m2!1sfr!2sfr!4v1766735129638!5m2!1sfr!2sfr\" title=\"Ouvrie le lien\" target=\"_blank\" rel=\"noopener\">Cliquez ici pour visualiser le contenu<\/a><\/p>\n<p class=\" wall-content\">D\u2019apr\u00e8s nos confr\u00e8res, la victime a \u00e9t\u00e9 <strong>transport\u00e9e en voiture<\/strong> dans un \u00e9tat grave par des proches. Le v\u00e9hicule utilis\u00e9 a par la suite \u00e9t\u00e9 retrouv\u00e9 carbonis\u00e9 \u00e0 Sept\u00e8mes-les-Vallons.<\/p>\n<p>La piste du narcotrafic<\/p>\n<p class=\" wall-content\">Dans la commune limitrophe de Marseille, quelques minutes apr\u00e8s la premi\u00e8re intervention, les marins-pompiers interviennent pour un <a href=\"https:\/\/actu.fr\/tag\/incendie\" target=\"_blank\" rel=\"noopener\">incendie<\/a> sur deux v\u00e9hicules. \u00c0 l\u2019int\u00e9rieur du deuxi\u00e8me, un corps carbonis\u00e9 est retrouv\u00e9. L\u2019identit\u00e9 de la victime n\u2019est pour l\u2019heure pas connue.<\/p>\n<p>Votre r\u00e9gion, votre actu !<\/p>\n<p>Recevez chaque jour les infos qui comptent pour vous.<\/p>\n<p>\t<a href=\"https:\/\/actu.fr\/newsletter\" class=\"ac-btn ac-btn--corner ac-btn--medium ac-btn--blue800\" target=\"_blank\" rel=\"noopener\">S&rsquo;incrire<\/a><\/p>\n<p class=\" wall-content\">La Provence explique que ces deux affaires pourraient avoir un lien avec<a href=\"https:\/\/actu.fr\/provence-alpes-cote-d-azur\/marseille_13055\/nouvelle-nuit-sanglante-a-marseille-un-jeune-homme-tue-par-balles-dans-ce-quartier_63606924.html\" target=\"_blank\" rel=\"noopener\"> la mort d\u2019un homme le 20\u00a0d\u00e9cembre dernier \u00e0 la cit\u00e9 du Mail<\/a> dans le 14e arrondissement. Un endroit o\u00f9\u00a0<strong>des coups de feu ont \u00e9galement \u00e9t\u00e9 entendus le 24\u00a0d\u00e9cembre<\/strong>.<\/p>\n<p class=\" wall-content\">La piste du <a href=\"https:\/\/actu.fr\/tag\/narcotrafiquants\" target=\"_blank\" rel=\"noopener\">narcotrafic<\/a> et d\u2019une vengeance est privil\u00e9gi\u00e9e par les enqu\u00eateurs, selon nos confr\u00e8res.<\/p>\n<p class=\" wall-content\">Personnalisez votre actualit\u00e9 en ajoutant vos villes et m\u00e9dias en favori avec <a href=\"https:\/\/moncompte.actu.fr\" title=\"D\u00e9couvez Mon Actu\" rel=\"nofollow noopener\" data-trk=\"{&quot;cta&quot;:{&quot;action&quot;:&quot;https:\\\/\\\/moncompte.actu.fr&quot;,&quot;category&quot;:&quot;mon compte&quot;,&quot;from&quot;:&quot;article footer&quot;,&quot;name&quot;:&quot;Mon actu&quot;,&quot;type&quot;:&quot;cta&quot;}}\" target=\"_blank\">Mon Actu<\/a>.<\/p>\n","protected":false},"excerpt":{"rendered":"Par Thibault Nadal Publi\u00e9 le 26 d\u00e9c. 2025 \u00e0 9h00 Pour beaucoup, ce jeudi 25\u00a0d\u00e9cembre 2025 \u00e9tait une&hellip;\n","protected":false},"author":2,"featured_media":626151,"comment_status":"","ping_status":"","sticky":false,"template":"","format":"standard","meta":{"footnotes":""},"categories":[2814],"tags":[1111,11,1777,674,118,1011,27,17289,884,813,12,1072,882,25],"class_list":{"0":"post-626150","1":"post","2":"type-post","3":"status-publish","4":"format-standard","5":"has-post-thumbnail","7":"category-marseille","8":"tag-actu","9":"tag-actualites","10":"tag-eu","11":"tag-europe","12":"tag-faits-divers","13":"tag-fr","14":"tag-france","15":"tag-marin-pompier","16":"tag-marseille","17":"tag-narcotrafiquants","18":"tag-news","19":"tag-police","20":"tag-provence-alpes-cote-dazur","21":"tag-republique-francaise"},"share_on_mastodon":{"url":"https:\/\/pubeurope.com\/@fr\/115794483889990410","error":""},"_links":{"self":[{"href":"https:\/\/www.europesays.com\/fr\/wp-json\/wp\/v2\/posts\/626150","targetHints":{"allow":["GET"]}}],"collection":[{"href":"https:\/\/www.europesays.com\/fr\/wp-json\/wp\/v2\/posts"}],"about":[{"href":"https:\/\/www.europesays.com\/fr\/wp-json\/wp\/v2\/types\/post"}],"author":[{"embeddable":true,"href":"https:\/\/www.europesays.com\/fr\/wp-json\/wp\/v2\/users\/2"}],"replies":[{"embeddable":true,"href":"https:\/\/www.europesays.com\/fr\/wp-json\/wp\/v2\/comments?post=626150"}],"version-history":[{"count":0,"href":"https:\/\/www.europesays.com\/fr\/wp-json\/wp\/v2\/posts\/626150\/revisions"}],"wp:featuredmedia":[{"embeddable":true,"href":"https:\/\/www.europesays.com\/fr\/wp-json\/wp\/v2\/media\/626151"}],"wp:attachment":[{"href":"https:\/\/www.europesays.com\/fr\/wp-json\/wp\/v2\/media?parent=626150"}],"wp:term":[{"taxonomy":"category","embeddable":true,"href":"https:\/\/www.europesays.com\/fr\/wp-json\/wp\/v2\/categories?post=626150"},{"taxonomy":"post_tag","embeddable":true,"href":"https:\/\/www.europesays.com\/fr\/wp-json\/wp\/v2\/tags?post=626150"}],"curies":[{"name":"wp","href":"https:\/\/api.w.org\/{rel}","templated":true}]}}