{"id":626152,"date":"2025-12-28T00:59:17","date_gmt":"2025-12-28T00:59:17","guid":{"rendered":"https:\/\/www.europesays.com\/fr\/626152\/"},"modified":"2025-12-28T00:59:17","modified_gmt":"2025-12-28T00:59:17","slug":"om-mercato-marseille-doit-il-casser-sa-tirelire-pour-jorge-carrascal-flamengo","status":"publish","type":"post","link":"https:\/\/www.europesays.com\/fr\/626152\/","title":{"rendered":"OM Mercato : Marseille Doit-il Casser Sa Tirelire Pour Jorge Carrascal (Flamengo) ?"},"content":{"rendered":"<p><strong>Priorit\u00e9 de Roberto De Zerbi cet hiver, Jorge Carrascal, milieu offensif de 27 ans \u00e9voluant \u00e0 Flamengo, est valoris\u00e9 \u00e0 20 millions d\u2019euros par son club. L\u2019OM aurait d\u00e9j\u00e0 fait une offre de 15 millions, jug\u00e9e trop insuffisante. Le club phoc\u00e9en doit-il casser sa tirelire pour satisfaire aux exigences de son coach ? C\u2019est notre d\u00e9bat.<\/strong><\/p>\n<p>Non<\/p>\n<p>\u00ab\u00a0L\u2019OM ne devrait pas forc\u00e9ment sortir les 20 millions d\u2019euros demand\u00e9s pour Jorge Carrascal cet hiver. Flamengo a fix\u00e9 un prix \u00e9lev\u00e9, peut-\u00eatre au\u2011del\u00e0 de ce que le joueur vaut r\u00e9ellement, sachant par exemple que Transfermarkt le situe autour de 9\u202fM\u20ac actuellement, m\u00eame si Flamengo esp\u00e8re un prix sup\u00e9rieur au co\u00fbt d\u2019achat r\u00e9cent (~12\u202fM\u20ac) qu\u2019il a pay\u00e9 pour l\u2019attirer l\u2019\u00e9t\u00e9 dernier.<\/p>\n<p>De plus, Carrascal, malgr\u00e9 des qualit\u00e9s techniques \u00e9videntes et une certaine polyvalence offensive, n\u2019a pas encore prouv\u00e9 qu\u2019il serait un impact player incontestable dans un championnat europ\u00e9en exigeant. Son parcours mouvement\u00e9 (nombreux clubs en peu de temps) et ses stats tout de m\u00eame modestes par rapport au prix demand\u00e9 plaident plut\u00f4t pour la prudence. Injecter une somme importante cet hiver risque de compromettre d\u2019autres priorit\u00e9s du mercato et de cr\u00e9er une pression financi\u00e8re inutile, sur le club et le joueur, d\u2019autant plus que des alternatives moins co\u00fbteuses peuvent exister pour renforcer ce secteur cher \u00e0 De Zerbi sans surpayer\u00a0\u00bb.<\/p>\n<p><strong>William TERTRIN<\/strong><\/p>\n<p> C\u2019est tentant<\/p>\n<p>\u00ab\u00a0Sans parler de casser sa tirelire, Carrascal pr\u00e9sente un profil int\u00e9ressant. On parle d\u2019un joueur de 27 ans, qui poss\u00e8de d\u00e9j\u00e0 une solide exp\u00e9rience du haut niveau. Son bilan \u00e0 Flamengo est relativement moyen mais le Colombien est un titulaire r\u00e9gulier au sein d\u2019une \u00e9quipe qui vient de remporter la Copa Libertadores et qui ne s\u2019est inclin\u00e9e qu\u2019aux tirs au but face au PSG en finale de la Coupe Intercontinentale. Ce n\u2019est donc pas le premier venu et il connait d\u00e9j\u00e0 l\u2019Europe pour avoir \u00e9volu\u00e9 \u00e0 Moscou et chez les jeunes du FC S\u00e9ville.<\/p>\n<p>Carrascal est international et son profil est int\u00e9ressant puisqu\u2019il peut jouer en 10 ou sur les deux ailes. C\u2019est  un profil qui r\u00e9pond aux besoins actuels de l\u2019OM et aux souhaits de Roberto De Zerbi pour ce Mercato hivernal. Tout d\u00e9pend du prix, et je suis d\u2019accord avec William quand il dit que l\u2019OM ne doit pas surpayer le joueur. Mais faire un petit effort suppl\u00e9mentaire, \u00e7a peut se tenter.\u00a0\u00bb<\/p>\n<p><strong>Laurent HESS<\/strong><\/p>\n","protected":false},"excerpt":{"rendered":"Priorit\u00e9 de Roberto De Zerbi cet hiver, Jorge Carrascal, milieu offensif de 27 ans \u00e9voluant \u00e0 Flamengo, est&hellip;\n","protected":false},"author":2,"featured_media":626153,"comment_status":"","ping_status":"","sticky":false,"template":"","format":"standard","meta":{"footnotes":""},"categories":[2814],"tags":[1111,11,1777,674,1011,27,884,12,882,25],"class_list":{"0":"post-626152","1":"post","2":"type-post","3":"status-publish","4":"format-standard","5":"has-post-thumbnail","7":"category-marseille","8":"tag-actu","9":"tag-actualites","10":"tag-eu","11":"tag-europe","12":"tag-fr","13":"tag-france","14":"tag-marseille","15":"tag-news","16":"tag-provence-alpes-cote-dazur","17":"tag-republique-francaise"},"share_on_mastodon":{"url":"https:\/\/pubeurope.com\/@fr\/115794487959947503","error":""},"_links":{"self":[{"href":"https:\/\/www.europesays.com\/fr\/wp-json\/wp\/v2\/posts\/626152","targetHints":{"allow":["GET"]}}],"collection":[{"href":"https:\/\/www.europesays.com\/fr\/wp-json\/wp\/v2\/posts"}],"about":[{"href":"https:\/\/www.europesays.com\/fr\/wp-json\/wp\/v2\/types\/post"}],"author":[{"embeddable":true,"href":"https:\/\/www.europesays.com\/fr\/wp-json\/wp\/v2\/users\/2"}],"replies":[{"embeddable":true,"href":"https:\/\/www.europesays.com\/fr\/wp-json\/wp\/v2\/comments?post=626152"}],"version-history":[{"count":0,"href":"https:\/\/www.europesays.com\/fr\/wp-json\/wp\/v2\/posts\/626152\/revisions"}],"wp:featuredmedia":[{"embeddable":true,"href":"https:\/\/www.europesays.com\/fr\/wp-json\/wp\/v2\/media\/626153"}],"wp:attachment":[{"href":"https:\/\/www.europesays.com\/fr\/wp-json\/wp\/v2\/media?parent=626152"}],"wp:term":[{"taxonomy":"category","embeddable":true,"href":"https:\/\/www.europesays.com\/fr\/wp-json\/wp\/v2\/categories?post=626152"},{"taxonomy":"post_tag","embeddable":true,"href":"https:\/\/www.europesays.com\/fr\/wp-json\/wp\/v2\/tags?post=626152"}],"curies":[{"name":"wp","href":"https:\/\/api.w.org\/{rel}","templated":true}]}}