{"id":626154,"date":"2025-12-28T01:00:44","date_gmt":"2025-12-28T01:00:44","guid":{"rendered":"https:\/\/www.europesays.com\/fr\/626154\/"},"modified":"2025-12-28T01:00:44","modified_gmt":"2025-12-28T01:00:44","slug":"lyon-les-salles-de-spectacles-municipales-pourraient-bien-etre-fermees-le-soir-du-reveillon","status":"publish","type":"post","link":"https:\/\/www.europesays.com\/fr\/626154\/","title":{"rendered":"Lyon. Les salles de spectacles municipales pourraient bien \u00eatre ferm\u00e9es le soir du r\u00e9veillon"},"content":{"rendered":"<p>Ils en avaient prof\u00e9r\u00e9 la menace le 22\u00a0octobre dernier. Ce vendredi 26\u00a0d\u00e9cembre, un communiqu\u00e9 de la CGT Ville de Lyon, annonce sa mise en ex\u00e9cution. Mercredi 31\u00a0d\u00e9cembre \u00ab\u00a0les agents du service d\u00e9di\u00e9s aux salles de spectacles municipales suivront un mouvement de gr\u00e8ve\u00a0\u00bb. La CGT pr\u00e9cise\u00a0: \u00ab\u00a0Depuis pr\u00e8s d\u2019un an, la CGT Ville de Lyon alerte l\u2019administration sur l\u2019\u00e9tat du\u00a0dialogue social au sein du Service des salles municipales et locaux syndicaux (SMLS), affili\u00e9 \u00e0 la Direction\u00a0Centrale de l\u2019Immobilier (DCI).\u00a0\u00bb Mais apr\u00e8s de nombreuses tentatives de n\u00e9gociations et de gr\u00e8ves ponctuelles, les agents ne semblent visiblement ni convaincus ni satisfaits de ce qu\u2019il leur a \u00e9t\u00e9 accord\u00e9.<\/p>\n<p>  \u00ab\u00a0La direction envisage de supprimer le jour de repos fixe le dimanche\u00a0\u00bb<\/p>\n<p>S\u2019ils ont r\u00e9ussi \u00e0 faire appliquer une <a href=\"https:\/\/www.leprogres.fr\/politique\/2023\/11\/17\/le-service-public-a-lyon-est-menace-la-ville-annonce-une-nouvelle-revalorisation-salariale-pour-ses-agents-en-2024\" target=\"_blank\" rel=\"noopener\">d\u00e9cision du conseil municipal \u00e9cologiste<\/a>, datant de 2024, visant \u00e0 augmenter de 6\u20ac la majoration de leurs heures de nuit, de nombreux points restent \u00e0 d\u00e9battre. \u00ab\u00a0La direction du service envisage de supprimer le jour de repos fixe le dimanche dans une r\u00e9vision expresse du r\u00e8glement int\u00e9rieur, ce qui permettrait d\u2019y planifier les agents sans les payer en heures suppl\u00e9mentaires. En plus de ne pas pouvoir planifier leur vie personnelle, cela\u00a0repr\u00e9sente une perte de 10 \u00e0 15\u00a0% de leur r\u00e9mun\u00e9ration\u00a0\u00bb, pr\u00e9cise la CGT dans son communiqu\u00e9.<\/p>\n<p>  \u00ab\u00a0Une rencontre impossible avant la fin de l\u2019ann\u00e9e\u00a0\u00bb<\/p>\n<p>Mais en rompant le dialogue \u00ab\u00a0arguant\u00a0qu\u2019il \u00e9tait impossible d\u2019organiser une rencontre avant la fin de l\u2019ann\u00e9e, (la derni\u00e8re date de fin octobre NDLR), la Ville s\u2019est coup\u00e9e de ceux qui, \u00ab\u00a0toute l\u2019ann\u00e9e assurent l\u2019entretien et la mise \u00e0 disposition aux acteurs culturels lyonnais, \u00e9coles, associations et autres artistes nationaux des salles municipales culturelles\u00a0\u00bb. La CGT pr\u00e9f\u00e8re d\u2019ores et d\u00e9j\u00e0 pr\u00e9venir\u00a0: \u00ab\u00a0Les\u00a0usagers qui auraient des places pour des spectacles se produisant dans les salles municipales (Op\u00e9ra, salle Albert-Thomas le 31\u00a0d\u00e9cembre qu\u2019ils risquent de trouver porte close.\u00a0\u00bb<\/p>\n<p><a href=\"https:\/\/www.leprogres.fr\/faits-divers-justice\/2025\/11\/26\/les-policiers-municipaux-menacent-d-une-greve-pendant-la-fete-des-lumieres\" target=\"_blank\" rel=\"noopener\">Les pompiers<\/a> et <a href=\"https:\/\/www.leprogres.fr\/social\/2025\/12\/19\/finalement-les-policiers-municipaux-de-lyon-ne-manifesteront-pas-la-veille-de-noel\" target=\"_blank\" rel=\"noopener\">policiers qui, eux aussi, avaient, un temps, envisag\u00e9 une gr\u00e8ve<\/a> ce jour-l\u00e0 semblent avoir lev\u00e9 le risque.<\/p>\n","protected":false},"excerpt":{"rendered":"Ils en avaient prof\u00e9r\u00e9 la menace le 22\u00a0octobre dernier. Ce vendredi 26\u00a0d\u00e9cembre, un communiqu\u00e9 de la CGT Ville&hellip;\n","protected":false},"author":2,"featured_media":626155,"comment_status":"","ping_status":"","sticky":false,"template":"","format":"standard","meta":{"footnotes":""},"categories":[1889],"tags":[1111,11,2430,9671,2757,1777,674,1011,27,2428,2756,12,25,2429,801],"class_list":{"0":"post-626154","1":"post","2":"type-post","3":"status-publish","4":"format-standard","5":"has-post-thumbnail","7":"category-lyon","8":"tag-actu","9":"tag-actualites","10":"tag-auvergne-rhone-alpes","11":"tag-conflit-social","12":"tag-edition-lyon-villeurbanne","13":"tag-eu","14":"tag-europe","15":"tag-fr","16":"tag-france","17":"tag-lyon","18":"tag-lyon-bassin","19":"tag-news","20":"tag-republique-francaise","21":"tag-rhone","22":"tag-social"},"share_on_mastodon":{"url":"https:\/\/pubeurope.com\/@fr\/115794491635332509","error":""},"_links":{"self":[{"href":"https:\/\/www.europesays.com\/fr\/wp-json\/wp\/v2\/posts\/626154","targetHints":{"allow":["GET"]}}],"collection":[{"href":"https:\/\/www.europesays.com\/fr\/wp-json\/wp\/v2\/posts"}],"about":[{"href":"https:\/\/www.europesays.com\/fr\/wp-json\/wp\/v2\/types\/post"}],"author":[{"embeddable":true,"href":"https:\/\/www.europesays.com\/fr\/wp-json\/wp\/v2\/users\/2"}],"replies":[{"embeddable":true,"href":"https:\/\/www.europesays.com\/fr\/wp-json\/wp\/v2\/comments?post=626154"}],"version-history":[{"count":0,"href":"https:\/\/www.europesays.com\/fr\/wp-json\/wp\/v2\/posts\/626154\/revisions"}],"wp:featuredmedia":[{"embeddable":true,"href":"https:\/\/www.europesays.com\/fr\/wp-json\/wp\/v2\/media\/626155"}],"wp:attachment":[{"href":"https:\/\/www.europesays.com\/fr\/wp-json\/wp\/v2\/media?parent=626154"}],"wp:term":[{"taxonomy":"category","embeddable":true,"href":"https:\/\/www.europesays.com\/fr\/wp-json\/wp\/v2\/categories?post=626154"},{"taxonomy":"post_tag","embeddable":true,"href":"https:\/\/www.europesays.com\/fr\/wp-json\/wp\/v2\/tags?post=626154"}],"curies":[{"name":"wp","href":"https:\/\/api.w.org\/{rel}","templated":true}]}}