{"id":626158,"date":"2025-12-28T01:06:19","date_gmt":"2025-12-28T01:06:19","guid":{"rendered":"https:\/\/www.europesays.com\/fr\/626158\/"},"modified":"2025-12-28T01:06:19","modified_gmt":"2025-12-28T01:06:19","slug":"paris-encore-un-feu-dartifice-tire-illegalement-au-trocadero-40-interpellations","status":"publish","type":"post","link":"https:\/\/www.europesays.com\/fr\/626158\/","title":{"rendered":"Paris\u00a0: encore un feu d\u2019artifice tir\u00e9 ill\u00e9galement au Trocad\u00e9ro, 40 interpellations"},"content":{"rendered":"<p class=\"paragraph text_align_left lp-f-body-02\">Un acte totalement ill\u00e9gal. Les forces de l\u2019ordre ont interpell\u00e9 40 personnes ce samedi soir apr\u00e8s des tirs de feu d\u2019artifice depuis <a href=\"https:\/\/www.leparisien.fr\/paris-75\/paris-circulation-pleine-en-fer-a-cheval-la-place-du-trocadero-trouvera-t-elle-un-jour-son-modele-05-02-2025-QYOCH6YKSFGGXOA5MEXPTOOE6A.php\" target=\"_blank\" rel=\"noreferrer noopener\">l\u2019esplanade du Trocad\u00e9ro<\/a>, dans le XVIe arrondissement, a annonc\u00e9 la pr\u00e9fecture de police de Paris aupr\u00e8s du Parisien. Une enqu\u00eate a \u00e9t\u00e9 ouverte.<\/p>\n<p class=\"\">Les faits se sont produits aux alentours de 20h50 ce samedi. Les policiers \u00ab ont d\u00e9tect\u00e9 sur les images de vid\u00e9oprotection l\u2019usage par un groupe d\u2019individus de fumig\u00e8nes et de feux d\u2019artifice Place de Varsovie et Esplanade du Trocad\u00e9ro \u00bb, rapporte la pr\u00e9fecture de police.<\/p>\n<p class=\"\">Les forces de l\u2019ordre \u00ab se sont imm\u00e9diatement rendu(e)s sur les lieux et ont proc\u00e9d\u00e9 \u00e0 40 interpellations \u00bb, poursuit la pr\u00e9fecture de police.<\/p>\n<p>Le deuxi\u00e8me feu d\u2019artifice en un mois<\/p>\n<p class=\"\">Les autorit\u00e9s pr\u00e9cisent qu\u2019une enqu\u00eate a \u00e9t\u00e9 ouverte pour faire faire la lumi\u00e8re sur les faits. L\u2019incident n\u2019a fait aucun bless\u00e9.<\/p>\n<p class=\"title-embed-dailymotion lp-color-text lp-f-subtitle-04\">Vid\u00e9oParis : une enqu\u00eate ouverte apr\u00e8s les feux d\u2019artifice tir\u00e9s par Loris Giuliano<\/p>\n<p class=\"\">C\u2019est la seconde fois en seulement quelques semaines qu\u2019un tel feu d\u2019artifice est organis\u00e9 au sein de la capitale. Le 13 d\u00e9cembre, <a href=\"https:\/\/www.leparisien.fr\/paris-75\/paris-75016\/paris-un-impressionnant-feu-dartifice-tire-par-le-videaste-loris-giuliano-au-trocadero-la-mairie-annonce-louverture-dune-enquete-13-12-2025-I4XC3Z6QBFHOBIAPZXLB7G2VPA.php\" target=\"_blank\" rel=\"noopener\">le vid\u00e9aste Loris Giuliano a lui aussi organis\u00e9 un feu d\u2019artifice<\/a> sauvage pr\u00e8s du Trocad\u00e9ro, afin de faire la promotion de son documentaire sur le club de football de Naples. Les images avaient alors fait le tour des r\u00e9seaux sociaux. Une enqu\u00eate pour \u00ab mise en danger de la vie d\u2019autrui \u00bb a \u00e9t\u00e9 ouverte. Aucune interpellation n\u2019avait \u00e9t\u00e9 r\u00e9alis\u00e9e.<\/p>\n","protected":false},"excerpt":{"rendered":"Un acte totalement ill\u00e9gal. Les forces de l\u2019ordre ont interpell\u00e9 40 personnes ce samedi soir apr\u00e8s des tirs&hellip;\n","protected":false},"author":2,"featured_media":626159,"comment_status":"","ping_status":"","sticky":false,"template":"","format":"standard","meta":{"footnotes":""},"categories":[1888],"tags":[1111,1928,11,1927,1777,674,118,1011,27,1944,12,1926,626,1925,25],"class_list":{"0":"post-626158","1":"post","2":"type-post","3":"status-publish","4":"format-standard","5":"has-post-thumbnail","7":"category-paris","8":"tag-actu","9":"tag-actu-paris","10":"tag-actualites","11":"tag-actualites-paris","12":"tag-eu","13":"tag-europe","14":"tag-faits-divers","15":"tag-fr","16":"tag-france","17":"tag-ma-ville","18":"tag-news","19":"tag-news-paris","20":"tag-paris","21":"tag-paris-news","22":"tag-republique-francaise"},"share_on_mastodon":{"url":"https:\/\/pubeurope.com\/@fr\/115794515310261390","error":""},"_links":{"self":[{"href":"https:\/\/www.europesays.com\/fr\/wp-json\/wp\/v2\/posts\/626158","targetHints":{"allow":["GET"]}}],"collection":[{"href":"https:\/\/www.europesays.com\/fr\/wp-json\/wp\/v2\/posts"}],"about":[{"href":"https:\/\/www.europesays.com\/fr\/wp-json\/wp\/v2\/types\/post"}],"author":[{"embeddable":true,"href":"https:\/\/www.europesays.com\/fr\/wp-json\/wp\/v2\/users\/2"}],"replies":[{"embeddable":true,"href":"https:\/\/www.europesays.com\/fr\/wp-json\/wp\/v2\/comments?post=626158"}],"version-history":[{"count":0,"href":"https:\/\/www.europesays.com\/fr\/wp-json\/wp\/v2\/posts\/626158\/revisions"}],"wp:featuredmedia":[{"embeddable":true,"href":"https:\/\/www.europesays.com\/fr\/wp-json\/wp\/v2\/media\/626159"}],"wp:attachment":[{"href":"https:\/\/www.europesays.com\/fr\/wp-json\/wp\/v2\/media?parent=626158"}],"wp:term":[{"taxonomy":"category","embeddable":true,"href":"https:\/\/www.europesays.com\/fr\/wp-json\/wp\/v2\/categories?post=626158"},{"taxonomy":"post_tag","embeddable":true,"href":"https:\/\/www.europesays.com\/fr\/wp-json\/wp\/v2\/tags?post=626158"}],"curies":[{"name":"wp","href":"https:\/\/api.w.org\/{rel}","templated":true}]}}