{"id":626160,"date":"2025-12-28T01:07:15","date_gmt":"2025-12-28T01:07:15","guid":{"rendered":"https:\/\/www.europesays.com\/fr\/626160\/"},"modified":"2025-12-28T01:07:15","modified_gmt":"2025-12-28T01:07:15","slug":"sur-notre-rugby-on-est-en-difficulte-reconnait-le-manager-de-laviron-bayonnais","status":"publish","type":"post","link":"https:\/\/www.europesays.com\/fr\/626160\/","title":{"rendered":"\u00abSur notre rugby, on est en difficult\u00e9\u00bb, reconna\u00eet le manager de l\u2019Aviron Bayonnais"},"content":{"rendered":"<p>\n    Apr\u00e8s leur large revers conc\u00e9d\u00e9 chez les Rochelais, les Basques ont sign\u00e9 un 21e succ\u00e8s de rang \u00e0 domicile, ce samedi, face aux Parisiens (35-34).<\/p>\n<p class=\"fig-paragraph\">Un essai de Lucas Paulos, suivi d\u2019une transformation de Joris Segonds \u00e0 l\u2019ultime minute, a permis \u00e0\u00a0<a href=\"http:\/\/www.lefigaro.fr\/sports\/rugby\/top-14\/top-14-au-terme-d-un-superbe-mano-a-mano-bayonne-s-impose-contre-le-stade-francais-et-reste-invaincu-a-jean-dauger-20251227\" data-fig-type=\"NewsFlash\" data-gtm-custom-categorie=\"navigation\" data-gtm-custom-action=\"crossclick\" data-gtm-custom-label=\"Contextuel\" data-gtm-event=\"customEventSPE\" data-fig-domain=\"LEFIGARO\" target=\"_blank\" rel=\"noopener\">Bayonne de s\u2019imposer sur le fil devant le Stade Fran\u00e7ais (35-34)<\/a>\u00a0et de pr\u00e9server son invincibilit\u00e9 \u00e0 Jean-Dauger, pass\u00e9 par tous les sentiments samedi. L\u2019Aviron, moribond \u00e0 l\u2019ext\u00e9rieur depuis plusieurs mois, est pass\u00e9 tout pr\u00e8s d\u2019une d\u00e9convenue qui aurait pu marquer en interne, entre staff et direction, pas vraiment sur la m\u00eame longueur d\u2019onde.<\/p>\n<p class=\"fig-paragraph\"><a href=\"http:\/\/www.lefigaro.fr\/sports\/rugby\/top-14\/top-14-gregory-patat-restera-manager-de-bayonne-jusqu-en-2028-20250902\" data-fig-type=\"NewsFlash\" data-gtm-custom-categorie=\"navigation\" data-gtm-custom-action=\"crossclick\" data-gtm-custom-label=\"Contextuel\" data-gtm-event=\"customEventSPE\" data-fig-domain=\"LEFIGARO\" target=\"_blank\" rel=\"noopener\">Gr\u00e9gory Patat<\/a>, le manager de Bayonne, a reconnu que \u00abcela fait beaucoup de bien car sur notre rugby, on est en difficult\u00e9. On a du mal \u00e0 \u00eatre r\u00e9gulier dans la performance. Il fallait du contenu aujourd\u2019hui pour aller chercher la victoire. On a respect\u00e9 le maillot avec beaucoup de fiert\u00e9 et de caract\u00e8re\u00bb.<\/p>\n<p>                                            <a class=\"fig-a11y-skip\" href=\"#fig-a11y-skip-main-inarticle\" data-module=\"a11y-skip\" data-context=\"was @visible\"><br \/>\n    Passer la publicit\u00e9<br \/>\n<\/a>            <\/p>\n<p class=\"fig-paragraph\">De son c\u00f4t\u00e9, le troisi\u00e8me-ligne parisien Mathieu Hirigoyen a d\u00e9clar\u00e9\u00a0: \u00abForc\u00e9ment on est d\u00e9\u00e7us sur les petits d\u00e9tails, on n\u2019a pas \u00e9t\u00e9 assez consistant pendant tout le match, surtout en premi\u00e8re p\u00e9riode o\u00f9 on a pris des points tr\u00e8s facilement. On \u00e9tait dans le bras de fer, l\u00e0 on voulait \u00eatre et malheureusement il nous manque ces petits d\u00e9tails pour \u00eatre une grande \u00e9quipe.\u00bb<\/p>\n","protected":false},"excerpt":{"rendered":"Apr\u00e8s leur large revers conc\u00e9d\u00e9 chez les Rochelais, les Basques ont sign\u00e9 un 21e succ\u00e8s de rang \u00e0&hellip;\n","protected":false},"author":2,"featured_media":626161,"comment_status":"","ping_status":"","sticky":false,"template":"","format":"standard","meta":{"footnotes":""},"categories":[1888],"tags":[1111,1928,11,1927,4736,1777,674,1011,27,12,1926,626,1925,25,2558],"class_list":{"0":"post-626160","1":"post","2":"type-post","3":"status-publish","4":"format-standard","5":"has-post-thumbnail","7":"category-paris","8":"tag-actu","9":"tag-actu-paris","10":"tag-actualites","11":"tag-actualites-paris","12":"tag-aviron-bayonnais","13":"tag-eu","14":"tag-europe","15":"tag-fr","16":"tag-france","17":"tag-news","18":"tag-news-paris","19":"tag-paris","20":"tag-paris-news","21":"tag-republique-francaise","22":"tag-stade-francais"},"share_on_mastodon":{"url":"https:\/\/pubeurope.com\/@fr\/115794519353436476","error":""},"_links":{"self":[{"href":"https:\/\/www.europesays.com\/fr\/wp-json\/wp\/v2\/posts\/626160","targetHints":{"allow":["GET"]}}],"collection":[{"href":"https:\/\/www.europesays.com\/fr\/wp-json\/wp\/v2\/posts"}],"about":[{"href":"https:\/\/www.europesays.com\/fr\/wp-json\/wp\/v2\/types\/post"}],"author":[{"embeddable":true,"href":"https:\/\/www.europesays.com\/fr\/wp-json\/wp\/v2\/users\/2"}],"replies":[{"embeddable":true,"href":"https:\/\/www.europesays.com\/fr\/wp-json\/wp\/v2\/comments?post=626160"}],"version-history":[{"count":0,"href":"https:\/\/www.europesays.com\/fr\/wp-json\/wp\/v2\/posts\/626160\/revisions"}],"wp:featuredmedia":[{"embeddable":true,"href":"https:\/\/www.europesays.com\/fr\/wp-json\/wp\/v2\/media\/626161"}],"wp:attachment":[{"href":"https:\/\/www.europesays.com\/fr\/wp-json\/wp\/v2\/media?parent=626160"}],"wp:term":[{"taxonomy":"category","embeddable":true,"href":"https:\/\/www.europesays.com\/fr\/wp-json\/wp\/v2\/categories?post=626160"},{"taxonomy":"post_tag","embeddable":true,"href":"https:\/\/www.europesays.com\/fr\/wp-json\/wp\/v2\/tags?post=626160"}],"curies":[{"name":"wp","href":"https:\/\/api.w.org\/{rel}","templated":true}]}}