{"id":626172,"date":"2025-12-28T01:13:19","date_gmt":"2025-12-28T01:13:19","guid":{"rendered":"https:\/\/www.europesays.com\/fr\/626172\/"},"modified":"2025-12-28T01:13:19","modified_gmt":"2025-12-28T01:13:19","slug":"kate-et-charlotte-au-piano-un-clin-doeil-et-une-merveilleuse-coincidence","status":"publish","type":"post","link":"https:\/\/www.europesays.com\/fr\/626172\/","title":{"rendered":"Kate et Charlotte au piano : un clin d&rsquo;oeil et une \u00ab\u00a0merveilleuse co\u00efncidence\u00a0\u00bb"},"content":{"rendered":"<p>Un duo \u00e9mouvant et surtout inattendu. Ce mardi 24 d\u00e9cembre, la cha\u00eene britannique ITV1 retransmettait le traditionnel concert \u201cTogether at Christmas\u201d, <a target=\"_blank\" href=\"https:\/\/www.pointdevue.fr\/royal\/royaume-uni\/george-charlotte-et-louis-chics-et-complices-au-concert-de-noel-de-kate\" rel=\"noopener\">enregistr\u00e9 plus t\u00f4t le 5 d\u00e9cembre dernier<\/a> \u00e0 l\u2019abbaye de Westminster. Et si ce concert, organis\u00e9 par la <a target=\"_blank\" href=\"https:\/\/www.pointdevue.fr\/grand-angle\/biographies\/kate-middleton\" rel=\"noopener\">princesse de Galles<\/a>, a lieu tous les ans depuis 2021, cette nouvelle \u00e9dition a toutefois r\u00e9serv\u00e9 une surprise \u00e0 ses plus fid\u00e8les t\u00e9l\u00e9spectateurs : la diffusion d&rsquo;un extrait in\u00e9dit au cours duquel on voit la <a target=\"_blank\" href=\"https:\/\/www.pointdevue.fr\/grand-angle\/biographies\/princesse-charlotte\" rel=\"noopener\">princesse Charlotte<\/a> jouer un morceau \u00e0 quatre mains aux c\u00f4t\u00e9s de sa m\u00e8re, la princesse Kate. Plus pr\u00e9cis\u00e9ment, le morceau \u00e9tait jou\u00e9 par la main gauche de Kate et la main droite de sa fille.<\/p>\n<p>Quelques jours plus tard, le compositeur de la m\u00e9lodie en question, l\u2019\u00c9cossais Erland Cooper, s\u2019est confi\u00e9 \u00e0 l\u2019\u00e9mission BBC Breakfast sur sa surprise en apprenant que les deux princesses interpr\u00e8teraient sa pi\u00e8ce, Holm Sound, et qu&rsquo;il \u00e9tait invit\u00e9 au ch\u00e2teau de Windsor pour le tournage de la s\u00e9quence. \u201cJ\u2019avais discut\u00e9 avec la princesse Catherine plus t\u00f4t dans l\u2019ann\u00e9e et je savais qu\u2019elle aimait jouer ce morceau de musique en famille\u201d, a-t-il commenc\u00e9. \u201cJe n\u2019ai pas eu besoin de leur donner des instructions, elles \u00e9taient si dou\u00e9es.\u201d<\/p>\n<p>Si Erland Cooper a reconnu que jouer un morceau de musique devant une \u00e9quipe de tournage et la personne qui l&rsquo;a compos\u00e9 en m\u00eame temps pouvait s\u2019av\u00e9rer stressant \u201cpour n\u2019importe qui\u201d, le musicien a admis avoir \u00e9t\u00e9 impressionn\u00e9 par la prestation de la jeune princesse Charlotte. Il l&rsquo;a d\u00e9crite comme \u201ctr\u00e8s s\u00fbre d\u2019elle\u201d et a m\u00eame ajout\u00e9 qu\u2019elle jouait \u201cmagnifiquement du piano\u201d.<\/p>\n<p>Une \u201cmerveilleuse co\u00efncidence\u201d<\/p>\n<p>Quant \u00e0 la m\u00e9lodie, elle s&rsquo;est r\u00e9v\u00e9l\u00e9e, sans pr\u00e9m\u00e9ditation, un clin d&rsquo;\u0153il au duo qui l\u2019a interpr\u00e9t\u00e9e. \u00c9crit \u00e0 l\u2019origine pour la m\u00e8re du compositeur, elle aussi pr\u00e9nomm\u00e9e Charlotte, le morceau parle en fait de maternit\u00e9. \u201cC\u2019est une merveilleuse co\u00efncidence, a-t-il d\u00e9clar\u00e9. Cela parle de la fa\u00e7on dont nous voyons nos parents \u00e0 travers les yeux de nos enfants, et lorsque vous regardez votre m\u00e8re et votre grand-m\u00e8re, vous voyez aussi vos enfants. Il s\u2019agit de ce moment o\u00f9 tout se boucle, et c\u2019est une \u0153uvre sur la maternit\u00e9.\u201d Un beau moment de complicit\u00e9 qui montre qu\u2019\u00e0 10 ans, la princesse Charlotte semble d\u00e9j\u00e0 suivre les traces de sa m\u00e8re.<\/p>\n<p>Lire aussi &gt;&gt; <a target=\"_blank\" href=\"https:\/\/www.pointdevue.fr\/royal\/royaume-uni\/kate-au-piano-avec-charlotte-la-sequence-inedite-du-together-at-christmas-2025\" rel=\"noopener\">Kate au piano avec Charlotte : la s\u00e9quence in\u00e9dite du Together at Christmas 2025<\/a>\u00a0<\/p>\n<p><a href=\"https:\/\/www.pointdevue.fr\/quiz-royal?utm_source=edito&amp;utm_medium=inside_article&amp;utm_campaign=QUIZROYAL\" target=\"_blank\" rel=\"noopener\"><img decoding=\"async\" src=\"https:\/\/www.europesays.com\/fr\/wp-content\/uploads\/2025\/12\/605x385GUOAXudAF3.jpg\" alt=\"Testez votre expertise royaut\u00e9\"\/><\/a><strong>Testez votre expertise royaut\u00e9 et tentez de remporter de nombreux lots.<\/strong> \u00a9 Point de Vue<\/p>\n","protected":false},"excerpt":{"rendered":"Un duo \u00e9mouvant et surtout inattendu. Ce mardi 24 d\u00e9cembre, la cha\u00eene britannique ITV1 retransmettait le traditionnel concert&hellip;\n","protected":false},"author":2,"featured_media":624777,"comment_status":"","ping_status":"","sticky":false,"template":"","format":"standard","meta":{"footnotes":""},"categories":[1588],"tags":[11,1777,674,12,473,1853,1851,1850,1852],"class_list":{"0":"post-626172","1":"post","2":"type-post","3":"status-publish","4":"format-standard","5":"has-post-thumbnail","7":"category-royaume-uni","8":"tag-actualites","9":"tag-eu","10":"tag-europe","11":"tag-news","12":"tag-royaume-uni","13":"tag-royaume-uni-de-grande-bretagne-et-dirlande-du-nord","14":"tag-uk","15":"tag-united-kingdom","16":"tag-united-kingdom-of-great-britain-and-northern-ireland"},"share_on_mastodon":{"url":"https:\/\/pubeurope.com\/@fr\/115794543927349569","error":""},"_links":{"self":[{"href":"https:\/\/www.europesays.com\/fr\/wp-json\/wp\/v2\/posts\/626172","targetHints":{"allow":["GET"]}}],"collection":[{"href":"https:\/\/www.europesays.com\/fr\/wp-json\/wp\/v2\/posts"}],"about":[{"href":"https:\/\/www.europesays.com\/fr\/wp-json\/wp\/v2\/types\/post"}],"author":[{"embeddable":true,"href":"https:\/\/www.europesays.com\/fr\/wp-json\/wp\/v2\/users\/2"}],"replies":[{"embeddable":true,"href":"https:\/\/www.europesays.com\/fr\/wp-json\/wp\/v2\/comments?post=626172"}],"version-history":[{"count":0,"href":"https:\/\/www.europesays.com\/fr\/wp-json\/wp\/v2\/posts\/626172\/revisions"}],"wp:featuredmedia":[{"embeddable":true,"href":"https:\/\/www.europesays.com\/fr\/wp-json\/wp\/v2\/media\/624777"}],"wp:attachment":[{"href":"https:\/\/www.europesays.com\/fr\/wp-json\/wp\/v2\/media?parent=626172"}],"wp:term":[{"taxonomy":"category","embeddable":true,"href":"https:\/\/www.europesays.com\/fr\/wp-json\/wp\/v2\/categories?post=626172"},{"taxonomy":"post_tag","embeddable":true,"href":"https:\/\/www.europesays.com\/fr\/wp-json\/wp\/v2\/tags?post=626172"}],"curies":[{"name":"wp","href":"https:\/\/api.w.org\/{rel}","templated":true}]}}