{"id":626177,"date":"2025-12-28T01:17:20","date_gmt":"2025-12-28T01:17:20","guid":{"rendered":"https:\/\/www.europesays.com\/fr\/626177\/"},"modified":"2025-12-28T01:17:20","modified_gmt":"2025-12-28T01:17:20","slug":"le-conseil-municipal-des-jeunes-de-eu-accueille-de-nouveaux-elus","status":"publish","type":"post","link":"https:\/\/www.europesays.com\/fr\/626177\/","title":{"rendered":"Le conseil municipal des jeunes de Eu accueille de nouveaux \u00e9lus"},"content":{"rendered":"<p>                    Par<br \/>\n        <strong><br \/>\n            <a href=\"https:\/\/actu.fr\/auteur\/jerome-buresi\" title=\"Consulter tous les articles de J\u00e9r\u00f4me Buresi\" target=\"_blank\" rel=\"noopener\">J\u00e9r\u00f4me Buresi<\/a><br \/>\n                    <\/strong><\/p>\n<p>        Publi\u00e9 le<\/p>\n<p>            27 d\u00e9c. 2025 \u00e0 20h06        <\/p>\n<p>C\u2019\u00e9tait un grand moment pour les jeunes participants : l\u2019installation du nouveau <b>conseil municipal des jeunes <\/b>de la ville d\u2019<a href=\"https:\/\/actu.fr\/normandie\/eu_76255\" target=\"_blank\" rel=\"noopener\">Eu<\/a>, en Seine-Maritime, pour l\u2019ann\u00e9e scolaire 2025-2026. Jeudi 18 d\u00e9cembre 2025, tout le monde \u00e9tait r\u00e9uni \u00e0 la salle du Carrosse apr\u00e8s les \u00e9lections qui ont eu lieu dans les \u00e9tablissements scolaires.<\/p>\n<p class=\" wall-content\">Ce conseil est constitu\u00e9 de 16 jeunes \u00e9lus, de 4 \u00e9lus du conseil municipal des adultes et d\u2019un agent de la ville.<\/p>\n<p class=\" wall-content\"><b>Michel Barbier<\/b>, le maire, a d\u00e9crit : \u00ab C\u2019est un nouveau conseil municipal des jeunes parce que sept \u00e9lus nous rejoignent. Il est aussi nouveau parce qu\u2019il s\u2019agrandit et accueille d\u00e9sormais les \u00e9l\u00e8ves de 5e, 4e et 3e des coll\u00e8ges publics et priv\u00e9s de la commune \u00bb.\u00a0Cette composition \u00e9largie apportera, selon le maire, \u00ab encore plus d\u2019id\u00e9es et encore plus d\u2019\u00e9nergie\u00bb.<\/p>\n<p>Proposer des id\u00e9es<\/p>\n<p class=\" wall-content\">Il a incit\u00e9 les jeunes \u00e9lus \u00e0 \u00eatre curieux, audacieux et cr\u00e9atifs. \u00ab Vous allez pouvoir donner votre avis, proposer des id\u00e9es et passer \u00e0 l\u2019action. Vos projets pourront am\u00e9liorer la vie locale, dans des domaines qui vous concernent directement. La municipalit\u00e9 sera \u00e0 votre \u00e9coute et vous accompagnera, dans la mesure du possible et du budget \u00bb.<\/p>\n<p class=\" wall-content\">C\u2019est devant leurs proches que les nouveaux \u00e9lus ont re\u00e7u leur \u00e9charpe, une m\u00e9daille, un pin\u2019s, un livre du jeune citoyen et un livret d\u2019accueil au sein du conseil municipal des jeunes. Avec timidit\u00e9, certains jeunes ont souhait\u00e9 prendre la parole pour \u00e9voquer leur engagement ou souhaiter la bienvenue aux nouveaux.<\/p>\n<p>Vid\u00e9os : en ce moment sur ActuQui sont les \u00e9lus ?\u00a0<\/p>\n<p class=\" wall-content\">Les jeunes \u00e9lus sont Louna Paveau, Clara Bouchez, Giovanni Demouchy, Ma\u00ebl Delhomel, Isabelle Lozada, Lisa-Rose Lavoine, Nathael Bricot, Ma\u00e9lyne Briet, Thiago Bronchart, L\u00e9o Gricourt, Lily Mopin, Martin Forestier, Loris Gricourt, Clo\u00e9 Bouchez, Mathys Belleville et Aron Outrebon.<\/p>\n<p class=\" wall-content\">Personnalisez votre actualit\u00e9 en ajoutant vos villes et m\u00e9dias en favori avec <a href=\"https:\/\/moncompte.actu.fr\" title=\"D\u00e9couvez Mon Actu\" rel=\"nofollow noopener\" data-trk=\"{&quot;cta&quot;:{&quot;action&quot;:&quot;https:\\\/\\\/moncompte.actu.fr&quot;,&quot;category&quot;:&quot;mon compte&quot;,&quot;from&quot;:&quot;article footer&quot;,&quot;name&quot;:&quot;Mon actu&quot;,&quot;type&quot;:&quot;cta&quot;}}\" target=\"_blank\">Mon Actu<\/a>.<\/p>\n","protected":false},"excerpt":{"rendered":"Par J\u00e9r\u00f4me Buresi Publi\u00e9 le 27 d\u00e9c. 2025 \u00e0 20h06 C\u2019\u00e9tait un grand moment pour les jeunes participants&hellip;\n","protected":false},"author":2,"featured_media":626178,"comment_status":"","ping_status":"","sticky":false,"template":"","format":"standard","meta":{"footnotes":""},"categories":[1586],"tags":[11,1777,674,1779,1011,27,8973,12,316,25,1778,364,3587],"class_list":{"0":"post-626177","1":"post","2":"type-post","3":"status-publish","4":"format-standard","5":"has-post-thumbnail","7":"category-europe","8":"tag-actualites","9":"tag-eu","10":"tag-europe","11":"tag-european-union","12":"tag-fr","13":"tag-france","14":"tag-michel-barbier","15":"tag-news","16":"tag-politique","17":"tag-republique-francaise","18":"tag-ue","19":"tag-union-europeenne","20":"tag-villes-soeurs"},"share_on_mastodon":{"url":"https:\/\/pubeurope.com\/@fr\/115794558610020157","error":""},"_links":{"self":[{"href":"https:\/\/www.europesays.com\/fr\/wp-json\/wp\/v2\/posts\/626177","targetHints":{"allow":["GET"]}}],"collection":[{"href":"https:\/\/www.europesays.com\/fr\/wp-json\/wp\/v2\/posts"}],"about":[{"href":"https:\/\/www.europesays.com\/fr\/wp-json\/wp\/v2\/types\/post"}],"author":[{"embeddable":true,"href":"https:\/\/www.europesays.com\/fr\/wp-json\/wp\/v2\/users\/2"}],"replies":[{"embeddable":true,"href":"https:\/\/www.europesays.com\/fr\/wp-json\/wp\/v2\/comments?post=626177"}],"version-history":[{"count":0,"href":"https:\/\/www.europesays.com\/fr\/wp-json\/wp\/v2\/posts\/626177\/revisions"}],"wp:featuredmedia":[{"embeddable":true,"href":"https:\/\/www.europesays.com\/fr\/wp-json\/wp\/v2\/media\/626178"}],"wp:attachment":[{"href":"https:\/\/www.europesays.com\/fr\/wp-json\/wp\/v2\/media?parent=626177"}],"wp:term":[{"taxonomy":"category","embeddable":true,"href":"https:\/\/www.europesays.com\/fr\/wp-json\/wp\/v2\/categories?post=626177"},{"taxonomy":"post_tag","embeddable":true,"href":"https:\/\/www.europesays.com\/fr\/wp-json\/wp\/v2\/tags?post=626177"}],"curies":[{"name":"wp","href":"https:\/\/api.w.org\/{rel}","templated":true}]}}