{"id":626186,"date":"2025-12-28T01:24:32","date_gmt":"2025-12-28T01:24:32","guid":{"rendered":"https:\/\/www.europesays.com\/fr\/626186\/"},"modified":"2025-12-28T01:24:32","modified_gmt":"2025-12-28T01:24:32","slug":"wta-leolia-jeanjean-kiffe-sa-vie-de-top-100-cest-un-autre-monde-tu-croises-les-legendes-daujourdhui-alcaraz-sinner-zverev-et-chez-les-filles-pegula-gauff","status":"publish","type":"post","link":"https:\/\/www.europesays.com\/fr\/626186\/","title":{"rendered":"WTA > L\u00e9olia Jeanjean kiffe sa vie de top 100 : \u00ab\u00a0C&rsquo;est un autre monde, tu croises les l\u00e9gendes d\u2019aujourd\u2019hui : Alcaraz, Sinner, Zverev\u2026 et chez les filles, Pegula, Gauff\u2026\u00a0Tu essaies vraiment de te sentir l\u00e9gitime : pas te dire \u201cje suis l\u00e0 par un coup de chance\u201d."},"content":{"rendered":"<p>Apr\u00e8s la longue et riche inter\u00adview de Guy Forget, nos confr\u00e8res de <strong><a href=\"https:\/\/www.tennisactu.net\/news-interview-leolia-jeanjean-30-ans-la-je-peux-mettre-de-l-argent-de-cote-120840.html\" data-wpel-link=\"external\" target=\"_blank\" rel=\"nofollow external noopener\">TennisActu<\/a><\/strong> remette le couvert avec la tr\u00e8s sympa\u00adthique L\u00e9olia Jeanjean. <a href=\"https:\/\/www.tennisactu.net\/news-interview-leolia-jeanjean-30-ans-la-je-peux-mettre-de-l-argent-de-cote-120840.html\" data-wpel-link=\"external\" target=\"_blank\" rel=\"nofollow external noopener\">Lors de son entre\u00adtien,<\/a> elle \u00e9voque son nouveau statut qui a chang\u00e9 sa vie alors qu\u2019elle est pass\u00e9 tout juste au \u00ab\u202fcut\u202f\u00bb pour avoir sa place dans le grand tableau de l\u2019Open d\u2019Australie.<\/p>\n<p><strong>\u00ab\u202fC\u2019est un autre monde. Montr\u00e9al, c\u2019\u00e9tait la premi\u00e8re fois que j\u2019allais au Canada, en plus j\u2019ai kiff\u00e9.\u00a0Cincinnati, ils ont investi, je crois, 250 millions, un truc comme \u00e7a\u00a0: le tournoi est magni\u00adfique, tout est neuf. \u00c7a donne envie. Tu sens que tu es sur le vrai circuit, avec les plus grands joueurs. Tu croises les l\u00e9gendes d\u2019aujourd\u2019hui\u00a0: Alcaraz, Sinner, Zverev\u2026 et chez les filles, Pegula, Gauff\u2026\u00a0Tu essaies vrai\u00adment de te sentir l\u00e9gi\u00adtime\u00a0: pas te dire \u201cje suis l\u00e0 par un coup de chance\u201d. Non\u00a0: je suis l\u00e0 parce que je m\u00e9rite d\u2019\u00eatre l\u00e0. Et pour\u00adquoi pas moi aussi, bien\u00a0jouer\u202f\u00bb<\/strong><\/p>\n<p class=\"post-published-date\" style=\"color: silver; font-size: 75%; text-align: left;\">Publi\u00e9 le jeudi 25 d\u00e9cembre 2025 \u00e0 15:23<\/p>\n","protected":false},"excerpt":{"rendered":"Apr\u00e8s la longue et riche inter\u00adview de Guy Forget, nos confr\u00e8res de TennisActu remette le couvert avec la&hellip;\n","protected":false},"author":2,"featured_media":626187,"comment_status":"","ping_status":"","sticky":false,"template":"","format":"standard","meta":{"footnotes":""},"categories":[1415],"tags":[1744,1011,27,2127,60,1467],"class_list":{"0":"post-626186","1":"post","2":"type-post","3":"status-publish","4":"format-standard","5":"has-post-thumbnail","7":"category-tennis","8":"tag-alcaraz","9":"tag-fr","10":"tag-france","11":"tag-sinner","12":"tag-sports","13":"tag-tennis"},"share_on_mastodon":{"url":"https:\/\/pubeurope.com\/@fr\/115794586018189314","error":""},"_links":{"self":[{"href":"https:\/\/www.europesays.com\/fr\/wp-json\/wp\/v2\/posts\/626186","targetHints":{"allow":["GET"]}}],"collection":[{"href":"https:\/\/www.europesays.com\/fr\/wp-json\/wp\/v2\/posts"}],"about":[{"href":"https:\/\/www.europesays.com\/fr\/wp-json\/wp\/v2\/types\/post"}],"author":[{"embeddable":true,"href":"https:\/\/www.europesays.com\/fr\/wp-json\/wp\/v2\/users\/2"}],"replies":[{"embeddable":true,"href":"https:\/\/www.europesays.com\/fr\/wp-json\/wp\/v2\/comments?post=626186"}],"version-history":[{"count":0,"href":"https:\/\/www.europesays.com\/fr\/wp-json\/wp\/v2\/posts\/626186\/revisions"}],"wp:featuredmedia":[{"embeddable":true,"href":"https:\/\/www.europesays.com\/fr\/wp-json\/wp\/v2\/media\/626187"}],"wp:attachment":[{"href":"https:\/\/www.europesays.com\/fr\/wp-json\/wp\/v2\/media?parent=626186"}],"wp:term":[{"taxonomy":"category","embeddable":true,"href":"https:\/\/www.europesays.com\/fr\/wp-json\/wp\/v2\/categories?post=626186"},{"taxonomy":"post_tag","embeddable":true,"href":"https:\/\/www.europesays.com\/fr\/wp-json\/wp\/v2\/tags?post=626186"}],"curies":[{"name":"wp","href":"https:\/\/api.w.org\/{rel}","templated":true}]}}