{"id":626192,"date":"2025-12-28T01:30:18","date_gmt":"2025-12-28T01:30:18","guid":{"rendered":"https:\/\/www.europesays.com\/fr\/626192\/"},"modified":"2025-12-28T01:30:18","modified_gmt":"2025-12-28T01:30:18","slug":"une-femme-qui-boit-est-elle-devoile-s","status":"publish","type":"post","link":"https:\/\/www.europesays.com\/fr\/626192\/","title":{"rendered":"\u00ab\u00a0Une femme qui boit est&#8230;\u00a0\u00bb, elle d\u00e9voile s &#8230;"},"content":{"rendered":"<p>EN BREF<\/p>\n<ul class=\"bloc_resume_post_list\">\n<li>Muriel Robin, 70 ans, parle de son r\u00f4le dans la saison 3<br \/>\nde Master Crimes et de son engagement pour des causes<br \/>\nsociales.<\/li>\n<li>Elle annonce le tournage de la saison 4 en avril et un<br \/>\nt\u00e9l\u00e9film sur l\u00a0\u00bbalcoolisme f\u00e9minin pour TF1 en mars.<\/li>\n<li>Son approche personnelle de l&rsquo;alcoolisme et sa<br \/>\nphilosophie de vie \u00e0 70 ans intriguent et inspirent.<\/li>\n<\/ul>\n<p>En exclusivit\u00e9, <a href=\"https:\/\/www.telestar.fr\/actu_tv\/je-noublierai-jamais-ca-muriel-robin-particulierement-emue-par-la-surprise-que-lui-a-reservee-laurent-delahousse-1749149\" target=\"_blank\" rel=\"noopener\"><br \/>\nMuriel Robin<\/a> s\u2019est volontiers exprim\u00e9e sur son r\u00f4le dans<br \/>\n<strong>la saison 3 de Master Crimes<\/strong> \u00e0<br \/>\n<strong>T\u00e9l\u00e9 Star<\/strong>. Lors de l\u2019interview, celle qui<br \/>\ninterpr\u00e8te le r\u00f4le de <strong>Louise Arbus<\/strong>, professeure de<br \/>\ncriminologie, a soulign\u00e9 que <a href=\"https:\/\/www.telestar.fr\/programme-tv\/fiche\/162174853\/master-crimes\" target=\"_blank\" rel=\"noopener\"><br \/>\ncette saison 3<\/a> \u00e9tait s\u00fbrement \u00ab\u00a0la meilleure\u00a0\u00bb. \u00ab\u00a0On<br \/>\nva m\u00eame <strong>tourner la saison 4 en avril<\/strong><br \/>\nprochain\u00a0\u00bb, a annonc\u00e9 l\u2019humoriste de 70 ans. Autant le<br \/>\ndire, l\u2019arriv\u00e9e du \u00ab\u00a0sang neuf dans l\u2019\u00e9quipe de jeune\u00a0\u00bb,<br \/>\navec <strong>Ayumi Roux<\/strong>, <strong>Mika\u00ebl<br \/>\nMittlestadt<\/strong> ou encore <strong>Nicolas Gob,<\/strong><br \/>\nl\u2019enchante !<\/p>\n<p>Face \u00e0 notre journaliste Nathalie Vigneau, la star s\u2019est<br \/>\n\u00e9galement exprim\u00e9e sur son engagement envers de grandes causes.<br \/>\n\u00ab\u00a0J\u2019aime que ma notori\u00e9t\u00e9 serve aux autres\u00a0\u00bb, confie-t-elle.<br \/>\n\u00ab\u00a0<strong>Alzheimer<\/strong>, <strong>les<br \/>\nfemmes battues<\/strong>,<br \/>\n<strong>l\u2019inceste<\/strong>\u2026 mes choix de films se font<br \/>\naussi par rapport \u00e0 \u00e7a\u00a0\u00bb, avoue Muriel Robin. D\u2019ailleurs, dans<br \/>\nson \u00e9lan, <a href=\"https:\/\/www.closermag.fr\/people\/muriel-robin-boycottee-par-le-cinema-francais-un-spectacle-une-depression-elle-se-livre-a-laurent-delahousse-sur-ses-annees-de-galere-3608429\" target=\"_blank\" rel=\"noopener\"><br \/>\nl\u2019actrice de I Love You coiffure<\/a> a r\u00e9v\u00e9l\u00e9 son prochain<br \/>\nprojet. Il s\u2019agit d\u2019un \u00ab\u00a0t\u00e9l\u00e9film que je tournerais en mars<br \/>\nprochain pour TF1\u00a0\u00bb. Comme nombre de ses films, ce projet<br \/>\ntraitera un autre grand sujet : <strong>l\u2019alcoolisme<br \/>\nf\u00e9minin<\/strong>.<\/p>\n<p>Muriel Robin : un projet qui lui tient \u00e0 c\u0153ur !<\/p>\n<p>Par rapport \u00e0 ce nouveau projet, <strong>Muriel Robin<\/strong><br \/>\nconfie \u00e0 notre interviewer : \u00ab\u00a0Beaucoup de femmes ont des<br \/>\nprobl\u00e8mes avec l\u2019alcool\u00a0\u00bb. \u00ab\u00a0Or, un homme qui boit, c\u2019est un<br \/>\nbon vivant ; <strong>une femme qui boit est une<br \/>\nproche-tronne<\/strong>\u2026\u00a0\u00bb, ajoute-t-elle. En outre, la<br \/>\nstar est famili\u00e8re avec le sujet de l\u2019alcoolisme. Apr\u00e8s tout, elle<br \/>\nn\u2019a jamais cach\u00e9 son probl\u00e8me d\u2019<a href=\"https:\/\/www.telestar.fr\/people\/exclu-muriel-robin-une-jauge-fixee-par-lactrice-fait-le-point-sur-son-addiction-a-lalcool-1749416\" target=\"_blank\" rel=\"noopener\">addiction<br \/>\n\u00e0 l\u2019alcool<\/a>. \u00ab\u00a0Oui, je connais le dossier\u00a0\u00bb,<br \/>\na-t-elle-m\u00eame soulign\u00e9.<\/p>\n<p>\u00ab\u00a0Me voir dans une fiction sur ce sujet est coh\u00e9rent, et en<br \/>\nparler aussi j\u2019ai connu la chose\u00a0\u00bb, poursuit-elle. N\u2019ayant<br \/>\n<strong>pas arr\u00eat\u00e9 de boire<\/strong>, l\u2019actrice a r\u00e9v\u00e9l\u00e9 sa mani\u00e8re<br \/>\nde faire face \u00e0 l\u2019alcoolisme. \u00ab\u00a0Je peux boire, car je n\u2019ai pas<br \/>\nchoisi l\u2019abstinence, mais <strong>une jauge fix\u00e9e par<br \/>\nmoi-m\u00eame<\/strong>\u00ab\u00a0, r\u00e9v\u00e8le-t-elle, en ajoutant : \u00ab\u00a0Les<br \/>\naddictologues commencent \u00e0 mettre en place cette solution dans<br \/>\ncertains cas\u00a0\u00bb.<\/p>\n<blockquote class=\"instagram-media\" style=\"background: #ffffff;border: 0;margin: 1px;width: 100%;padding: 0;max-width: 500px;\" data-instgrm-permalink=\"https:\/\/www.instagram.com\/reel\/DSu4yIvFcud\/?utm_source=ig_web_copy_link&amp;igsh=MzRlODBiNWFlZA==\" data-instgrm-version=\"14\"\/><p>\nMuriel Robin \u00e0 70 ans !<\/p>\n<p>Toujours lors de cette interview, <strong>Muriel Robin<\/strong><br \/>\ns\u2019est \u00e9galement exprim\u00e9e sur la nouvelle d\u00e9cennie qu\u2019elle vit apr\u00e8s<br \/>\n70 ans. \u00ab\u00a0Ce qui est mal tomb\u00e9, c\u2019est que j\u2019ai eu un probl\u00e8me de<br \/>\ngenou\u00a0\u00bb, confie-t-elle. \u00ab\u00a0Sinon, il y a un c\u00f4t\u00e9<br \/>\n<strong>maintenant ou jamais<\/strong>\u00ab\u00a0, poursuit-elle, en<br \/>\nd\u00e9taillant : \u00ab\u00a0chaque ann\u00e9e, j\u2019essaie de <strong>faire<br \/>\nun truc que je m\u2019\u00e9tais promis<\/strong>, histoire de ne pas<br \/>\navoir de regrets\u00a0\u00bb.<\/p>\n<p>Dans ce registre, Muriel Robin conclut avec une philosophie<br \/>\nprofonde. \u00ab\u00a0Ma grande richesse, c\u2019est le calme int\u00e9rieur que<br \/>\nj\u2019ai gagn\u00e9\u00a0\u00bb. Des mots qui inspirent !<\/p>\n<p><strong>Interview \u00e0 retrouver en int\u00e9gralit\u00e9 dans votre<br \/>\nmagazine T\u00e9l\u00e9 Star en kiosque et en version num\u00e9rique ce<br \/>\nlundi 29 d\u00e9cembre 2025.<\/strong><\/p>\n<p><script async src=\"\/\/www.instagram.com\/embed.js\"><\/script><\/p>\n","protected":false},"excerpt":{"rendered":"EN BREF Muriel Robin, 70 ans, parle de son r\u00f4le dans la saison 3 de Master Crimes et&hellip;\n","protected":false},"author":2,"featured_media":626193,"comment_status":"","ping_status":"","sticky":false,"template":"","format":"standard","meta":{"footnotes":""},"categories":[1359],"tags":[548,58,59,1011,27,11764,973],"class_list":{"0":"post-626192","1":"post","2":"type-post","3":"status-publish","4":"format-standard","5":"has-post-thumbnail","7":"category-people","8":"tag-article-simple","9":"tag-divertissement","10":"tag-entertainment","11":"tag-fr","12":"tag-france","13":"tag-muriel-robin","14":"tag-people"},"share_on_mastodon":{"url":"https:\/\/pubeurope.com\/@fr\/115794609747575153","error":""},"_links":{"self":[{"href":"https:\/\/www.europesays.com\/fr\/wp-json\/wp\/v2\/posts\/626192","targetHints":{"allow":["GET"]}}],"collection":[{"href":"https:\/\/www.europesays.com\/fr\/wp-json\/wp\/v2\/posts"}],"about":[{"href":"https:\/\/www.europesays.com\/fr\/wp-json\/wp\/v2\/types\/post"}],"author":[{"embeddable":true,"href":"https:\/\/www.europesays.com\/fr\/wp-json\/wp\/v2\/users\/2"}],"replies":[{"embeddable":true,"href":"https:\/\/www.europesays.com\/fr\/wp-json\/wp\/v2\/comments?post=626192"}],"version-history":[{"count":0,"href":"https:\/\/www.europesays.com\/fr\/wp-json\/wp\/v2\/posts\/626192\/revisions"}],"wp:featuredmedia":[{"embeddable":true,"href":"https:\/\/www.europesays.com\/fr\/wp-json\/wp\/v2\/media\/626193"}],"wp:attachment":[{"href":"https:\/\/www.europesays.com\/fr\/wp-json\/wp\/v2\/media?parent=626192"}],"wp:term":[{"taxonomy":"category","embeddable":true,"href":"https:\/\/www.europesays.com\/fr\/wp-json\/wp\/v2\/categories?post=626192"},{"taxonomy":"post_tag","embeddable":true,"href":"https:\/\/www.europesays.com\/fr\/wp-json\/wp\/v2\/tags?post=626192"}],"curies":[{"name":"wp","href":"https:\/\/api.w.org\/{rel}","templated":true}]}}