{"id":626194,"date":"2025-12-28T01:31:19","date_gmt":"2025-12-28T01:31:19","guid":{"rendered":"https:\/\/www.europesays.com\/fr\/626194\/"},"modified":"2025-12-28T01:31:19","modified_gmt":"2025-12-28T01:31:19","slug":"botero-wahrol-de-vinci-herge-ils-sont-reunis-dans-lexposition-geluck-expose-le-chat","status":"publish","type":"post","link":"https:\/\/www.europesays.com\/fr\/626194\/","title":{"rendered":"Bot\u00e9ro, Wahrol, De Vinci, Herg\u00e9&#8230; Ils sont r\u00e9unis dans l&rsquo;exposition \u00ab\u00a0Geluck expose le Chat\u00a0\u00bb"},"content":{"rendered":"<p>Le Chat est n\u00e9 en 1983. Dans l&rsquo;exposition Geluck expose le Chat, on suit les premiers pas du c\u00e9l\u00e8bre matou. On comprend la gen\u00e8se du personnage. Le visiteur d\u00e9couvre le parcours inattendu d\u2019un gamin qui comprend tr\u00e8s jeune sa facult\u00e9 \u00e0 faire rire les autres par ses dessins d\u2019humour noir et d\u00e9cal\u00e9. D\u00e8s ses 14 ans, Philippe Geluck se met \u00e0 produire des dessins en quantit\u00e9, nourri au biberon de ses idoles (Sin\u00e9, Bosc, Chaval, Semp\u00e9, Reiser&#8230;). On d\u00e9couvre des dessins de jeunesse, des aquarelles, des balbutiements puis l\u2019\u00e9panouissement du Chat.<\/p>\n<p><a data-article-figure=\"\" href=\"https:\/\/france3-regions.franceinfo.fr\/image\/oWbnlqKzBs4X0Rixh9YsQJieF1o\/3508x1300\/regions\/2025\/12\/23\/geluck-banniere-facebook-pk-page-0001-1-694a6a2241815149042453.jpg\" data-pswp-width=\"3508\" data-pswp-height=\"1300\" target=\"_blank\" rel=\"noopener\"><\/p>\n<p>          <img width=\"600\" height=\"400\" class=\"article-image lazy\" data-src=\"https:\/\/www.europesays.com\/fr\/wp-content\/uploads\/2025\/12\/geluck-banniere-facebook-pk-page-0001-1-694a6a2241815149042453.jpg\" alt=\"Geluck expose le Chat au mus\u00e9e Maillol. \" fetchpriority=\"high\" as=\"image\"\/><\/p>\n<p>\n            Geluck expose le Chat au mus\u00e9e Maillol.<br \/>\n                           \u2022<br \/>\n                                      \u00a9 France 3 Paris \u00cele-de-France\n                      <\/p>\n<p><\/a><\/p>\n<p>Dans la deuxi\u00e8me partie de l&rsquo;exposition, Philippe Geluck fait dialoguer son Chat avec les ma\u00eetres de la peinture. \u00ab\u00a0J&rsquo;en ai produit des dizaines, 100 voire 220. Le plus ancien de mes hommages, c&rsquo;est L\u00e9onard de Vinci, il y a aussi Courbet, Alechinsky, Wahrol,\u00a0\u00bb explique Philippe Geluck. Une salle est consacr\u00e9e \u00e0 l&rsquo;origine du monde. Philippe Geluck rend hommage \u00e0 un autre dessinateur de BD belge illustre, Herg\u00e9. \u00c0 Tintin, de dos, qui demande au Chat s&rsquo;il peut avoir un autographe, ce dernier lui r\u00e9pond : \u00ab\u00a0Avec plaisir, c&rsquo;est \u00e0 quel nom !\u00a0\u00bb Et bam prends \u00e7a dans les gencives,\u00a0\u00bb l\u00e2che en riant le p\u00e8re du Chat.<\/p>\n<p>Philippe Geluck expose Le Chat, au mus\u00e9e Maillol \u00e0 Paris jusqu&rsquo;au 3 mai.<\/p>\n","protected":false},"excerpt":{"rendered":"Le Chat est n\u00e9 en 1983. Dans l&rsquo;exposition Geluck expose le Chat, on suit les premiers pas du&hellip;\n","protected":false},"author":2,"featured_media":626195,"comment_status":"","ping_status":"","sticky":false,"template":"","format":"standard","meta":{"footnotes":""},"categories":[1358],"tags":[1348,1384,1385,1386,58,59,1011,27],"class_list":{"0":"post-626194","1":"post","2":"type-post","3":"status-publish","4":"format-standard","5":"has-post-thumbnail","7":"category-arts-et-design","8":"tag-arts","9":"tag-arts-and-design","10":"tag-arts-et-design","11":"tag-design","12":"tag-divertissement","13":"tag-entertainment","14":"tag-fr","15":"tag-france"},"share_on_mastodon":{"url":"https:\/\/pubeurope.com\/@fr\/115794613595595446","error":""},"_links":{"self":[{"href":"https:\/\/www.europesays.com\/fr\/wp-json\/wp\/v2\/posts\/626194","targetHints":{"allow":["GET"]}}],"collection":[{"href":"https:\/\/www.europesays.com\/fr\/wp-json\/wp\/v2\/posts"}],"about":[{"href":"https:\/\/www.europesays.com\/fr\/wp-json\/wp\/v2\/types\/post"}],"author":[{"embeddable":true,"href":"https:\/\/www.europesays.com\/fr\/wp-json\/wp\/v2\/users\/2"}],"replies":[{"embeddable":true,"href":"https:\/\/www.europesays.com\/fr\/wp-json\/wp\/v2\/comments?post=626194"}],"version-history":[{"count":0,"href":"https:\/\/www.europesays.com\/fr\/wp-json\/wp\/v2\/posts\/626194\/revisions"}],"wp:featuredmedia":[{"embeddable":true,"href":"https:\/\/www.europesays.com\/fr\/wp-json\/wp\/v2\/media\/626195"}],"wp:attachment":[{"href":"https:\/\/www.europesays.com\/fr\/wp-json\/wp\/v2\/media?parent=626194"}],"wp:term":[{"taxonomy":"category","embeddable":true,"href":"https:\/\/www.europesays.com\/fr\/wp-json\/wp\/v2\/categories?post=626194"},{"taxonomy":"post_tag","embeddable":true,"href":"https:\/\/www.europesays.com\/fr\/wp-json\/wp\/v2\/tags?post=626194"}],"curies":[{"name":"wp","href":"https:\/\/api.w.org\/{rel}","templated":true}]}}