{"id":626198,"date":"2025-12-28T01:34:15","date_gmt":"2025-12-28T01:34:15","guid":{"rendered":"https:\/\/www.europesays.com\/fr\/626198\/"},"modified":"2025-12-28T01:34:15","modified_gmt":"2025-12-28T01:34:15","slug":"gregory-lemarchal-jai-cru-que-cetait-lui-les-internautes-persuades-davoir-trouve-sa-reincarnation","status":"publish","type":"post","link":"https:\/\/www.europesays.com\/fr\/626198\/","title":{"rendered":"Gr\u00e9gory Lemarchal : \u00ab\u00a0J&rsquo;ai cru que c\u2019\u00e9tait lui\u00a0\u00bb, les internautes persuad\u00e9s d\u2019avoir trouv\u00e9 sa \u00ab\u00a0r\u00e9incarnation\u00a0\u00bb"},"content":{"rendered":"<p>      R\u00e9sum\u00e9<\/p>\n<p>Un jeune chanteur nomm\u00e9 Gaspard suscite l&rsquo;\u00e9motion en reprenant avec une \u00e9tonnante ressemblance vocale et physique des titres cultes li\u00e9s \u00e0 Gr\u00e9gory Lemarchal.<\/p>\n<p>        Sommaire<\/p>\n<p><strong>La voix d&rsquo;un ange ne s&rsquo;oublie pas&#8230; Elle se transmet<\/strong>. Depuis plusieurs heures, le jeune Gaspard, qui partage sur sa page TikTok ses reprises de tubes cultes, cartonne avec une cover d&rsquo;Autrement de <a href=\"https:\/\/vsd.fr\/88748-cest-une-agression-sexuelle-julien-lieb-et-pierre-garnier-victimes-de-mains-baladeuses-des-meres-de-famille-pointees-du-doigt\/\" target=\"_blank\" rel=\"noopener\">Julien Lieb<\/a>. La ressemblance du jeune gar\u00e7on avec Gr\u00e9gory Lemarchal <strong>lorsqu&rsquo;il \u00e9tait adolescent surprend et \u00e9meut<\/strong>. Effectivement, la voix, mais surtout le physique du jeune homme, rappellent tout de <a href=\"https:\/\/www.public.fr\/gregory-lemarchal-ses-dernieres-paroles-enfin-revelees\" target=\"_blank\" rel=\"noopener\">celui qui a remport\u00e9 la Star Academy en 2004<\/a>&#8230;<\/p>\n<p>Dans les commentaires, les internautes sont unanimes. <strong>Gr\u00e9gory Lemarchal a un sosie, et il s&rsquo;appelle Gaspard<\/strong> ! \u00ab\u00a0Quelle ressemblance de notre petite \u00e9toile Gr\u00e9gory Lemarchal\u00a0\u00bb souligne Anthony, auquel Gaspard r\u00e9pond : \u00ab\u00a0Un tel honneur. Va falloir \u00eatre \u00e0 la hauteur\u00a0\u00bb. Une autre a longtemps pens\u00e9 qu&rsquo;il s&rsquo;agissait <strong>d&rsquo;une intelligence artificielle<\/strong> : \u00ab\u00a0La ressemblance avec Gr\u00e9gory Lemarchal est incroyable\u00a0\u00bb. Mais que nenni\u2026 Les autres publications de Gaspard parlent effectivement d&rsquo;elles-m\u00eames. <\/p>\n<p>Gaspard est \u00ab\u00a0la r\u00e9incarnation\u00a0\u00bb de Gr\u00e9gory Lemarchal<\/p>\n<p>Justement, en septembre dernier, Gaspard n&rsquo;a pas h\u00e9sit\u00e9 \u00e0 reprendre l&rsquo;un des tubes magistraux de son idole : <strong>SOS d&rsquo;un terrien en d\u00e9tresse<\/strong>. Si cette chanson est initialement sign\u00e9e <a href=\"https:\/\/www.public.fr\/revelations-choc-sur-la-mort-de-daniel-balavoine-yann-arthus-bertrand-lui-a-donne-sa-place-a-la-derniere-minute\" target=\"_blank\" rel=\"noopener\">Daniel Balavoine<\/a>, la reprise qu&rsquo;avait propos\u00e9e Gr\u00e9gory Lemarchal sur le plateau de la Star Academy il y a 21 ans est toutefois rest\u00e9e culte. <\/p>\n<p>Et bis repetita, certains internautes ont l\u00e0 encore pens\u00e9 \u00e0 un montage\u2026 \u00ab\u00a0C&rsquo;est une IA ?\u00a0\u00bb s&rsquo;interroge ainsi Sabrina. <strong>Non\u2026 Gaspard existe bel et bien<\/strong> ! \u00ab\u00a0Il y a eu r\u00e9incarnation, l\u00e0, non ?\u00a0\u00bb d\u00e9clare une autre. Tous sont estomaqu\u00e9s par la ressemblance du jeune homme avec celui qui nous a quitt\u00e9s le 30 avril 2007, apr\u00e8s un combat d&rsquo;une vie <a href=\"https:\/\/www.public.fr\/cette-put-de-maladie-le-message-choc-de-la-maman-de-gregory-lemarchal-16-ans-apres-sa-mort\" target=\"_blank\" rel=\"noopener\">contre la mucoviscidose<\/a>.<\/p>\n<p>La rel\u00e8ve \u00e0 la \u00ab\u00a0Star Academy\u00a0\u00bb ?<\/p>\n<p>Depuis plusieurs heures, la reprise d&rsquo;Autrement de Julien Lieb par Gaspard fait le buzz sur la Toile. Sa vid\u00e9o, <strong>vue 200 000 fois sur TikTok, cartonne surtout sur X<\/strong>. \u00ab\u00a0Je ne suis pas r\u00e9veill\u00e9e, c&rsquo;est Gr\u00e9gory Lemarchal l\u00e0, non ?\u00a0\u00bb publie un compte fan de Julien Lieb. Une internaute, pi\u00e9g\u00e9e par pareille ressemblance, a d&rsquo;ailleurs pens\u00e9 qu&rsquo;il s&rsquo;agissait d&rsquo;une vid\u00e9o de Gr\u00e9gory enfant. <strong>Un parfait sosie <\/strong>! Qui sait, la production de la Star Academy va peut-\u00eatre lui proposer de faire une surprise aux Acad\u00e9miciens sur un futur prime ? On lui souhaite !<\/p>\n<p>\n          Hits &amp; People en continu\n        <\/p>\n<p>\n          Public Radio\n        <\/p>\n<p>      Mentionn\u00e9s dans cet article<\/p>\n<p>      Sur le m\u00eame sujet<\/p>\n","protected":false},"excerpt":{"rendered":"R\u00e9sum\u00e9 Un jeune chanteur nomm\u00e9 Gaspard suscite l&rsquo;\u00e9motion en reprenant avec une \u00e9tonnante ressemblance vocale et physique des&hellip;\n","protected":false},"author":2,"featured_media":626199,"comment_status":"","ping_status":"","sticky":false,"template":"","format":"standard","meta":{"footnotes":""},"categories":[1355],"tags":[58,847,59,1011,27,60256,1361,873,73556,2439],"class_list":{"0":"post-626198","1":"post","2":"type-post","3":"status-publish","4":"format-standard","5":"has-post-thumbnail","7":"category-musique","8":"tag-divertissement","9":"tag-enfant","10":"tag-entertainment","11":"tag-fr","12":"tag-france","13":"tag-gregory-lemarchal","14":"tag-music","15":"tag-musique","16":"tag-sosie","17":"tag-tiktok"},"share_on_mastodon":{"url":"https:\/\/pubeurope.com\/@fr\/115794626117442188","error":""},"_links":{"self":[{"href":"https:\/\/www.europesays.com\/fr\/wp-json\/wp\/v2\/posts\/626198","targetHints":{"allow":["GET"]}}],"collection":[{"href":"https:\/\/www.europesays.com\/fr\/wp-json\/wp\/v2\/posts"}],"about":[{"href":"https:\/\/www.europesays.com\/fr\/wp-json\/wp\/v2\/types\/post"}],"author":[{"embeddable":true,"href":"https:\/\/www.europesays.com\/fr\/wp-json\/wp\/v2\/users\/2"}],"replies":[{"embeddable":true,"href":"https:\/\/www.europesays.com\/fr\/wp-json\/wp\/v2\/comments?post=626198"}],"version-history":[{"count":0,"href":"https:\/\/www.europesays.com\/fr\/wp-json\/wp\/v2\/posts\/626198\/revisions"}],"wp:featuredmedia":[{"embeddable":true,"href":"https:\/\/www.europesays.com\/fr\/wp-json\/wp\/v2\/media\/626199"}],"wp:attachment":[{"href":"https:\/\/www.europesays.com\/fr\/wp-json\/wp\/v2\/media?parent=626198"}],"wp:term":[{"taxonomy":"category","embeddable":true,"href":"https:\/\/www.europesays.com\/fr\/wp-json\/wp\/v2\/categories?post=626198"},{"taxonomy":"post_tag","embeddable":true,"href":"https:\/\/www.europesays.com\/fr\/wp-json\/wp\/v2\/tags?post=626198"}],"curies":[{"name":"wp","href":"https:\/\/api.w.org\/{rel}","templated":true}]}}