{"id":626202,"date":"2025-12-28T01:37:18","date_gmt":"2025-12-28T01:37:18","guid":{"rendered":"https:\/\/www.europesays.com\/fr\/626202\/"},"modified":"2025-12-28T01:37:18","modified_gmt":"2025-12-28T01:37:18","slug":"la-frequence-recommandee-qui-va-en-surprendre-plus-dun","status":"publish","type":"post","link":"https:\/\/www.europesays.com\/fr\/626202\/","title":{"rendered":"la fr\u00e9quence recommand\u00e9e qui va en surprendre plus d\u2019un"},"content":{"rendered":"<p>Pourquoi les douches<br \/>\nquotidiennes deviennent nocives avec l\u2019\u00e2ge<\/p>\n<p data-start=\"568\" data-end=\"930\">Le Dr Sylvie Meaume,<br \/>\ndermatologue et cheffe du service de g\u00e9riatrie \u00e0 l\u2019h\u00f4pital<br \/>\nRothschild (AP-HP), explique que \u00ab plus on avance en \u00e2ge, plus la<br \/>\npeau s\u2019ass\u00e8che et perd sa capacit\u00e9 \u00e0 produire du s\u00e9bum \u00bb. Ce fameux<br \/>\ns\u00e9bum, c\u2019est un peu comme la <strong><a href=\"https:\/\/www.modesettravaux.fr\/beaute-bien-etre\/soins-visage-et-corps\/creme-hydratante-la-recette-pour-la-faire-soi-meme-37748.html\" target=\"_blank\" rel=\"noopener\"><br \/>\ncr\u00e8me hydratante<\/a><\/strong> naturelle de notre corps. Il prot\u00e8ge<br \/>\nla peau des agressions ext\u00e9rieures et maintient son \u00e9lasticit\u00e9.<\/p>\n<p data-start=\"932\" data-end=\"1250\">Or, avec le temps, ce film<br \/>\nprotecteur s\u2019amincit, rendant la peau plus fragile, plus sujette<br \/>\naux tiraillements et aux d\u00e9mangeaisons. Une douche quotidienne \u2014<br \/>\nsurtout avec de l\u2019eau chaude et du savon \u2014 enl\u00e8ve ce peu de<br \/>\nprotection restante. R\u00e9sultat : une peau qui se dess\u00e8che encore<br \/>\nplus vite et devient inconfortable.<\/p>\n<p data-start=\"1252\" data-end=\"1481\">En clair, se laver trop<br \/>\nsouvent n\u2019est pas synonyme de bonne hygi\u00e8ne, surtout apr\u00e8s 65 ans.<br \/>\nComme le r\u00e9sume joliment un dermatologue de la Soci\u00e9t\u00e9 Fran\u00e7aise de<br \/>\nDermatologie : \u00ab Il ne faut pas laver sa peau comme une casserole.<br \/>\n\u00bb<\/p>\n<p>Combien de douches faut-il<br \/>\nvraiment prendre ?<\/p>\n<p data-start=\"1535\" data-end=\"1917\">Espacer les douches ne veut<br \/>\npas dire n\u00e9gliger son hygi\u00e8ne, loin de l\u00e0. L\u2019id\u00e9e est de trouver un<br \/>\n\u00e9quilibre. Pour les seniors, la bonne fr\u00e9quence se situerait autour<br \/>\nde <strong data-start=\"1702\" data-end=\"1740\">deux douches compl\u00e8tes<br \/>\npar semaine<\/strong>, en utilisant du savon un jour sur trois<br \/>\nseulement. Les autres jours, un simple rin\u00e7age \u00e0 l\u2019eau ti\u00e8de suffit<br \/>\nlargement pour se rafra\u00eechir et \u00e9liminer la transpiration<br \/>\nl\u00e9g\u00e8re.<\/p>\n<p data-start=\"1919\" data-end=\"2143\">Certaines zones, en revanche,<br \/>\ndoivent \u00eatre nettoy\u00e9es quotidiennement : les <strong data-start=\"1994\" data-end=\"2007\">aisselles<\/strong>, les <strong data-start=\"2013\" data-end=\"2032\">parties intimes<\/strong> et les<br \/>\n<strong data-start=\"2040\" data-end=\"2049\">pieds<\/strong>, notamment<br \/>\nentre les orteils. Ces endroits sont plus expos\u00e9s \u00e0 l\u2019humidit\u00e9 et<br \/>\naux bact\u00e9ries.<\/p>\n<p data-start=\"2145\" data-end=\"2438\">Les chercheurs de la<br \/>\n<strong data-start=\"2166\" data-end=\"2192\">Harvard Medical<br \/>\nSchool<\/strong> recommandent aussi des douches courtes \u2014 trois \u00e0<br \/>\nquatre minutes maximum \u2014 et surtout \u00e0 <strong data-start=\"2280\" data-end=\"2295\">l\u2019eau ti\u00e8de<\/strong>, jamais br\u00fblante. L\u2019eau trop<br \/>\nchaude accentue la d\u00e9shydratation cutan\u00e9e en dilatant les pores et<br \/>\nen \u00e9liminant le peu de s\u00e9bum encore pr\u00e9sent.<\/p>\n<p data-start=\"2440\" data-end=\"2590\">Petite astuce de bon sens : en<br \/>\nhiver, quand la peau tiraille d\u00e9j\u00e0 \u00e0 cause du chauffage, mieux vaut<br \/>\nencore espacer un peu plus les lavages qu\u2019en \u00e9t\u00e9.<\/p>\n<p>Des<br \/>\nproduits doux et des gestes simples pour pr\u00e9server sa peau<\/p>\n<p data-start=\"2661\" data-end=\"2959\">Le choix du <strong><a href=\"https:\/\/www.modesettravaux.fr\/kids\/atelier-enfant-on-fabrique-des-savons-rigolos-6937.html\" target=\"_blank\" rel=\"noopener\"><br \/>\nsavon<\/a><\/strong> fait une vraie diff\u00e9rence. Les produits<br \/>\nmoussants classiques, surtout ceux contenant des sulfates, sont \u00e0<br \/>\n\u00e9viter car ils d\u00e9capent le film hydrolipidique. Les dermatologues<br \/>\nconseillent plut\u00f4t <strong data-start=\"2870\" data-end=\"2943\">les<br \/>\nhuiles de douche, les savons surgras ou les pains<br \/>\ndermatologiques<\/strong> au pH neutre.<\/p>\n<p data-start=\"2961\" data-end=\"3280\">Apr\u00e8s la douche, un geste<br \/>\nessentiel : s\u00e9cher la peau en <strong data-start=\"3017\" data-end=\"3041\">tamponnant doucement<\/strong> avec la serviette, sans<br \/>\nfrotter. Et, si possible, appliquer une cr\u00e8me hydratante ou une<br \/>\nhuile corporelle pendant que la peau est encore l\u00e9g\u00e8rement humide.<br \/>\nCe petit rituel aide \u00e0 restaurer la barri\u00e8re cutan\u00e9e et limite les<br \/>\nd\u00e9mangeaisons.<\/p>\n<p data-start=\"3282\" data-end=\"3583\">Enfin, rappelons que ces<br \/>\nrecommandations doivent s\u2019adapter \u00e0 chacun. Si vous avez transpir\u00e9<br \/>\ndavantage \u2014 apr\u00e8s une marche, du jardinage ou une s\u00e9ance de kin\u00e9 \u2014<br \/>\nil est \u00e9videmment important de se laver. Le climat, le type de peau<br \/>\nou encore l\u2019\u00e9tat de sant\u00e9 g\u00e9n\u00e9ral influent aussi sur la bonne<br \/>\nfr\u00e9quence.<\/p>\n<p data-start=\"3585\" data-end=\"3845\">\u00c0 70 ans, une douche<br \/>\nquotidienne n\u2019est donc plus une n\u00e9cessit\u00e9, mais une question<br \/>\nd\u2019\u00e9quilibre entre confort, propret\u00e9 et bien-\u00eatre cutan\u00e9. Et<br \/>\nfinalement, c\u2019est peut-\u00eatre une bonne nouvelle : moins de douches,<br \/>\nmoins d\u2019eau consomm\u00e9e\u2026 et plus de temps pour soi.<\/p>\n","protected":false},"excerpt":{"rendered":"Pourquoi les douches quotidiennes deviennent nocives avec l\u2019\u00e2ge Le Dr Sylvie Meaume, dermatologue et cheffe du service de&hellip;\n","protected":false},"author":2,"featured_media":626203,"comment_status":"","ping_status":"","sticky":false,"template":"","format":"standard","meta":{"footnotes":""},"categories":[10],"tags":[39668,1011,27,72,71],"class_list":{"0":"post-626202","1":"post","2":"type-post","3":"status-publish","4":"format-standard","5":"has-post-thumbnail","7":"category-sante","8":"tag-discop","9":"tag-fr","10":"tag-france","11":"tag-health","12":"tag-sante"},"share_on_mastodon":{"url":"https:\/\/pubeurope.com\/@fr\/115794637187487697","error":""},"_links":{"self":[{"href":"https:\/\/www.europesays.com\/fr\/wp-json\/wp\/v2\/posts\/626202","targetHints":{"allow":["GET"]}}],"collection":[{"href":"https:\/\/www.europesays.com\/fr\/wp-json\/wp\/v2\/posts"}],"about":[{"href":"https:\/\/www.europesays.com\/fr\/wp-json\/wp\/v2\/types\/post"}],"author":[{"embeddable":true,"href":"https:\/\/www.europesays.com\/fr\/wp-json\/wp\/v2\/users\/2"}],"replies":[{"embeddable":true,"href":"https:\/\/www.europesays.com\/fr\/wp-json\/wp\/v2\/comments?post=626202"}],"version-history":[{"count":0,"href":"https:\/\/www.europesays.com\/fr\/wp-json\/wp\/v2\/posts\/626202\/revisions"}],"wp:featuredmedia":[{"embeddable":true,"href":"https:\/\/www.europesays.com\/fr\/wp-json\/wp\/v2\/media\/626203"}],"wp:attachment":[{"href":"https:\/\/www.europesays.com\/fr\/wp-json\/wp\/v2\/media?parent=626202"}],"wp:term":[{"taxonomy":"category","embeddable":true,"href":"https:\/\/www.europesays.com\/fr\/wp-json\/wp\/v2\/categories?post=626202"},{"taxonomy":"post_tag","embeddable":true,"href":"https:\/\/www.europesays.com\/fr\/wp-json\/wp\/v2\/tags?post=626202"}],"curies":[{"name":"wp","href":"https:\/\/api.w.org\/{rel}","templated":true}]}}