{"id":626206,"date":"2025-12-28T01:39:17","date_gmt":"2025-12-28T01:39:17","guid":{"rendered":"https:\/\/www.europesays.com\/fr\/626206\/"},"modified":"2025-12-28T01:39:17","modified_gmt":"2025-12-28T01:39:17","slug":"cest-le-soleil-de-la-promo-qui-part","status":"publish","type":"post","link":"https:\/\/www.europesays.com\/fr\/626206\/","title":{"rendered":"\u00ab\u00a0C\u2019est le soleil de la promo qui part\u00a0\u00bb"},"content":{"rendered":"<p>Samedi soir, le prime des \u00e9valuations a donn\u00e9 lieu \u00e0 un spectacle in\u00e9dit sur le prime de la Star Academy 2025. En direct sur TF1, tous les \u00e9l\u00e8ves, sauf L\u00e9a qui \u00e9tait immunis\u00e9e, ont d\u00fb d\u00e9fendre leur place sur une chanson en solo et une \u00e9preuve de danse ou th\u00e9atre, selon leur pr\u00e9f\u00e9rence.<\/p>\n<p>Au terme de la soir\u00e9e, c\u2019est M\u00e9lissa qui a \u00e9t\u00e9 \u00e9limin\u00e9e car elle a r\u00e9colt\u00e9 le moins de votes des t\u00e9l\u00e9spectateurs au terme des nominations. Sur la Toile, les internautes ont exprim\u00e9 leur soutien \u00e0 la jeune artiste de 19 ans.<\/p>\n<p class=\"mb-m@xs text-l@xs\">En cliquant sur\u00ab J\u2019accepte \u00bb, vous acceptez le d\u00e9p\u00f4t de cookies par des services externes et aurez ainsi acc\u00e8s aux contenus de nos partenaires.<\/p>\n<p class=\"mb-xl@xs text-s@xs\">Plus d\u2019informations sur la page<a href=\"https:\/\/www.20minutes.fr\/gestion-cookies\" class=\"mx-xxs@xs color-ultramarine\" target=\"_blank\" rel=\"noopener\">Politique de gestion des cookies<\/a><\/p>\n<p>J\u2019accepteM\u00e9lissa, \u00e9limin\u00e9e face \u00e0 Th\u00e9o P. et Sarah<\/p>\n<p>La meilleure amie d\u2019Ambre au ch\u00e2teau, aim\u00e9e par le public pour sa spontan\u00e9it\u00e9, sa modernit\u00e9 et sa joie de vivre, entre autres, quitte le <a href=\"https:\/\/www.20minutes.fr\/dossier\/chateau\" class=\"c-link c-link--is-underlined\" target=\"_blank\" rel=\"noopener\">ch\u00e2teau<\/a> de Dammarie-Les-Lys. Celle qui a \u00e9t\u00e9 \u00e9lue d\u00e9l\u00e9gu\u00e9e de la promo par ses camarades a brill\u00e9 sur des titres de Christophe (Les mots bleus, pour d\u00e9fendre sa place) et de <a href=\"https:\/\/www.20minutes.fr\/dossier\/celine-dion\" class=\"c-link c-link--is-underlined\" target=\"_blank\" rel=\"noopener\">C\u00e9line Dion<\/a> (Encore un soir, lors des nominations), samedi soir lors du prime.<\/p>\n<p>Sa prestation en danse, sur Bad boy de <a href=\"https:\/\/www.20minutes.fr\/arts-stars\/people\/billie-eilish\/\" class=\"c-link c-link--is-underlined\" target=\"_blank\" rel=\"noopener\">Billie Eilish<\/a>, a en revanche d\u00e9\u00e7u le professeur, Jonathan (14\/20). Avec une moyenne g\u00e9n\u00e9rale de 13.9, elle a termin\u00e9 derni\u00e8re du classement. Apr\u00e8s deux mois et demi, son aventure se termine, avec les honneurs.<\/p>\n<p>Samedi prochain, le 200e prime de la Star Academy<\/p>\n<p>Michael Goldman a d\u00e9voil\u00e9 les surprises de la nouvelle semaine qui arrive. D&rsquo;anciens \u00e9l\u00e8ves seront de retour au ch\u00e2teau et sur le prime, ainsi que d&rsquo;illustres professeurs qui ont fait les belles heures de l&rsquo;\u00e9mission lors du prochain prime, le 200e.<\/p>\n<p>De plus, le 31 d\u00e9cembre, les \u00e9l\u00e8ves ont rendez-vous avec Mickey pour un r\u00e9veillon exceptionnel.<\/p>\n","protected":false},"excerpt":{"rendered":"Samedi soir, le prime des \u00e9valuations a donn\u00e9 lieu \u00e0 un spectacle in\u00e9dit sur le prime de la&hellip;\n","protected":false},"author":2,"featured_media":626207,"comment_status":"","ping_status":"","sticky":false,"template":"","format":"standard","meta":{"footnotes":""},"categories":[8],"tags":[58,59,1011,27,662,10827,626,252,199],"class_list":{"0":"post-626206","1":"post","2":"type-post","3":"status-publish","4":"format-standard","5":"has-post-thumbnail","7":"category-divertissement","8":"tag-divertissement","9":"tag-entertainment","10":"tag-fr","11":"tag-france","12":"tag-ile-de-france","13":"tag-nikos-aliagas","14":"tag-paris","15":"tag-television","16":"tag-tf1"},"share_on_mastodon":{"url":"https:\/\/pubeurope.com\/@fr\/115794645095652784","error":""},"_links":{"self":[{"href":"https:\/\/www.europesays.com\/fr\/wp-json\/wp\/v2\/posts\/626206","targetHints":{"allow":["GET"]}}],"collection":[{"href":"https:\/\/www.europesays.com\/fr\/wp-json\/wp\/v2\/posts"}],"about":[{"href":"https:\/\/www.europesays.com\/fr\/wp-json\/wp\/v2\/types\/post"}],"author":[{"embeddable":true,"href":"https:\/\/www.europesays.com\/fr\/wp-json\/wp\/v2\/users\/2"}],"replies":[{"embeddable":true,"href":"https:\/\/www.europesays.com\/fr\/wp-json\/wp\/v2\/comments?post=626206"}],"version-history":[{"count":0,"href":"https:\/\/www.europesays.com\/fr\/wp-json\/wp\/v2\/posts\/626206\/revisions"}],"wp:featuredmedia":[{"embeddable":true,"href":"https:\/\/www.europesays.com\/fr\/wp-json\/wp\/v2\/media\/626207"}],"wp:attachment":[{"href":"https:\/\/www.europesays.com\/fr\/wp-json\/wp\/v2\/media?parent=626206"}],"wp:term":[{"taxonomy":"category","embeddable":true,"href":"https:\/\/www.europesays.com\/fr\/wp-json\/wp\/v2\/categories?post=626206"},{"taxonomy":"post_tag","embeddable":true,"href":"https:\/\/www.europesays.com\/fr\/wp-json\/wp\/v2\/tags?post=626206"}],"curies":[{"name":"wp","href":"https:\/\/api.w.org\/{rel}","templated":true}]}}