{"id":626212,"date":"2025-12-28T01:42:27","date_gmt":"2025-12-28T01:42:27","guid":{"rendered":"https:\/\/www.europesays.com\/fr\/626212\/"},"modified":"2025-12-28T01:42:27","modified_gmt":"2025-12-28T01:42:27","slug":"ukraine-gaza-soudan-wemby-bad-bunny-douze-photos-qui-racontent-lannee-2025","status":"publish","type":"post","link":"https:\/\/www.europesays.com\/fr\/626212\/","title":{"rendered":"Ukraine, Gaza, Soudan, Wemby, Bad Bunny\u2026 Douze photos qui racontent l\u2019ann\u00e9e 2025"},"content":{"rendered":"<p>De l\u2019investiture de Donald Trump, en janvier, au \u201cplan de paix\u201d am\u00e9ricain pour l\u2019Ukraine, de l\u2019espoir fragile \u00e0 Gaza \u00e0 la d\u00e9tresse des populations au Soudan, de la victoire du PSG en Ligue des Champions au d\u00e9but de saison canon de Victor Wembanyama en NBA, retour en photos sur une ann\u00e9e particuli\u00e8rement charg\u00e9e en actualit\u00e9.<\/p>\n<p data-lettrine=\"\">C\u2019est une photo qui nous a sembl\u00e9 embl\u00e9matique de l\u2019ann\u00e9e \u00e0 peine \u00e9coul\u00e9e que nous avons choisie pour ouvrir cette r\u00e9trospective en images\u00a0: celle d\u2019une jeune manifestante \u00e0 Katmandou, le 8\u00a0septembre dernier. Elle symbolise \u00e0 elle seule la r\u00e9volte de la g\u00e9n\u00e9ration Z, qui aura marqu\u00e9 les esprits dans de tr\u00e8s nombreux pays en 2025, du N\u00e9pal, donc, au P\u00e9rou, en passant par le Maroc et une bonne partie de l\u2019Asie du Sud, jusqu\u2019\u00e0 la Bulgarie r\u00e9cemment. Courrier international y a consacr\u00e9 une couverture en octobre\u00a0: <a href=\"https:\/\/www.courrierinternational.com\/article\/a-la-une-de-l-hebdo-du-nepal-au-perou-du-maroc-a-madagascar-portrait-d-une-jeunesse-revoltee_236563\" target=\"_blank\" rel=\"noopener\">\u201cAvoir 20\u00a0ans en 2025. Portrait d\u2019une jeunesse r\u00e9volt\u00e9e\u201d<\/a> (CI no\u00a01825, dat\u00e9 du 23\u00a0octobre 2025).<\/p>\n<p>Pour le reste, c\u2019est <a href=\"https:\/\/www.courrierinternational.com\/sujet\/donald-trump\" target=\"_blank\" rel=\"noopener\">Donald Trump<\/a>, le pr\u00e9sident am\u00e9ricain, de retour \u00e0 Maison-Blanche depuis le 20\u00a0janvier, qui aura occup\u00e9 largement le devant de la sc\u00e8ne internationale cette ann\u00e9e. Celle-ci a encore une fois \u00e9t\u00e9 marqu\u00e9e par les conflits en Ukraine, o\u00f9 Volodymyr Zelensky, plus que jamais sous pression (des Russes et des Am\u00e9ricains), a fini par accepter le principe d\u2019un r\u00e9f\u00e9rendum sur d\u2019\u00e9ventuelles concessions territoriales et \u00e9voque d\u00e9sormais la tenue d\u2019\u00e9lections sous loi martiale. Un tournant dans le conflit\u00a0? s\u2019interrogeait r\u00e9cemment <strong>The Spectator.<\/strong><\/p>\n<p>\u00c0 Gaza, o\u00f9 les armes se sont tues, les n\u00e9gociations entre les parties restent difficiles avant l\u2019application de la phase\u00a02 du plan Trump, qui pr\u00e9voit notamment le d\u00e9sarmement du Hamas, le retrait isra\u00e9lien de l\u2019enclave palestinienne et le d\u00e9ploiement d\u2019une force internationale.<\/p>\n<p>Au Soudan, l\u2019horreur le dispute \u00e0 l\u2019impuissance. Dans un reportage publi\u00e9 sur notre site,<strong> The New Humanitarian<\/strong> racontait en novembre les exactions contre les civils qui ont imm\u00e9diatement suivi la prise de la ville d\u2019El-Fasher, document\u00e9es pour certaines par les soldats eux-m\u00eames dans des vid\u00e9os publi\u00e9es sur les r\u00e9seaux sociaux.<\/p>\n<p>Mais 2025, c\u2019est aussi la large victoire (5-0) du Paris Saint-Germain en Ligue des champions, le 31\u00a0mai, face \u00e0 l\u2019Inter de Milan\u00a0; la confirmation d\u2019un immense talent, Victor Wembanyama, en NBA\u00a0; et la cons\u00e9cration pour l\u2019un des artistes les plus influents de sa g\u00e9n\u00e9ration, Bad Bunny, premier chanteur hispanophone invit\u00e9 \u00e0 faire le show \u00e0 la mi-temps du Super Bowl \u2013 en f\u00e9vrier prochain. Alors qu\u2019aux \u00c9tats-Unis Donald Trump poursuit sa politique d\u2019expulsion massive et que sa police de l\u2019immigration, l\u2019ICE, terrorise les populations latinos, le concert de <a href=\"https:\/\/www.courrierinternational.com\/sujet\/bad-bunny\" target=\"_blank\" rel=\"noopener\">Bad Bunny<\/a> au Levi\u2019s Stadium de Santa Clara, le 8\u00a0f\u00e9vrier, aura forc\u00e9ment une port\u00e9e hautement symbolique.<\/p>\n<p>Retour sur 2025 en images sign\u00e9es des photographes des agences AFP et Reuters mais aussi du New York Times.<\/p>\n<p>                                <a href=\"https:\/\/focus.courrierinternational.com\/2025\/12\/15\/0\/0\/5861\/3907\/2560\/0\/60\/0\/a1b8a1c_upload-1-c0kahouidlik-000-862r2kh.jpg\" data-pswp-width=\"2560\" data-pswp-height=\"1707\" target=\"_blank\" rel=\"noopener\">         <img decoding=\"async\" loading=\"lazy\" onerror=\"this.classList.add(`img--error`)\" src=\"https:\/\/www.europesays.com\/fr\/wp-content\/uploads\/2025\/12\/a1b8a1c_upload-1-c0kahouidlik-000-862r2kh.jpg\"  width=\"1280\" height=\"853\" alt=\"L\u2019UKRAINE SOUS PRESSION. \u00c0 Soumy, le 13\u00a0avril 2025. Un soldat ukrainien fait une pause apr\u00e8s une attaque russe, l\u2019une des plus meurtri\u00e8res de l\u2019ann\u00e9e, contre cette ville du nord-est du pays. Le dimanche des Rameaux, deux missiles balistiques ont frapp\u00e9 le centre de Soumy, faisant 34\u00a0morts et 80\u00a0bless\u00e9s. La \u201cBBC\u201d \u00e9voque \u201cdes sc\u00e8nes de d\u00e9vastation, avec des v\u00e9hicules en feu, des arbres arrach\u00e9s et un tramway incendi\u00e9, o\u00f9 semble se concentrer la majorit\u00e9 des morts\u201d.\"\/>     <\/a>      L\u2019UKRAINE SOUS PRESSION. \u00c0 Soumy, le 13\u00a0avril 2025. Un soldat ukrainien fait une pause apr\u00e8s une attaque russe, l\u2019une des plus meurtri\u00e8res de l\u2019ann\u00e9e, contre cette ville du nord-est du pays. Le dimanche des Rameaux, deux missiles balistiques ont frapp\u00e9 le centre de Soumy, faisant 34\u00a0morts et 80\u00a0bless\u00e9s. La \u201cBBC\u201d \u00e9voque \u201cdes sc\u00e8nes de d\u00e9vastation, avec des v\u00e9hicules en feu, des arbres arrach\u00e9s et un tramway incendi\u00e9, o\u00f9 semble se concentrer la majorit\u00e9 des morts\u201d.   PHOTO ROMAN PILIPEY\/AFP                                    <a href=\"https:\/\/focus.courrierinternational.com\/2025\/12\/15\/0\/0\/3900\/2599\/2560\/0\/60\/0\/db94e35_upload-1-62en162kf47v-000-48uc663.jpg\" data-pswp-width=\"2560\" data-pswp-height=\"1706\" target=\"_blank\" rel=\"noopener\">         <img decoding=\"async\" loading=\"lazy\" onerror=\"this.classList.add(`img--error`)\" src=\"https:\/\/www.europesays.com\/fr\/wp-content\/uploads\/2025\/12\/db94e35_upload-1-62en162kf47v-000-48uc663.jpg\"  width=\"1280\" height=\"853\" alt=\"ICI, C\u2019EST PARIS\u00a0! Des feux d\u2019artifice sur les Champs-\u00c9lys\u00e9es, le 1er\u00a0juin 2025, saluent le sacre europ\u00e9en des joueurs du Paris Saint-Germain, qui d\u00e9filent en bus pour pr\u00e9senter leur troph\u00e9e \u00e0 leurs supporteurs. La veille, les joueurs de Luis Enrique ont \u00e9cras\u00e9 l\u2019Inter de Milan en finale de la Ligue des champions (5-0), \u00e0 Munich. Un titre apr\u00e8s lequel le club de la capitale courait depuis des ann\u00e9es.\"\/>     <\/a>      ICI, C\u2019EST PARIS\u00a0! Des feux d\u2019artifice sur les Champs-\u00c9lys\u00e9es, le 1er\u00a0juin 2025, saluent le sacre europ\u00e9en des joueurs du Paris Saint-Germain, qui d\u00e9filent en bus pour pr\u00e9senter leur troph\u00e9e \u00e0 leurs supporteurs. La veille, les joueurs de Luis Enrique ont \u00e9cras\u00e9 l\u2019Inter de Milan en finale de la Ligue des champions (5-0), \u00e0 Munich. Un titre apr\u00e8s lequel le club de la capitale courait depuis des ann\u00e9es.   PHOTO THIBAUD MORITZ\/AFP                                    <a href=\"https:\/\/focus.courrierinternational.com\/2025\/12\/15\/0\/0\/6048\/4024\/2560\/0\/60\/0\/87e9e6b_upload-1-rnw0j7ecfczt-000-47bl6fb.jpg\" data-pswp-width=\"2560\" data-pswp-height=\"1703\" target=\"_blank\" rel=\"noopener\">         <img decoding=\"async\" loading=\"lazy\" onerror=\"this.classList.add(`img--error`)\" src=\"https:\/\/www.europesays.com\/fr\/wp-content\/uploads\/2025\/12\/87e9e6b_upload-1-rnw0j7ecfczt-000-47bl6fb.jpg\"  width=\"1280\" height=\"852\" alt=\"FUIR GOMA. \u00c0 la fronti\u00e8re, entre la R\u00e9publique d\u00e9mocratique du Congo et le Rwanda, le 19\u00a0mai 2025. Un bus affr\u00e9t\u00e9 par le Haut-Commissariat des Nations unies pour les r\u00e9fugi\u00e9s rapatrie des civils rwandais qui fuient les combats autour de Goma, o\u00f9 les rebelles du M23, soutenus par Kigali, font r\u00e9gner la terreur. Le 4\u00a0d\u00e9cembre, le pr\u00e9sident congolais, F\u00e9lix Tshisekedi, et son homologue rwandais, Paul Kagame, signent \u00e0 Washington un accord de paix cens\u00e9 faire taire les armes dans l\u2019est de la RDC. Une paix fragile. En deux jours, les 9\u00a0et 10\u00a0d\u00e9cembre, apr\u00e8s la chute d\u2019Uvira, dans le Sud-Kivu cette fois, prise par le M23, au moins 10\u00a0000\u00a0r\u00e9fugi\u00e9s affluent vers le Burundi pour fuir les combats, selon le site burundais \u201cIwacu\u201d. \"\/>     <\/a>      FUIR GOMA. \u00c0 la fronti\u00e8re, entre la R\u00e9publique d\u00e9mocratique du Congo et le Rwanda, le 19\u00a0mai 2025. Un bus affr\u00e9t\u00e9 par le Haut-Commissariat des Nations unies pour les r\u00e9fugi\u00e9s rapatrie des civils rwandais qui fuient les combats autour de Goma, o\u00f9 les rebelles du M23, soutenus par Kigali, font r\u00e9gner la terreur. Le 4\u00a0d\u00e9cembre, le pr\u00e9sident congolais, F\u00e9lix Tshisekedi, et son homologue rwandais, Paul Kagame, signent \u00e0 Washington un accord de paix cens\u00e9 faire taire les armes dans l\u2019est de la RDC. Une paix fragile. En deux jours, les 9\u00a0et 10\u00a0d\u00e9cembre, apr\u00e8s la chute d\u2019Uvira, dans le Sud-Kivu cette fois, prise par le M23, au moins 10\u00a0000\u00a0r\u00e9fugi\u00e9s affluent vers le Burundi pour fuir les combats, selon le site burundais \u201cIwacu\u201d.    PHOTO JOSPIN MWISHA\/AFP                                    <a href=\"https:\/\/focus.courrierinternational.com\/2025\/12\/15\/0\/0\/5824\/3883\/2560\/0\/60\/0\/2a12a29_upload-1-gh2y4rbmvbq9-2025-11-28t101209z-1265395775-rc2bjdairk61-rtrmadp-3-year-end-2025-photos-best.JPG\" data-pswp-width=\"2560\" data-pswp-height=\"1707\" target=\"_blank\" rel=\"noopener\">         <img decoding=\"async\" loading=\"lazy\" onerror=\"this.classList.add(`img--error`)\" src=\"https:\/\/www.europesays.com\/fr\/wp-content\/uploads\/2025\/12\/2a12a29_upload-1-gh2y4rbmvbq9-2025-11-28t101209z-1265395775-rc2bjdairk61-rtrmadp-3-year-end-2025-pho.jpeg\"  width=\"1280\" height=\"853\" alt=\"L\u2019OPPOSITION TURQUE MUSEL\u00c9E. \u00c0 Istanbul, le 23\u00a0mars 2025, la police utilise du gaz poivr\u00e9 contre un manifestant venu protester contre l\u2019emprisonnement abusif du maire de la ville. Principal opposant de Recep Tayyip Erdogan, Ekrem Imamoglu, qui devait \u00eatre candidat \u00e0 la pr\u00e9sidentielle de 2028, est poursuivi pour 142\u00a0infractions. Il encourt une peine de 2\u00a0352\u00a0ans de prison.\"\/>     <\/a>      L\u2019OPPOSITION TURQUE MUSEL\u00c9E. \u00c0 Istanbul, le 23\u00a0mars 2025, la police utilise du gaz poivr\u00e9 contre un manifestant venu protester contre l\u2019emprisonnement abusif du maire de la ville. Principal opposant de Recep Tayyip Erdogan, Ekrem Imamoglu, qui devait \u00eatre candidat \u00e0 la pr\u00e9sidentielle de 2028, est poursuivi pour 142\u00a0infractions. Il encourt une peine de 2\u00a0352\u00a0ans de prison.   PHOTO Umit Bektas\/REUTERS                                    <a href=\"https:\/\/focus.courrierinternational.com\/2025\/12\/15\/0\/0\/4044\/2760\/2560\/0\/60\/0\/2f041ea_upload-1-x7kgios7jzv5-068-aa-13092025-2419353-1.jpg\" data-pswp-width=\"2560\" data-pswp-height=\"1747\" target=\"_blank\" rel=\"noopener\">         <img decoding=\"async\" loading=\"lazy\" onerror=\"this.classList.add(`img--error`)\" src=\"https:\/\/www.europesays.com\/fr\/wp-content\/uploads\/2025\/12\/2f041ea_upload-1-x7kgios7jzv5-068-aa-13092025-2419353-1.jpg\"  width=\"1280\" height=\"874\" alt=\"GAZA, UN CHAMP DE RUINES. Le quartier de Tel Al-Hawa, dans le sud-est de la ville de Gaza, le 13\u00a0septembre 2025, apr\u00e8s un nouveau bombardement isra\u00e9lien. Depuis, les armes se sont tues dans l\u2019enclave palestinienne, mais la tr\u00eave reste fragile en attendant le lancement de la phase 2\u00a0du plan de Trump, qui pr\u00e9voit notamment le d\u00e9sarmement du Hamas et le retrait de Tsahal. \"\/>     <\/a>      GAZA, UN CHAMP DE RUINES. Le quartier de Tel Al-Hawa, dans le sud-est de la ville de Gaza, le 13\u00a0septembre 2025, apr\u00e8s un nouveau bombardement isra\u00e9lien. Depuis, les armes se sont tues dans l\u2019enclave palestinienne, mais la tr\u00eave reste fragile en attendant le lancement de la phase 2\u00a0du plan de Trump, qui pr\u00e9voit notamment le d\u00e9sarmement du Hamas et le retrait de Tsahal.    PHOTO SAEED M. M. T. JARAS\/Anadolu\/AFP                                    <a href=\"https:\/\/focus.courrierinternational.com\/2025\/12\/15\/0\/0\/4818\/3212\/2560\/0\/60\/0\/9ef2b2c_upload-1-8kqmc01inqlv-2025-11-28t101210z-200909721-rc2bdcax2y5e-rtrmadp-3-year-end-2025-photos-best.JPG\" data-pswp-width=\"2560\" data-pswp-height=\"1707\" target=\"_blank\" rel=\"noopener\">         <img decoding=\"async\" loading=\"lazy\" onerror=\"this.classList.add(`img--error`)\" src=\"https:\/\/www.europesays.com\/fr\/wp-content\/uploads\/2025\/12\/9ef2b2c_upload-1-8kqmc01inqlv-2025-11-28t101210z-200909721-rc2bdcax2y5e-rtrmadp-3-year-end-2025-phot.jpeg\"  width=\"1280\" height=\"853\" alt=\"LE TUBE DES ANN\u00c9ES TRUMP. \u00c0 Washington, le 19\u00a0janvier 2025. \u00c9lu en novembre 2024, le milliardaire r\u00e9publicain rejoint le groupe Village People sur sc\u00e8ne pour une danse pour le moins surprenante \u00e0 la veille de son investiture \u00e0 la Maison-Blanche. Depuis, le tr\u00e8s disco \u201cYMCA\u201d, longtemps hymne de la communaut\u00e9 gay (m\u00eame si le groupe s\u2019en d\u00e9fend aujourd\u2019hui), est devenu la bande-son officielle de toutes les sorties de Donald Trump. Et on a pu l\u2019entendre \u00e0 nouveau lors du tirage au sort de la Coupe du monde, au d\u00e9but de d\u00e9cembre, \u00e0 Washington.\"\/>     <\/a>      LE TUBE DES ANN\u00c9ES TRUMP. \u00c0 Washington, le 19\u00a0janvier 2025. \u00c9lu en novembre 2024, le milliardaire r\u00e9publicain rejoint le groupe Village People sur sc\u00e8ne pour une danse pour le moins surprenante \u00e0 la veille de son investiture \u00e0 la Maison-Blanche. Depuis, le tr\u00e8s disco \u201cYMCA\u201d, longtemps hymne de la communaut\u00e9 gay (m\u00eame si le groupe s\u2019en d\u00e9fend aujourd\u2019hui), est devenu la bande-son officielle de toutes les sorties de Donald Trump. Et on a pu l\u2019entendre \u00e0 nouveau lors du tirage au sort de la Coupe du monde, au d\u00e9but de d\u00e9cembre, \u00e0 Washington.   PHOTO Brian Snyder\/REUTERS                                    <a href=\"https:\/\/focus.courrierinternational.com\/2025\/12\/15\/0\/0\/5263\/3468\/2560\/0\/60\/0\/bbcd285_upload-1-xnr1u1ibrf8a-2025-10-23t094714z-536382978-27394093-rtrmadp-3-basketball-nba-dal-sas.JPG\" data-pswp-width=\"2560\" data-pswp-height=\"1687\" target=\"_blank\" rel=\"noopener\">         <img decoding=\"async\" loading=\"lazy\" onerror=\"this.classList.add(`img--error`)\" src=\"https:\/\/www.europesays.com\/fr\/wp-content\/uploads\/2025\/12\/bbcd285_upload-1-xnr1u1ibrf8a-2025-10-23t094714z-536382978-27394093-rtrmadp-3-basketball-nba-dal-sas.jpeg\"  width=\"1280\" height=\"843\" alt=\"WEMBY, TOUJOURS PLUS HAUT. \u00c0 Dallas, le 22\u00a0octobre 2025, la joie de Victor Wembanyama pendant le match face aux Mavericks de Dallas, facilement remport\u00e9 par son \u00e9quipe, les Spurs de San Antonio (125-92). \u00c9cart\u00e9 des terrains pendant de longs mois apr\u00e8s une blessure, le jeune basketteur fran\u00e7ais a effectu\u00e9 un d\u00e9but de saison tonitruant. Avant de se blesser de nouveau. Et de revenir encore plus fort.\"\/>     <\/a>      WEMBY, TOUJOURS PLUS HAUT. \u00c0 Dallas, le 22\u00a0octobre 2025, la joie de Victor Wembanyama pendant le match face aux Mavericks de Dallas, facilement remport\u00e9 par son \u00e9quipe, les Spurs de San Antonio (125-92). \u00c9cart\u00e9 des terrains pendant de longs mois apr\u00e8s une blessure, le jeune basketteur fran\u00e7ais a effectu\u00e9 un d\u00e9but de saison tonitruant. Avant de se blesser de nouveau. Et de revenir encore plus fort.   PHOTO Kevin Jairaj\/IMAGN IMAGES\/Reuters Connect                                    <a href=\"https:\/\/focus.courrierinternational.com\/2025\/12\/15\/0\/0\/3600\/2401\/2560\/0\/60\/0\/b37be9d_upload-1-ig5gkkclh1lq-2025-yearend-news-126.jpg\" data-pswp-width=\"2560\" data-pswp-height=\"1707\" target=\"_blank\" rel=\"noopener\">         <img decoding=\"async\" loading=\"lazy\" onerror=\"this.classList.add(`img--error`)\" src=\"https:\/\/www.europesays.com\/fr\/wp-content\/uploads\/2025\/12\/b37be9d_upload-1-ig5gkkclh1lq-2025-yearend-news-126.jpg\"  width=\"1280\" height=\"854\" alt=\"LA VOIX DE PORTO RICO. Au Coliseo de San Juan, le 9\u00a0ao\u00fbt 2025. Pendant trois mois, Bad Bunny \u00e9lectrise les foules dans son \u00eele natale, o\u00f9 il a choisi de lancer sa tourn\u00e9e mondiale (qui \u00e9vite par ailleurs les \u00c9tats-Unis) par une s\u00e9rie de trente concerts. Du jamais-vu. Un \u00e9v\u00e9nement par ses r\u00e9percussions sur l\u2019\u00e9conomie portoricaine mais aussi par sa dimension politique\u00a0: avec cette r\u00e9sidence musicale \u2013 baptis\u00e9e \u201cNo me quiero ir de aqu\u00ed\u201d (\u201cJe ne veux pas partir d\u2019ici\u201d) \u2013 con\u00e7ue pour c\u00e9l\u00e9brer la culture et l\u2019identit\u00e9 portoricaine, Bad Bunny nourrit le feu ind\u00e9pendantiste, estime la presse \u00e9trang\u00e8re. \"\/>     <\/a>      LA VOIX DE PORTO RICO. Au Coliseo de San Juan, le 9\u00a0ao\u00fbt 2025. Pendant trois mois, Bad Bunny \u00e9lectrise les foules dans son \u00eele natale, o\u00f9 il a choisi de lancer sa tourn\u00e9e mondiale (qui \u00e9vite par ailleurs les \u00c9tats-Unis) par une s\u00e9rie de trente concerts. Du jamais-vu. Un \u00e9v\u00e9nement par ses r\u00e9percussions sur l\u2019\u00e9conomie portoricaine mais aussi par sa dimension politique\u00a0: avec cette r\u00e9sidence musicale \u2013 baptis\u00e9e \u201cNo me quiero ir de aqu\u00ed\u201d (\u201cJe ne veux pas partir d\u2019ici\u201d) \u2013 con\u00e7ue pour c\u00e9l\u00e9brer la culture et l\u2019identit\u00e9 portoricaine, Bad Bunny nourrit le feu ind\u00e9pendantiste, estime la presse \u00e9trang\u00e8re.    PHOTO AMY LOMBARD\/THE NEW YORK TIMES                                    <a href=\"https:\/\/focus.courrierinternational.com\/2025\/11\/28\/0\/0\/5710\/3807\/2560\/0\/60\/0\/8c64489_ftp-import-images-1-spcvqoldu4vb-2025-11-28t101204z-983186438-rc2cycarxzoz-rtrmadp-3-year-end-2025-photos-best.JPG\" data-pswp-width=\"2560\" data-pswp-height=\"1707\" target=\"_blank\" rel=\"noopener\">         <img decoding=\"async\" loading=\"lazy\" onerror=\"this.classList.add(`img--error`)\" src=\"https:\/\/www.europesays.com\/fr\/wp-content\/uploads\/2025\/12\/8c64489_ftp-import-images-1-spcvqoldu4vb-2025-11-28t101204z-983186438-rc2cycarxzoz-rtrmadp-3-year-en.jpeg\"  width=\"1280\" height=\"853\" alt=\"HA\u00cfTI, UN PAYS DISPARA\u00ceT. \u00c0 Port-au-Prince, le 20\u00a0f\u00e9vrier 2025, des femmes courent devant des barricades en feu dans le quartier de Solino tandis que les habitants appellent le gouvernement \u00e0 l\u2019aide. Depuis, la situation n\u2019a fait que s\u2019aggraver dans ce pays, le plus pauvre d\u2019Am\u00e9rique, o\u00f9 les gangs font r\u00e9gner la terreur et qui n\u2019a toujours pas de pr\u00e9sident depuis l\u2019assassinat de Jovenel Mo\u00efse, en juillet 2021. Le 2\u00a0d\u00e9cembre, les autorit\u00e9s de transition ont beau annoncer l\u2019organisation d\u2019\u00e9lections pr\u00e9sidentielle et l\u00e9gislatives en ao\u00fbt 2026, les premi\u00e8res depuis neuf ans, cela ne suffit pas \u00e0 vaincre le pessimisme ambiant, \u00e9crit \u201cLe Nouvelliste\u201d.\"\/>     <\/a>      HA\u00cfTI, UN PAYS DISPARA\u00ceT. \u00c0 Port-au-Prince, le 20\u00a0f\u00e9vrier 2025, des femmes courent devant des barricades en feu dans le quartier de Solino tandis que les habitants appellent le gouvernement \u00e0 l\u2019aide. Depuis, la situation n\u2019a fait que s\u2019aggraver dans ce pays, le plus pauvre d\u2019Am\u00e9rique, o\u00f9 les gangs font r\u00e9gner la terreur et qui n\u2019a toujours pas de pr\u00e9sident depuis l\u2019assassinat de Jovenel Mo\u00efse, en juillet 2021. Le 2\u00a0d\u00e9cembre, les autorit\u00e9s de transition ont beau annoncer l\u2019organisation d\u2019\u00e9lections pr\u00e9sidentielle et l\u00e9gislatives en ao\u00fbt 2026, les premi\u00e8res depuis neuf ans, cela ne suffit pas \u00e0 vaincre le pessimisme ambiant, \u00e9crit \u201cLe Nouvelliste\u201d.   PHOTO Ralph Tedy Erol\/REUTERS                                    <a href=\"https:\/\/focus.courrierinternational.com\/2025\/12\/15\/0\/0\/4284\/2854\/2560\/0\/60\/0\/4723766_upload-1-nzsyoa31glzy-000-77wu2tb.jpg\" data-pswp-width=\"2560\" data-pswp-height=\"1705\" target=\"_blank\" rel=\"noopener\">         <img decoding=\"async\" loading=\"lazy\" onerror=\"this.classList.add(`img--error`)\" src=\"https:\/\/www.europesays.com\/fr\/wp-content\/uploads\/2025\/12\/4723766_upload-1-nzsyoa31glzy-000-77wu2tb.jpg\"  width=\"1280\" height=\"853\" alt=\"JAVIER MILEI, SUPERSTAR. \u00c0 la Movistar Arena de Buenos Aires, le 6\u00a0octobre 2025. \u00c0 l\u2019approche des l\u00e9gislatives, le pr\u00e9sident argentin d\u2019ultradroite donne un concert pour lancer son nouveau livre, \u201cLa Construction du miracle\u201d. Accompagn\u00e9 de certains de ses ministres, il reprend plusieurs tubes du r\u00e9pertoire rock argentin. Un spectacle surr\u00e9aliste alors que la pr\u00e9sidence affronte une grave crise de confiance dans le pays. Le 26\u00a0octobre pourtant, le miracle se produit\u00a0: contre toute attente, son parti remporte largement les \u00e9lections de mi-mandat. \"\/>     <\/a>      JAVIER MILEI, SUPERSTAR. \u00c0 la Movistar Arena de Buenos Aires, le 6\u00a0octobre 2025. \u00c0 l\u2019approche des l\u00e9gislatives, le pr\u00e9sident argentin d\u2019ultradroite donne un concert pour lancer son nouveau livre, \u201cLa Construction du miracle\u201d. Accompagn\u00e9 de certains de ses ministres, il reprend plusieurs tubes du r\u00e9pertoire rock argentin. Un spectacle surr\u00e9aliste alors que la pr\u00e9sidence affronte une grave crise de confiance dans le pays. Le 26\u00a0octobre pourtant, le miracle se produit\u00a0: contre toute attente, son parti remporte largement les \u00e9lections de mi-mandat.    PHOTO LUIS ROBAYO\/AFP                                    <a href=\"https:\/\/focus.courrierinternational.com\/2025\/12\/15\/0\/0\/4500\/3378\/2560\/0\/60\/0\/b04d9f6_upload-1-4mha0e6jcakn-soudan-2025-yearend-news-144.jpg\" data-pswp-width=\"2560\" data-pswp-height=\"1922\" target=\"_blank\" rel=\"noopener\">         <img decoding=\"async\" loading=\"lazy\" onerror=\"this.classList.add(`img--error`)\" src=\"https:\/\/www.europesays.com\/fr\/wp-content\/uploads\/2025\/12\/b04d9f6_upload-1-4mha0e6jcakn-soudan-2025-yearend-news-144.jpg\"  width=\"1280\" height=\"961\" alt=\"DANS L\u2019ENFER DU SOUDAN. \u00c0 Khartoum, le 28\u00a0mars 2025, un soldat soudanais prie devant un v\u00e9hicule blind\u00e9 incendi\u00e9. Cette guerre qui \u00e9chappe aux radars de l\u2019actualit\u00e9 et qui oppose, depuis avril 2023, les paramilitaires des Forces de soutien rapide (FSR) du g\u00e9n\u00e9ral Mohamed Hamdane Daglo, dit \u201cHemeti\u201d, aux forces arm\u00e9es soudanaises (FAS), dirig\u00e9es par le g\u00e9n\u00e9ral Abdel Fattah Al-Burhan, provoque \u201cla pire crise humanitaire et de d\u00e9placement au monde\u201d, selon l\u2019ONU. Pr\u00e8s de 13\u00a0millions de personnes ont \u00e9t\u00e9 d\u00e9plac\u00e9es, les maladies (chol\u00e9ra, dengue, paludisme) se propagent et la famine, confirm\u00e9e dans dix r\u00e9gions, s\u2019\u00e9tend.\"\/>     <\/a>      DANS L\u2019ENFER DU SOUDAN. \u00c0 Khartoum, le 28\u00a0mars 2025, un soldat soudanais prie devant un v\u00e9hicule blind\u00e9 incendi\u00e9. Cette guerre qui \u00e9chappe aux radars de l\u2019actualit\u00e9 et qui oppose, depuis avril 2023, les paramilitaires des Forces de soutien rapide (FSR) du g\u00e9n\u00e9ral Mohamed Hamdane Daglo, dit \u201cHemeti\u201d, aux forces arm\u00e9es soudanaises (FAS), dirig\u00e9es par le g\u00e9n\u00e9ral Abdel Fattah Al-Burhan, provoque \u201cla pire crise humanitaire et de d\u00e9placement au monde\u201d, selon l\u2019ONU. Pr\u00e8s de 13\u00a0millions de personnes ont \u00e9t\u00e9 d\u00e9plac\u00e9es, les maladies (chol\u00e9ra, dengue, paludisme) se propagent et la famine, confirm\u00e9e dans dix r\u00e9gions, s\u2019\u00e9tend.   PHOTO IVOR PRICKETT\/THE NEW YORK TIMES                   <\/p>\n","protected":false},"excerpt":{"rendered":"De l\u2019investiture de Donald Trump, en janvier, au \u201cplan de paix\u201d am\u00e9ricain pour l\u2019Ukraine, de l\u2019espoir fragile \u00e0&hellip;\n","protected":false},"author":2,"featured_media":626213,"comment_status":"","ping_status":"","sticky":false,"template":"","format":"standard","meta":{"footnotes":""},"categories":[5],"tags":[11,1011,27,48820,1892,131,4629,14,12,1756,28],"class_list":{"0":"post-626212","1":"post","2":"type-post","3":"status-publish","4":"format-standard","5":"has-post-thumbnail","7":"category-international","8":"tag-actualites","9":"tag-fr","10":"tag-france","11":"tag-gu00e9nu00e9ration-z","12":"tag-gu00e9opolitique","13":"tag-guerre-en-ukraine","14":"tag-guerre-israu00ebl-hamas","15":"tag-international","16":"tag-news","17":"tag-photographie","18":"tag-world"},"share_on_mastodon":{"url":"https:\/\/pubeurope.com\/@fr\/115794658082056121","error":""},"_links":{"self":[{"href":"https:\/\/www.europesays.com\/fr\/wp-json\/wp\/v2\/posts\/626212","targetHints":{"allow":["GET"]}}],"collection":[{"href":"https:\/\/www.europesays.com\/fr\/wp-json\/wp\/v2\/posts"}],"about":[{"href":"https:\/\/www.europesays.com\/fr\/wp-json\/wp\/v2\/types\/post"}],"author":[{"embeddable":true,"href":"https:\/\/www.europesays.com\/fr\/wp-json\/wp\/v2\/users\/2"}],"replies":[{"embeddable":true,"href":"https:\/\/www.europesays.com\/fr\/wp-json\/wp\/v2\/comments?post=626212"}],"version-history":[{"count":0,"href":"https:\/\/www.europesays.com\/fr\/wp-json\/wp\/v2\/posts\/626212\/revisions"}],"wp:featuredmedia":[{"embeddable":true,"href":"https:\/\/www.europesays.com\/fr\/wp-json\/wp\/v2\/media\/626213"}],"wp:attachment":[{"href":"https:\/\/www.europesays.com\/fr\/wp-json\/wp\/v2\/media?parent=626212"}],"wp:term":[{"taxonomy":"category","embeddable":true,"href":"https:\/\/www.europesays.com\/fr\/wp-json\/wp\/v2\/categories?post=626212"},{"taxonomy":"post_tag","embeddable":true,"href":"https:\/\/www.europesays.com\/fr\/wp-json\/wp\/v2\/tags?post=626212"}],"curies":[{"name":"wp","href":"https:\/\/api.w.org\/{rel}","templated":true}]}}